{"id":428400,"date":"2024-11-02T10:17:22","date_gmt":"2024-11-02T14:17:22","guid":{"rendered":"https:\/\/primermomento.com\/?p=428400"},"modified":"2024-11-11T14:13:42","modified_gmt":"2024-11-11T18:13:42","slug":"crean-fondo-para-compartir-beneficios-de-recursos-geneticos-en-cop16","status":"publish","type":"post","link":"https:\/\/primermomento.com\/?p=428400","title":{"rendered":"Crean fondo para compartir beneficios de recursos gen\u00e9ticos en COP16"},"content":{"rendered":"<p><em><strong>Por <span style=\"color: #ff0000;\">Prensa Latina<\/span><\/strong><\/em><\/p>\n<p>Cali, COLOMBIA.- Tras m\u00e1s de 12 horas de discusiones, los delegados a la Conferencia de Naciones Unidas sobre Biodiversidad (COP16) acordaron hoy aqu\u00ed crear el llamado Fondo de Cali, que establece pagos por el uso de secuencias gen\u00e9ticas digitalizadas.<\/p>\n<div class=\"elementor-element elementor-element-0aea3a0 elementor-widget elementor-widget-theme-post-content\" data-id=\"0aea3a0\" data-element_type=\"widget\" data-widget_type=\"theme-post-content.default\">\n<div class=\"elementor-widget-container\">\n<p>Uno de los m\u00e1s importantes objetivos del mecanismo financiero ser\u00e1 garantizar el acceso de los beneficios obtenidos por la utilizaci\u00f3n de la informaci\u00f3n gen\u00e9tica de la biodiversidad a los pa\u00edses de donde proceden esos datos.<\/p>\n<p>Las naciones participantes en el evento acordaron que industrias como las farmac\u00e9uticas y cosm\u00e9ticas, que son las que m\u00e1s emplean esas las secuencias de ADN para desarrollar productos, deben contribuir econ\u00f3micamente para que los Estados proveedores puedan invertir en proteger y conservar su diversidad biol\u00f3gica.<\/p>\n<p>Seg\u00fan escribi\u00f3 en su cuenta de X la presidenta de la COP16 y ministra de Ambiente de Colombia, Susana Muhamad, se acord\u00f3 en plenaria la conformaci\u00f3n del fondo mundial enfocado en la distribuci\u00f3n justa y equitativa de los beneficios derivados de la informaci\u00f3n de secuencias digitales de recursos gen\u00e9ticos.<\/p>\n<p>Este era uno de los temas de discusi\u00f3n de la Conferencia que debi\u00f3 haber llegado a su fin durante la v\u00edspera pero que a la postre vio extendidas sus sesiones hasta la ma\u00f1ana de hoy.<\/p>\n<p>Las deliberaciones de la COP16 se realizaron en el Centro de Eventos Valle del Pac\u00edfico donde se instal\u00f3 la Zona Azul, a la que acudieron m\u00e1s de 170 delegaciones y una cifra que super\u00f3 las 20 mil personas.<\/p>\n<\/div>\n<\/div>\n<div class=\"elementor-element elementor-element-4f75016 elementor-widget elementor-widget-post-info\" data-id=\"4f75016\" data-element_type=\"widget\" data-widget_type=\"post-info.default\">\n<div class=\"elementor-widget-container\">\n<ul class=\"elementor-inline-items elementor-icon-list-items elementor-post-info\">\n<li class=\"elementor-icon-list-item elementor-repeater-item-17dda3e elementor-inline-item\"><em><span class=\"elementor-icon-list-text elementor-post-info__item elementor-post-info__item--type-custom\">#<a href=\"https:\/\/primermomento.com\/?p=428400\" rel=\"tag\">colombia<\/a>\u00a0#<a href=\"https:\/\/primermomento.com\/?p=428400\" rel=\"tag\">COP16<\/a>\u00a0#<a href=\"https:\/\/primermomento.com\/?p=428400\" rel=\"tag\">fondo de cali<\/a> #<a href=\"https:\/\/www.prensa-latina.cu\/etiqueta\/pagos\/\" rel=\"tag\">pagos<\/a>\u00a0#<a href=\"#pagos #secuencias gen\u00e9ticas\" rel=\"tag\">secuencias gen\u00e9ticas<\/a><\/span><\/em><\/li>\n<\/ul>\n<\/div>\n<\/div>\n","protected":false},"excerpt":{"rendered":"<p>Por Prensa Latina Cali, COLOMBIA.- Tras m\u00e1s de 12 horas de discusiones, los delegados a la Conferencia de Naciones Unidas sobre Biodiversidad (COP16) acordaron hoy aqu\u00ed crear el llamado Fondo de Cali, que establece pagos por el uso de secuencias gen\u00e9ticas digitalizadas. Uno de los m\u00e1s importantes objetivos del mecanismo financiero ser\u00e1 garantizar el acceso [&hellip;]<\/p>\n","protected":false},"author":1,"featured_media":428401,"comment_status":"open","ping_status":"open","sticky":false,"template":"","format":"standard","meta":{"_bbp_topic_count":0,"_bbp_reply_count":0,"_bbp_total_topic_count":0,"_bbp_total_reply_count":0,"_bbp_voice_count":0,"_bbp_anonymous_reply_count":0,"_bbp_topic_count_hidden":0,"_bbp_reply_count_hidden":0,"_bbp_forum_subforum_count":0,"footnotes":""},"categories":[37,109],"tags":[],"class_list":{"0":"post-428400","1":"post","2":"type-post","3":"status-publish","4":"format-standard","5":"has-post-thumbnail","7":"category-ciencia-tecnologia","8":"category-eleccion"},"_links":{"self":[{"href":"https:\/\/primermomento.com\/index.php?rest_route=\/wp\/v2\/posts\/428400","targetHints":{"allow":["GET"]}}],"collection":[{"href":"https:\/\/primermomento.com\/index.php?rest_route=\/wp\/v2\/posts"}],"about":[{"href":"https:\/\/primermomento.com\/index.php?rest_route=\/wp\/v2\/types\/post"}],"author":[{"embeddable":true,"href":"https:\/\/primermomento.com\/index.php?rest_route=\/wp\/v2\/users\/1"}],"replies":[{"embeddable":true,"href":"https:\/\/primermomento.com\/index.php?rest_route=%2Fwp%2Fv2%2Fcomments&post=428400"}],"version-history":[{"count":1,"href":"https:\/\/primermomento.com\/index.php?rest_route=\/wp\/v2\/posts\/428400\/revisions"}],"predecessor-version":[{"id":428402,"href":"https:\/\/primermomento.com\/index.php?rest_route=\/wp\/v2\/posts\/428400\/revisions\/428402"}],"wp:featuredmedia":[{"embeddable":true,"href":"https:\/\/primermomento.com\/index.php?rest_route=\/wp\/v2\/media\/428401"}],"wp:attachment":[{"href":"https:\/\/primermomento.com\/index.php?rest_route=%2Fwp%2Fv2%2Fmedia&parent=428400"}],"wp:term":[{"taxonomy":"category","embeddable":true,"href":"https:\/\/primermomento.com\/index.php?rest_route=%2Fwp%2Fv2%2Fcategories&post=428400"},{"taxonomy":"post_tag","embeddable":true,"href":"https:\/\/primermomento.com\/index.php?rest_route=%2Fwp%2Fv2%2Ftags&post=428400"}],"curies":[{"name":"wp","href":"https:\/\/api.w.org\/{rel}","templated":true}]}}