{"id":429067,"date":"2024-11-11T08:30:13","date_gmt":"2024-11-11T12:30:13","guid":{"rendered":"https:\/\/primermomento.com\/?p=429067"},"modified":"2024-11-11T14:07:35","modified_gmt":"2024-11-11T18:07:35","slug":"comprueba-estudio-funcion-de-los-astrocitos-en-el-cerebro","status":"publish","type":"post","link":"https:\/\/primermomento.com\/?p=429067","title":{"rendered":"Comprueba estudio funci\u00f3n de los astrocitos en el cerebro"},"content":{"rendered":"<p><em><strong>Por <span style=\"color: #ff0000;\">Prensa Latina<\/span><\/strong><\/em><\/p>\n<p>Washington, EEUU.- C\u00e9lulas cerebrales como los astrocitos forman redes que regulan los circuitos de la memoria en estrecha colaboraci\u00f3n con las neuronas, demuestra un estudio publicado hoy en Nature.<\/p>\n<div class=\"elementor-element elementor-element-0aea3a0 elementor-widget elementor-widget-theme-post-content\" data-id=\"0aea3a0\" data-element_type=\"widget\" data-widget_type=\"theme-post-content.default\">\n<div class=\"elementor-widget-container\">\n<p>En la comunidad cient\u00edfica hasta ahora, al hablar de memoria, predominaba la idea de que conjuntos espec\u00edficos de neuronas, denominados engramas, se activaban con el aprendizaje y almacenaban los recuerdos para posteriormente rememorar lo aprendido en cada experiencia relevante.<\/p>\n<p>Ahora con este estudio de la Facultad de Medicina de Baylor, en Houston, Estados Unidos, se cambi\u00f3 lo demostrado sobre la formaci\u00f3n de recuerdos y tal vez sobre el abordaje de patolog\u00edas asociadas a la p\u00e9rdida de memoria, como el alzh\u00e9imer, o el trastorno de estr\u00e9s postraum\u00e1tico, en el que distintos sucesos se evocan repetidamente y son dif\u00edciles de suprimir.<\/p>\n<p>Los autores descubrieron que los procesos de aprendizaje activan subconjuntos de astrocitos en el hipocampo que regulan la recuperaci\u00f3n de memorias, lo que indica que estas c\u00e9lulas cerebrales participan tambi\u00e9n en la manifestaci\u00f3n f\u00edsica y la expresi\u00f3n de los recuerdos.<\/p>\n<p>Para los cient\u00edficos, este estudio describe la existencia de grupos de astrocitos que, al igual que estas, se activan durante el proceso del miedo condicionado a un entorno espec\u00edfico, y c\u00f3mo la activaci\u00f3n de estas poblaciones de astrocitos era capaz de desencadenar la recuperaci\u00f3n de recuerdos, incluso en contextos diferentes.<\/p>\n<p>Resaltan que estos hallazgos ampl\u00edan la noci\u00f3n de que los astrocitos exhiben una plasticidad dependiente de la experiencia, en la que su funci\u00f3n se ajusta a las experiencias sensoriales o sociales.<\/p>\n<p>Los astrocitos est\u00e1n ligados a las neuronas y tienen funciones esenciales en la regulaci\u00f3n de la funci\u00f3n de los circuitos neuronales, incluidos los asociados con el aprendizaje y la memoria, destaca el art\u00edculo.<\/p>\n<p>Adem\u00e1s, exhiben una plasticidad dependiente de la experiencia, en la que sus estados de activaci\u00f3n, respuestas transcripcionales y propiedades funcionales est\u00e1n sintonizados con los est\u00edmulos ambientales y los estados internos, recuerdan los investigadores.<\/p>\n<\/div>\n<\/div>\n<div class=\"elementor-element elementor-element-4f75016 elementor-widget elementor-widget-post-info\" data-id=\"4f75016\" data-element_type=\"widget\" data-widget_type=\"post-info.default\">\n<div class=\"elementor-widget-container\">\n<ul class=\"elementor-inline-items elementor-icon-list-items elementor-post-info\">\n<li class=\"elementor-icon-list-item elementor-repeater-item-17dda3e elementor-inline-item\"><em><span class=\"elementor-icon-list-text elementor-post-info__item elementor-post-info__item--type-custom\">#<a href=\"https:\/\/primermomento.com\/?p=429067\" rel=\"tag\">astrocitos<\/a>\u00a0#<a href=\"https:\/\/primermomento.com\/?p=429067\" rel=\"tag\">ciencias<\/a>\u00a0#<a href=\"https:\/\/primermomento.com\/?p=429067\" rel=\"tag\">neuronas<\/a>\u00a0#<a href=\"https:\/\/primermomento.com\/?p=429067\" rel=\"tag\">salud<\/a><\/span><\/em><\/li>\n<\/ul>\n<\/div>\n<\/div>\n","protected":false},"excerpt":{"rendered":"<p>Por Prensa Latina Washington, EEUU.- C\u00e9lulas cerebrales como los astrocitos forman redes que regulan los circuitos de la memoria en estrecha colaboraci\u00f3n con las neuronas, demuestra un estudio publicado hoy en Nature. En la comunidad cient\u00edfica hasta ahora, al hablar de memoria, predominaba la idea de que conjuntos espec\u00edficos de neuronas, denominados engramas, se activaban [&hellip;]<\/p>\n","protected":false},"author":1,"featured_media":429068,"comment_status":"open","ping_status":"open","sticky":false,"template":"","format":"standard","meta":{"_bbp_topic_count":0,"_bbp_reply_count":0,"_bbp_total_topic_count":0,"_bbp_total_reply_count":0,"_bbp_voice_count":0,"_bbp_anonymous_reply_count":0,"_bbp_topic_count_hidden":0,"_bbp_reply_count_hidden":0,"_bbp_forum_subforum_count":0,"footnotes":""},"categories":[37,109],"tags":[],"class_list":{"0":"post-429067","1":"post","2":"type-post","3":"status-publish","4":"format-standard","5":"has-post-thumbnail","7":"category-ciencia-tecnologia","8":"category-eleccion"},"_links":{"self":[{"href":"https:\/\/primermomento.com\/index.php?rest_route=\/wp\/v2\/posts\/429067","targetHints":{"allow":["GET"]}}],"collection":[{"href":"https:\/\/primermomento.com\/index.php?rest_route=\/wp\/v2\/posts"}],"about":[{"href":"https:\/\/primermomento.com\/index.php?rest_route=\/wp\/v2\/types\/post"}],"author":[{"embeddable":true,"href":"https:\/\/primermomento.com\/index.php?rest_route=\/wp\/v2\/users\/1"}],"replies":[{"embeddable":true,"href":"https:\/\/primermomento.com\/index.php?rest_route=%2Fwp%2Fv2%2Fcomments&post=429067"}],"version-history":[{"count":1,"href":"https:\/\/primermomento.com\/index.php?rest_route=\/wp\/v2\/posts\/429067\/revisions"}],"predecessor-version":[{"id":429069,"href":"https:\/\/primermomento.com\/index.php?rest_route=\/wp\/v2\/posts\/429067\/revisions\/429069"}],"wp:featuredmedia":[{"embeddable":true,"href":"https:\/\/primermomento.com\/index.php?rest_route=\/wp\/v2\/media\/429068"}],"wp:attachment":[{"href":"https:\/\/primermomento.com\/index.php?rest_route=%2Fwp%2Fv2%2Fmedia&parent=429067"}],"wp:term":[{"taxonomy":"category","embeddable":true,"href":"https:\/\/primermomento.com\/index.php?rest_route=%2Fwp%2Fv2%2Fcategories&post=429067"},{"taxonomy":"post_tag","embeddable":true,"href":"https:\/\/primermomento.com\/index.php?rest_route=%2Fwp%2Fv2%2Ftags&post=429067"}],"curies":[{"name":"wp","href":"https:\/\/api.w.org\/{rel}","templated":true}]}}