{"id":431137,"date":"2024-12-11T06:00:47","date_gmt":"2024-12-11T11:00:47","guid":{"rendered":"https:\/\/primermomento.com\/?p=431137"},"modified":"2024-12-18T17:15:46","modified_gmt":"2024-12-18T22:15:46","slug":"crecen-mas-rapido-las-emisiones-de-carbono-generadas-por-el-turismo","status":"publish","type":"post","link":"https:\/\/primermomento.com\/?p=431137","title":{"rendered":"Crecen m\u00e1s r\u00e1pido las emisiones de carbono generadas por el Turismo"},"content":{"rendered":"<p><em><strong>Por <span style=\"color: #ff0000;\">Prensa Latina<\/span><\/strong><\/em><\/p>\n<p>Washington, EEUU.- Un estudio dirigido por la Universidad de Queensland, en Australia, mostr\u00f3 que las emisiones de gases de efecto invernadero del turismo crecieron dos veces m\u00e1s r\u00e1pido que las del resto de la econom\u00eda global.<\/p>\n<div class=\"elementor-element elementor-element-0aea3a0 elementor-widget elementor-widget-theme-post-content\" data-id=\"0aea3a0\" data-element_type=\"widget\" data-widget_type=\"theme-post-content.default\">\n<div class=\"elementor-widget-container\">\n<p>Seg\u00fan la profesora asociada Ya-Yen Sun, de la Escuela de Negocios del centro universitario, la r\u00e1pida expansi\u00f3n de la demanda de viajes ha significado que el carbono de las actividades tur\u00edsticas represente el nueve por ciento de las emisiones totales del mundo.<\/p>\n<p>La experta coment\u00f3 que, de no adoptarse medidas urgentes en la industria tur\u00edstica global, se prev\u00e9n aumentos anuales en las emisiones del tres al cuatro por ciento, lo que significa que se duplicar\u00e1n cada 20 a\u00f1os.<\/p>\n<p>\u00abEsto no cumple con el Acuerdo de Par\u00eds que requiere que el sector reduzca sus emisiones en m\u00e1s del 10 por ciento anual\u201d, dijo en un art\u00edculo publicado en la revista especializada Nature Communications.<\/p>\n<p>Detall\u00f3 que los principales impulsores detr\u00e1s del alza de las emisiones son las lentas mejoras tecnol\u00f3gicas y un r\u00e1pido crecimiento de la demanda.<\/p>\n<p>El estudio dio seguimiento a los viajes internacionales y nacionales de 175 pa\u00edses e involucr\u00f3, adem\u00e1s, a investigadores de las universidades Griffith, la de Sydney y la de Linnaeus (Suecia).<\/p>\n<p>La pesquisa mostr\u00f3 que la huella de carbono global del turismo aument\u00f3 de 3,7 gigatoneladas (Gt) a 5,2 Gt entre 2009 y 2019.<\/p>\n<p>La mayor parte de las emisiones netas se registraron en la aviaci\u00f3n, los servicios p\u00fablicos y el uso de veh\u00edculos privados para viajes.<\/p>\n<p>La tasa de crecimiento de las emisiones del turismo fue del 3,5 por ciento anual durante la d\u00e9cada, mientras que las emisiones globales aumentaron 1,5 por ciento anual, de 50,9 Gt a 59,1 Gt.<\/p>\n<p>Estados Unidos, China e India lideraron la lista y fueron responsables del 60 por ciento del ascenso total de las emisiones del turismo durante el per\u00edodo de estudio.<\/p>\n<p>En opini\u00f3n de Sun, reducir los vuelos de larga distancia es una de las recomendaciones para ayudar a la industria a rebajar sus emisiones, junto con medidas espec\u00edficas como impuestos al di\u00f3xido de carbono, presupuestos de carbono y obligaciones de combustible alternativo.<\/p>\n<p>En tanto, subray\u00f3, a nivel local los operadores tur\u00edsticos podr\u00edan recurrir a la electricidad renovable para el alojamiento, la comida y las actividades recreativas y cambiar a veh\u00edculos el\u00e9ctricos para el transporte.<\/p>\n<\/div>\n<\/div>\n<div class=\"elementor-element elementor-element-4f75016 elementor-widget elementor-widget-post-info\" data-id=\"4f75016\" data-element_type=\"widget\" data-widget_type=\"post-info.default\">\n<div class=\"elementor-widget-container\">\n<ul class=\"elementor-inline-items elementor-icon-list-items elementor-post-info\">\n<li class=\"elementor-icon-list-item elementor-repeater-item-17dda3e elementor-inline-item\"><span class=\"elementor-icon-list-text elementor-post-info__item elementor-post-info__item--type-custom\">#<em><a href=\"https:\/\/primermomento.com\/?p=431137\" rel=\"tag\">turismo<\/a><\/em><\/span><\/li>\n<\/ul>\n<\/div>\n<\/div>\n","protected":false},"excerpt":{"rendered":"<p>Por Prensa Latina Washington, EEUU.- Un estudio dirigido por la Universidad de Queensland, en Australia, mostr\u00f3 que las emisiones de gases de efecto invernadero del turismo crecieron dos veces m\u00e1s r\u00e1pido que las del resto de la econom\u00eda global. Seg\u00fan la profesora asociada Ya-Yen Sun, de la Escuela de Negocios del centro universitario, la r\u00e1pida [&hellip;]<\/p>\n","protected":false},"author":1,"featured_media":431138,"comment_status":"open","ping_status":"open","sticky":false,"template":"","format":"standard","meta":{"_bbp_topic_count":0,"_bbp_reply_count":0,"_bbp_total_topic_count":0,"_bbp_total_reply_count":0,"_bbp_voice_count":0,"_bbp_anonymous_reply_count":0,"_bbp_topic_count_hidden":0,"_bbp_reply_count_hidden":0,"_bbp_forum_subforum_count":0,"footnotes":""},"categories":[37,109],"tags":[],"class_list":{"0":"post-431137","1":"post","2":"type-post","3":"status-publish","4":"format-standard","5":"has-post-thumbnail","7":"category-ciencia-tecnologia","8":"category-eleccion"},"_links":{"self":[{"href":"https:\/\/primermomento.com\/index.php?rest_route=\/wp\/v2\/posts\/431137","targetHints":{"allow":["GET"]}}],"collection":[{"href":"https:\/\/primermomento.com\/index.php?rest_route=\/wp\/v2\/posts"}],"about":[{"href":"https:\/\/primermomento.com\/index.php?rest_route=\/wp\/v2\/types\/post"}],"author":[{"embeddable":true,"href":"https:\/\/primermomento.com\/index.php?rest_route=\/wp\/v2\/users\/1"}],"replies":[{"embeddable":true,"href":"https:\/\/primermomento.com\/index.php?rest_route=%2Fwp%2Fv2%2Fcomments&post=431137"}],"version-history":[{"count":1,"href":"https:\/\/primermomento.com\/index.php?rest_route=\/wp\/v2\/posts\/431137\/revisions"}],"predecessor-version":[{"id":431139,"href":"https:\/\/primermomento.com\/index.php?rest_route=\/wp\/v2\/posts\/431137\/revisions\/431139"}],"wp:featuredmedia":[{"embeddable":true,"href":"https:\/\/primermomento.com\/index.php?rest_route=\/wp\/v2\/media\/431138"}],"wp:attachment":[{"href":"https:\/\/primermomento.com\/index.php?rest_route=%2Fwp%2Fv2%2Fmedia&parent=431137"}],"wp:term":[{"taxonomy":"category","embeddable":true,"href":"https:\/\/primermomento.com\/index.php?rest_route=%2Fwp%2Fv2%2Fcategories&post=431137"},{"taxonomy":"post_tag","embeddable":true,"href":"https:\/\/primermomento.com\/index.php?rest_route=%2Fwp%2Fv2%2Ftags&post=431137"}],"curies":[{"name":"wp","href":"https:\/\/api.w.org\/{rel}","templated":true}]}}