{"id":431173,"date":"2024-12-11T10:00:17","date_gmt":"2024-12-11T15:00:17","guid":{"rendered":"https:\/\/primermomento.com\/?p=431173"},"modified":"2024-12-18T17:12:44","modified_gmt":"2024-12-18T22:12:44","slug":"vinculan-la-contaminacion-del-aire-con-mayor-riesgo-de-depresion","status":"publish","type":"post","link":"https:\/\/primermomento.com\/?p=431173","title":{"rendered":"Vinculan la contaminaci\u00f3n del aire con mayor riesgo de depresi\u00f3n"},"content":{"rendered":"<p><em><strong>Por <span style=\"color: #ff0000;\">Prensa Latina<\/span><\/strong><\/em><\/p>\n<p>Washington, EEUU.- Una investigaci\u00f3n dirigida por las universidades de Harbin (China) y de Cranfield (Reino Unido) revel\u00f3 una fuerte conexi\u00f3n entre la exposici\u00f3n a largo plazo a la contaminaci\u00f3n del aire y un mayor riesgo de depresi\u00f3n.<\/p>\n<div class=\"elementor-element elementor-element-0aea3a0 elementor-widget elementor-widget-theme-post-content\" data-id=\"0aea3a0\" data-element_type=\"widget\" data-widget_type=\"theme-post-content.default\">\n<div class=\"elementor-widget-container\">\n<p>Los especialistas analizaron datos de m\u00e1s de 12 mil participantes en el Estudio Longitudinal de Salud y Jubilaci\u00f3n de China, public\u00f3 la revista especializada Environmental Science and Ecotechnology.<\/p>\n<p>El estudio identific\u00f3 el di\u00f3xido de azufre (SO\u2082) como el contribuyente m\u00e1s importante al riesgo de depresi\u00f3n, en tanto determinaron que las part\u00edculas finas (PM2,5) y el mon\u00f3xido de carbono (CO) tambi\u00e9n est\u00e1n vinculados a los s\u00edntomas depresivos.<\/p>\n<p>Descubri\u00f3 que estos contaminantes tienen un impacto compuesto cuando se combinan, lo que destaca los peligros de la exposici\u00f3n a m\u00faltiples contaminantes.<\/p>\n<p>La pesquisa tambi\u00e9n explor\u00f3 los mecanismos potenciales y hall\u00f3 que los deterioros cognitivos y f\u00edsicos median parcialmente el v\u00ednculo entre la contaminaci\u00f3n y la depresi\u00f3n.<\/p>\n<p>\u201cNuestros hallazgos subrayan la necesidad cr\u00edtica de una gesti\u00f3n integrada de la calidad del aire para mejorar la salud f\u00edsica y mental\u201d, se\u00f1alaron los autores.<\/p>\n<p>La focalizaci\u00f3n del SO\u2082 y de otros contaminantes clave podr\u00eda aliviar significativamente la carga de salud p\u00fablica que supone la depresi\u00f3n, en particular entre las poblaciones vulnerables, como los adultos de mediana edad y mayores, a\u00f1adieron.<\/p>\n<\/div>\n<\/div>\n<div class=\"elementor-element elementor-element-4f75016 elementor-widget elementor-widget-post-info\" data-id=\"4f75016\" data-element_type=\"widget\" data-widget_type=\"post-info.default\">\n<div class=\"elementor-widget-container\">\n<ul class=\"elementor-inline-items elementor-icon-list-items elementor-post-info\">\n<li class=\"elementor-icon-list-item elementor-repeater-item-17dda3e elementor-inline-item\"><em><span class=\"elementor-icon-list-text elementor-post-info__item elementor-post-info__item--type-custom\">#<a href=\"https:\/\/primermomento.com\/?p=431173\" rel=\"tag\">depresi\u00f3n<\/a>\u00a0#<a href=\"https:\/\/primermomento.com\/?p=431173\" rel=\"tag\">salud<\/a><\/span><\/em><\/li>\n<\/ul>\n<\/div>\n<\/div>\n","protected":false},"excerpt":{"rendered":"<p>Por Prensa Latina Washington, EEUU.- Una investigaci\u00f3n dirigida por las universidades de Harbin (China) y de Cranfield (Reino Unido) revel\u00f3 una fuerte conexi\u00f3n entre la exposici\u00f3n a largo plazo a la contaminaci\u00f3n del aire y un mayor riesgo de depresi\u00f3n. Los especialistas analizaron datos de m\u00e1s de 12 mil participantes en el Estudio Longitudinal de [&hellip;]<\/p>\n","protected":false},"author":1,"featured_media":322110,"comment_status":"open","ping_status":"open","sticky":false,"template":"","format":"standard","meta":{"_bbp_topic_count":0,"_bbp_reply_count":0,"_bbp_total_topic_count":0,"_bbp_total_reply_count":0,"_bbp_voice_count":0,"_bbp_anonymous_reply_count":0,"_bbp_topic_count_hidden":0,"_bbp_reply_count_hidden":0,"_bbp_forum_subforum_count":0,"footnotes":""},"categories":[37,109],"tags":[],"class_list":{"0":"post-431173","1":"post","2":"type-post","3":"status-publish","4":"format-standard","5":"has-post-thumbnail","7":"category-ciencia-tecnologia","8":"category-eleccion"},"_links":{"self":[{"href":"https:\/\/primermomento.com\/index.php?rest_route=\/wp\/v2\/posts\/431173","targetHints":{"allow":["GET"]}}],"collection":[{"href":"https:\/\/primermomento.com\/index.php?rest_route=\/wp\/v2\/posts"}],"about":[{"href":"https:\/\/primermomento.com\/index.php?rest_route=\/wp\/v2\/types\/post"}],"author":[{"embeddable":true,"href":"https:\/\/primermomento.com\/index.php?rest_route=\/wp\/v2\/users\/1"}],"replies":[{"embeddable":true,"href":"https:\/\/primermomento.com\/index.php?rest_route=%2Fwp%2Fv2%2Fcomments&post=431173"}],"version-history":[{"count":1,"href":"https:\/\/primermomento.com\/index.php?rest_route=\/wp\/v2\/posts\/431173\/revisions"}],"predecessor-version":[{"id":431174,"href":"https:\/\/primermomento.com\/index.php?rest_route=\/wp\/v2\/posts\/431173\/revisions\/431174"}],"wp:featuredmedia":[{"embeddable":true,"href":"https:\/\/primermomento.com\/index.php?rest_route=\/wp\/v2\/media\/322110"}],"wp:attachment":[{"href":"https:\/\/primermomento.com\/index.php?rest_route=%2Fwp%2Fv2%2Fmedia&parent=431173"}],"wp:term":[{"taxonomy":"category","embeddable":true,"href":"https:\/\/primermomento.com\/index.php?rest_route=%2Fwp%2Fv2%2Fcategories&post=431173"},{"taxonomy":"post_tag","embeddable":true,"href":"https:\/\/primermomento.com\/index.php?rest_route=%2Fwp%2Fv2%2Ftags&post=431173"}],"curies":[{"name":"wp","href":"https:\/\/api.w.org\/{rel}","templated":true}]}}