{"id":434938,"date":"2025-02-06T12:19:00","date_gmt":"2025-02-06T17:19:00","guid":{"rendered":"https:\/\/primermomento.com\/?p=434938"},"modified":"2025-02-06T17:15:04","modified_gmt":"2025-02-06T22:15:04","slug":"presidente-dominicano-recibe-a-secretario-de-estado-de-estados-unidos","status":"publish","type":"post","link":"https:\/\/primermomento.com\/?p=434938","title":{"rendered":"Presidente dominicano recibe a Secretario de Estado de Estados Unidos"},"content":{"rendered":"<p><em><strong>Por <span style=\"color: #ff0000;\">Prensa Latina<\/span><\/strong><\/em><\/p>\n<p>SANTO DOMINGO, Rep\u00fablica Dominicana.- El presidente de Rep\u00fablica Dominicana, Luis Abinader, recibi\u00f3 hoy en su despacho del Palacio Nacional, sede del Gobierno, al secretario de Estado de los Estados Unidos, Marco Rubio, informaron fuentes oficiales.<\/p>\n<div class=\"elementor-element elementor-element-0aea3a0 elementor-widget elementor-widget-theme-post-content\" data-id=\"0aea3a0\" data-element_type=\"widget\" data-widget_type=\"theme-post-content.default\">\n<div class=\"elementor-widget-container\">\n<p>Rubio lleg\u00f3 al Palacio Nacional acompa\u00f1ado del ministro dominicano de Relaciones Exteriores, Roberto \u00c1lvarez, y fue recibido por el titular de la Presidencia, Jos\u00e9 Ignacio Paliza, y el director de Ceremonial de Estado y Protocolo, embajador Francisco Jos\u00e9 Cantizano.<\/p>\n<p>En estos momentos tiene lugar una reuni\u00f3n en privado entre el dignatario dominicano y el jefe de la diplomacia estadounidense.<\/p>\n<p>Con posterioridad pasar\u00e1n, junto con sus respectivas delegaciones, a un almuerzo de trabajo, en el Sal\u00f3n Verde, y luego ofrecer\u00e1n declaraciones a los medios de comunicaci\u00f3n, en el Sal\u00f3n de Embajadores, seg\u00fan la agenda de su visita.<\/p>\n<p>La delegaci\u00f3n oficial por la Rep\u00fablica Dominicana la conforman la vicepresidenta Raquel Pe\u00f1a; los ministros, de la Presidencia, Jos\u00e9 Ignacio Paliza; de Relaciones Exteriores, Roberto \u00c1lvarez; de Defensa, teniente general Carlos Antonio Fern\u00e1ndez Onofre, y de Industria, Comercio y Mipymes, V\u00edctor Bison\u00f3.<\/p>\n<p>Tambi\u00e9n, el titular de Energ\u00eda y Minas, Joel Santos; el viceministro de Pol\u00edtica Exterior Multilateral, Rub\u00e9n Sili\u00e9 Valdez, y el director de An\u00e1lisis Estrat\u00e9gicos de la Canciller\u00eda, Anselmo Mu\u00f1iz.<\/p>\n<p>Asimismo, integran la comitiva, el comandante general del Ej\u00e9rcito Nacional, mayor general Jorge Iv\u00e1n Camino P\u00e9rez; el presidente de la Direcci\u00f3n Nacional de Control de Drogas (DNCD), vicealmirante Jos\u00e9 Manuel Cabrera, y la directora general de Persecuci\u00f3n del Ministerio P\u00fablico, Yeni Berenice Reynoso. Mientras, la delegaci\u00f3n visitante la integran la encargada de Negocios de Embajada de los Estados Unidos, Patricia Aguilera; el consejero Michael Needham; el alto funcionario de la Oficina de Asuntos del hemisferio occidental, Michael Kozak.<\/p>\n<p>Adem\u00e1s, el director de Planificaci\u00f3n de Pol\u00edticas, Michael Anton; la vocera del Departamento de Estado, Tammy Bruce; la asesora principal para Asuntos del hemisferio occidental, Viviana Bovo, y el anotador Ali Nadir.<\/p>\n<p>Marco Rubi\u00f3 lleg\u00f3 a esta capital anoche por el Aeropuerto Internacional de Las Am\u00e9ricas, donde fue recibido por el canciller Roberto \u00c1lvarez.<\/p>\n<p>Rep\u00fablica Dominicana es la \u00faltima parada de su primera gira internacional desde que asumi\u00f3 el cargo hace dos semanas. Con anterioridad visit\u00f3 Panam\u00e1, Costa Rica, Guatemala y Honduras.<\/p>\n<p>Organizaciones pol\u00edticas de izquierda y sociales dominicanas califican su presencia aqu\u00ed como un acto de injerencia en los asuntos internos de este pa\u00eds y lo consideran persona no grata.<\/p>\n<p>Manifiestan que Rubio busca imponer al Gobierno de Luis Abinader la agenda colonialista de Washington.<\/p>\n<\/div>\n<\/div>\n<div class=\"elementor-element elementor-element-4f75016 elementor-widget elementor-widget-post-info\" data-id=\"4f75016\" data-element_type=\"widget\" data-widget_type=\"post-info.default\">\n<div class=\"elementor-widget-container\">\n<ul class=\"elementor-inline-items elementor-icon-list-items elementor-post-info\">\n<li class=\"elementor-icon-list-item elementor-repeater-item-17dda3e elementor-inline-item\"><span class=\"elementor-icon-list-text elementor-post-info__item elementor-post-info__item--type-custom\">#<em><a href=\"https:\/\/primermomento.com\/?p=434938\" rel=\"tag\">secretario de estado de EEUU<\/a><\/em><\/span><\/li>\n<\/ul>\n<\/div>\n<\/div>\n","protected":false},"excerpt":{"rendered":"<p>Por Prensa Latina SANTO DOMINGO, Rep\u00fablica Dominicana.- El presidente de Rep\u00fablica Dominicana, Luis Abinader, recibi\u00f3 hoy en su despacho del Palacio Nacional, sede del Gobierno, al secretario de Estado de los Estados Unidos, Marco Rubio, informaron fuentes oficiales. Rubio lleg\u00f3 al Palacio Nacional acompa\u00f1ado del ministro dominicano de Relaciones Exteriores, Roberto \u00c1lvarez, y fue recibido [&hellip;]<\/p>\n","protected":false},"author":1,"featured_media":434939,"comment_status":"open","ping_status":"open","sticky":false,"template":"","format":"standard","meta":{"_bbp_topic_count":0,"_bbp_reply_count":0,"_bbp_total_topic_count":0,"_bbp_total_reply_count":0,"_bbp_voice_count":0,"_bbp_anonymous_reply_count":0,"_bbp_topic_count_hidden":0,"_bbp_reply_count_hidden":0,"_bbp_forum_subforum_count":0,"footnotes":""},"categories":[61],"tags":[],"class_list":{"0":"post-434938","1":"post","2":"type-post","3":"status-publish","4":"format-standard","5":"has-post-thumbnail","7":"category-mundo"},"_links":{"self":[{"href":"https:\/\/primermomento.com\/index.php?rest_route=\/wp\/v2\/posts\/434938","targetHints":{"allow":["GET"]}}],"collection":[{"href":"https:\/\/primermomento.com\/index.php?rest_route=\/wp\/v2\/posts"}],"about":[{"href":"https:\/\/primermomento.com\/index.php?rest_route=\/wp\/v2\/types\/post"}],"author":[{"embeddable":true,"href":"https:\/\/primermomento.com\/index.php?rest_route=\/wp\/v2\/users\/1"}],"replies":[{"embeddable":true,"href":"https:\/\/primermomento.com\/index.php?rest_route=%2Fwp%2Fv2%2Fcomments&post=434938"}],"version-history":[{"count":1,"href":"https:\/\/primermomento.com\/index.php?rest_route=\/wp\/v2\/posts\/434938\/revisions"}],"predecessor-version":[{"id":434940,"href":"https:\/\/primermomento.com\/index.php?rest_route=\/wp\/v2\/posts\/434938\/revisions\/434940"}],"wp:featuredmedia":[{"embeddable":true,"href":"https:\/\/primermomento.com\/index.php?rest_route=\/wp\/v2\/media\/434939"}],"wp:attachment":[{"href":"https:\/\/primermomento.com\/index.php?rest_route=%2Fwp%2Fv2%2Fmedia&parent=434938"}],"wp:term":[{"taxonomy":"category","embeddable":true,"href":"https:\/\/primermomento.com\/index.php?rest_route=%2Fwp%2Fv2%2Fcategories&post=434938"},{"taxonomy":"post_tag","embeddable":true,"href":"https:\/\/primermomento.com\/index.php?rest_route=%2Fwp%2Fv2%2Ftags&post=434938"}],"curies":[{"name":"wp","href":"https:\/\/api.w.org\/{rel}","templated":true}]}}