{"id":434948,"date":"2025-02-06T14:01:34","date_gmt":"2025-02-06T19:01:34","guid":{"rendered":"https:\/\/primermomento.com\/?p=434948"},"modified":"2025-02-07T09:09:24","modified_gmt":"2025-02-07T14:09:24","slug":"juez-federal-bloquea-despido-de-trabajadores-federales-ordenados-por-trump","status":"publish","type":"post","link":"https:\/\/primermomento.com\/?p=434948","title":{"rendered":"Juez federal de EEUU frena orden de Trump de despido a empleados federales"},"content":{"rendered":"<p><em><strong>Por <span style=\"color: #ff0000;\">Prensa Latina<\/span><\/strong><\/em><\/p>\n<p>Bsoton, EEUU.- Un juez de Estados Unidos bloque\u00f3 hoy temporalmente la fecha l\u00edmite de la Oficina de Administraci\u00f3n de Personal (OPM) para que empleados federales aceptaran una oferta de \u00abrenuncia diferida\u00bb solicitada por la administraci\u00f3n de Donald Trump.<\/p>\n<p>El juez de distrito George O\u2019Toole fren\u00f3 la implementaci\u00f3n de la medida a partir de la fecha l\u00edmite (23:59, hora local ET, de este jueves), durante una breve audiencia previa al ultim\u00e1tum que ha creado gran incertidumbre y revuelo.<\/p>\n<div class=\"elementor-element elementor-element-0aea3a0 elementor-widget elementor-widget-theme-post-content\" data-id=\"0aea3a0\" data-element_type=\"widget\" data-widget_type=\"theme-post-content.default\">\n<div class=\"elementor-widget-container\">\n<p>Un abogado del Departamento de Justicia dijo que la OPM notificar\u00eda a los empleados federales que la fecha l\u00edmite est\u00e1 suspendida a la espera de m\u00e1s procedimientos legales.<\/p>\n<p>La OPM envi\u00f3 un correo el pasado 28 de enero con el asunto \u00abEncrucijada\u00bb que ofrec\u00eda a los m\u00e1s de dos millones de empleados federales una \u00abrenuncia diferida\u00bb.<\/p>\n<p>Seg\u00fan el programa, podr\u00edan renunciar a sus puestos y conservar el salario y los beneficios completos hasta el 30 de septiembre y para quienes optaron por mantener sus plazas, el mensaje de la Oficina advirti\u00f3 que la administraci\u00f3n Trump no pod\u00eda dar \u00abplena garant\u00eda\u201d de su empleo o agencia.<\/p>\n<p>Tambi\u00e9n se\u00f1al\u00f3 que \u00abes probable que la mayor\u00eda de las agencias federales se reduzcan mediante reestructuraciones, realineamientos y reducciones de personal\u00bb como parte de los esfuerzos del presidente para reformar la fuerza laboral federal.<\/p>\n<p>Aproximadamente 40 mil trabajadores federales, o alrededor del dos por ciento de la fuerza laboral del gobierno, aceptaron el acuerdo, pero la Casa Blanca esperaba aumentarlo a medida que se aceraba el momento l\u00edmite.<\/p>\n<p>Cuatro sindicatos que representan a m\u00e1s de 800 mil empleados federales demandaron a la agencia y a su director interino, Charles Ezell, argumentando que la denominada Directiva Fork, como la llaman los sindicatos, viola la ley federal, rese\u00f1\u00f3 CBS News.<\/p>\n<p>\u00abSi estos empleados se van o son obligados a irse en masa, el pa\u00eds sufrir\u00e1 un peligroso doble golpe\u00bb, dijeron los sindicatos en su denuncia presentada el martes.<\/p>\n<p>El asunto del correo electr\u00f3nico de la OPM es el mismo que el de uno enviado en 2022 por Elon Musk al personal de la entonces red social Twitter, plataforma que compr\u00f3 ese a\u00f1o y rebautiz\u00f3 como X.<\/p>\n<p>Musk est\u00e1 al frente del Departamento de Eficiencia Gubernamental de la Casa Blanca, creado por Trump, y su objetivo desenfrenado es recortar gastos y reestructurar las agencias federales.<\/p>\n<p>Muchas de las cr\u00edticas de los sindicatos de empleados alegan que la administraci\u00f3n Trump pretende vaciar el servicio civil y reemplazar a los trabajadores de carrera con leales pol\u00edticos.<\/p>\n<p>\u201cNo se equivoquen al respecto\u201d, alert\u00f3 el presidente nacional de la Federaci\u00f3n Estadounidense de Empleados del Gobierno, Everett Kelley, en una declaraci\u00f3n presentada la v\u00edspera para el registro de la audiencia de la Comisi\u00f3n de Supervisi\u00f3n y Rendici\u00f3n de Cuentas de la C\u00e1mara de Representantes.<\/p>\n<\/div>\n<\/div>\n<div class=\"elementor-element elementor-element-4f75016 elementor-widget elementor-widget-post-info\" data-id=\"4f75016\" data-element_type=\"widget\" data-widget_type=\"post-info.default\">\n<div class=\"elementor-widget-container\">\n<ul class=\"elementor-inline-items elementor-icon-list-items elementor-post-info\">\n<li class=\"elementor-icon-list-item elementor-repeater-item-17dda3e elementor-inline-item\"><span class=\"elementor-icon-list-text elementor-post-info__item elementor-post-info__item--type-custom\">#<em><a href=\"https:\/\/primermomento.com\/?p=434948\" rel=\"tag\">empleados federales<\/a><\/em><\/span><\/li>\n<\/ul>\n<\/div>\n<\/div>\n","protected":false},"excerpt":{"rendered":"<p>Por Prensa Latina Bsoton, EEUU.- Un juez de Estados Unidos bloque\u00f3 hoy temporalmente la fecha l\u00edmite de la Oficina de Administraci\u00f3n de Personal (OPM) para que empleados federales aceptaran una oferta de \u00abrenuncia diferida\u00bb solicitada por la administraci\u00f3n de Donald Trump. El juez de distrito George O\u2019Toole fren\u00f3 la implementaci\u00f3n de la medida a partir [&hellip;]<\/p>\n","protected":false},"author":1,"featured_media":434949,"comment_status":"open","ping_status":"open","sticky":false,"template":"","format":"standard","meta":{"_bbp_topic_count":0,"_bbp_reply_count":0,"_bbp_total_topic_count":0,"_bbp_total_reply_count":0,"_bbp_voice_count":0,"_bbp_anonymous_reply_count":0,"_bbp_topic_count_hidden":0,"_bbp_reply_count_hidden":0,"_bbp_forum_subforum_count":0,"footnotes":""},"categories":[61],"tags":[],"class_list":{"0":"post-434948","1":"post","2":"type-post","3":"status-publish","4":"format-standard","5":"has-post-thumbnail","7":"category-mundo"},"_links":{"self":[{"href":"https:\/\/primermomento.com\/index.php?rest_route=\/wp\/v2\/posts\/434948","targetHints":{"allow":["GET"]}}],"collection":[{"href":"https:\/\/primermomento.com\/index.php?rest_route=\/wp\/v2\/posts"}],"about":[{"href":"https:\/\/primermomento.com\/index.php?rest_route=\/wp\/v2\/types\/post"}],"author":[{"embeddable":true,"href":"https:\/\/primermomento.com\/index.php?rest_route=\/wp\/v2\/users\/1"}],"replies":[{"embeddable":true,"href":"https:\/\/primermomento.com\/index.php?rest_route=%2Fwp%2Fv2%2Fcomments&post=434948"}],"version-history":[{"count":8,"href":"https:\/\/primermomento.com\/index.php?rest_route=\/wp\/v2\/posts\/434948\/revisions"}],"predecessor-version":[{"id":434969,"href":"https:\/\/primermomento.com\/index.php?rest_route=\/wp\/v2\/posts\/434948\/revisions\/434969"}],"wp:featuredmedia":[{"embeddable":true,"href":"https:\/\/primermomento.com\/index.php?rest_route=\/wp\/v2\/media\/434949"}],"wp:attachment":[{"href":"https:\/\/primermomento.com\/index.php?rest_route=%2Fwp%2Fv2%2Fmedia&parent=434948"}],"wp:term":[{"taxonomy":"category","embeddable":true,"href":"https:\/\/primermomento.com\/index.php?rest_route=%2Fwp%2Fv2%2Fcategories&post=434948"},{"taxonomy":"post_tag","embeddable":true,"href":"https:\/\/primermomento.com\/index.php?rest_route=%2Fwp%2Fv2%2Ftags&post=434948"}],"curies":[{"name":"wp","href":"https:\/\/api.w.org\/{rel}","templated":true}]}}