{"id":435227,"date":"2025-02-11T11:39:21","date_gmt":"2025-02-11T16:39:21","guid":{"rendered":"https:\/\/primermomento.com\/?p=435227"},"modified":"2025-02-19T08:38:29","modified_gmt":"2025-02-19T13:38:29","slug":"bani-afirman-provincia-peravia-esta-doblemente-afectada-por-apagones-y-por-la-contaminacion-de-punta-catalina","status":"publish","type":"post","link":"https:\/\/primermomento.com\/?p=435227","title":{"rendered":"BAN\u00cd | Afirman provincia Peravia est\u00e1 doblemente afectada por apagones y por la contaminaci\u00f3n de Punta Catalina"},"content":{"rendered":"<p><strong><em>Por<span style=\"color: #ff0000;\"> Servicios de Primermomento.com<\/span><\/em><\/strong><\/p>\n<p style=\"font-weight: 400;\">SANTO DOMINGO, Rep\u00fablica Dominicana.- En rueda de prensa celebrada en la ma\u00f1ana de hoy, los integrantes del Comit\u00e9 Pro-Constituci\u00f3n de Mesa de Di\u00e1logo y Concertaci\u00f3n entre la Central Termoel\u00e9ctrica Punta Catalina y la provincia Peravia, afirmaron que esta provincia est\u00e1 doblemente afectada por largos apagones y por la contaminaci\u00f3n de las plantas de carb\u00f3n.<\/p>\n<p style=\"font-weight: 400;\">Informaron que por esta raz\u00f3n el organismo que re\u00fane a los afectados por los impactos negativos de Punta Catalina, a la Coalici\u00f3n Por la Defensa de la Salud y el Medio Ambiente de la provincia Peravia, al Comit\u00e9 de Lucha Contra el Cambio Clim\u00e1tico, CNLCC, y al Instituto de Abogados para la Protecci\u00f3n del Medio Ambiente, INSAPROMA, ha concertado con los diferentes sectores productivos, sociales, comunitarios y religiosos de la provincia una alianza bajo un pliego de demandas comunes.<\/p>\n<figure id=\"attachment_435231\" aria-describedby=\"caption-attachment-435231\" style=\"width: 300px\" class=\"wp-caption alignleft\"><img loading=\"lazy\" decoding=\"async\" class=\"size-medium wp-image-435231\" src=\"https:\/\/primermomento.com\/wp-content\/uploads\/2025\/02\/Virtudes-Martinez-y-PC-300x200.jpg\" alt=\"\" width=\"300\" height=\"200\" srcset=\"https:\/\/primermomento.com\/wp-content\/uploads\/2025\/02\/Virtudes-Martinez-y-PC-300x200.jpg 300w, https:\/\/primermomento.com\/wp-content\/uploads\/2025\/02\/Virtudes-Martinez-y-PC-768x511.jpg 768w, https:\/\/primermomento.com\/wp-content\/uploads\/2025\/02\/Virtudes-Martinez-y-PC-696x463.jpg 696w, https:\/\/primermomento.com\/wp-content\/uploads\/2025\/02\/Virtudes-Martinez-y-PC.jpg 802w\" sizes=\"auto, (max-width: 300px) 100vw, 300px\" \/><figcaption id=\"caption-attachment-435231\" class=\"wp-caption-text\">La profesora Dominica Virtudes Mart\u00ednez, presidenta de la Coalici\u00f3n por la Defensa de la Salud y el Medio Ambiente de la provincia Peravia interviene en la rueda de prensa celebrada en el d\u00eda de hoy.<\/figcaption><\/figure>\n<p style=\"font-weight: 400;\">Se\u00f1alaron que esta amplia alianza se propone en lo inmediato el fin de las tandas de apagones y sentar alrededor de una mesa a Punta Catalina y al Gobierno para discutir la reducci\u00f3n de la contaminaci\u00f3n de esta central, la reparaci\u00f3n de los da\u00f1os causados por \u00e9sta y la indemnizaci\u00f3n de las v\u00edctimas, as\u00ed como un plan de desarrollo de esta provincia.<\/p>\n<p style=\"font-weight: 400;\">Advirtieron que este pliego de demandas ser\u00e1 apoyado por un plan de acci\u00f3n que comprende protestas y movilizaciones, as\u00ed como un programa de paralizaciones de actividades de la provincia Peravia.<\/p>\n<figure id=\"attachment_435233\" aria-describedby=\"caption-attachment-435233\" style=\"width: 300px\" class=\"wp-caption alignright\"><img loading=\"lazy\" decoding=\"async\" class=\"size-medium wp-image-435233\" src=\"https:\/\/primermomento.com\/wp-content\/uploads\/2025\/02\/Ingrid-Paulino-y-PC-300x200.jpg\" alt=\"\" width=\"300\" height=\"200\" srcset=\"https:\/\/primermomento.com\/wp-content\/uploads\/2025\/02\/Ingrid-Paulino-y-PC-300x200.jpg 300w, https:\/\/primermomento.com\/wp-content\/uploads\/2025\/02\/Ingrid-Paulino-y-PC-768x511.jpg 768w, https:\/\/primermomento.com\/wp-content\/uploads\/2025\/02\/Ingrid-Paulino-y-PC-696x463.jpg 696w, https:\/\/primermomento.com\/wp-content\/uploads\/2025\/02\/Ingrid-Paulino-y-PC.jpg 802w\" sizes=\"auto, (max-width: 300px) 100vw, 300px\" \/><figcaption id=\"caption-attachment-435233\" class=\"wp-caption-text\">Ingrid Paulino representante de Nizao se queja de que la provincia Peravia sufre la gran contaminaci\u00f3n de Punta Catalina y adem\u00e1s largos apagones hasta de 16 horas.<\/figcaption><\/figure>\n<p style=\"font-weight: 400;\">Anunciaron que recientemente invitaron al viceministro de asuntos sociales del Ministerio de la Presidencia, Alexis Jim\u00e9nez a que visite a la provincia Peravia para que constate por s\u00ed mismo los graves da\u00f1os que Punta Catalina est\u00e1 causando en el medio ambiente, en los sistemas productivos y en la salud de la poblaci\u00f3n, y compruebe las grandes p\u00e9rdidas econ\u00f3micas que est\u00e1n causando los interminables apagones \u00a0que sufre la provincia.<\/p>\n<p style=\"font-weight: 400;\">Explicaron que esta invitaci\u00f3n la extendieron al viceministro Jim\u00e9nez el pasado 23 de enero, en una reuni\u00f3n auspiciada por la Canciller\u00eda que se efectu\u00f3 en uno de sus salones, para tratar sobre el montaje de la Mesa de Di\u00e1logo y Concertaci\u00f3n entre Punta Catalina y la provincia Peravia, que es un acuerdo asumido entre el Estado dominicano y las Naciones Unidas.<\/p>\n<figure id=\"attachment_435235\" aria-describedby=\"caption-attachment-435235\" style=\"width: 300px\" class=\"wp-caption alignleft\"><img loading=\"lazy\" decoding=\"async\" class=\"size-medium wp-image-435235\" src=\"https:\/\/primermomento.com\/wp-content\/uploads\/2025\/02\/Raul-Valdez-y-PC-300x200.jpg\" alt=\"\" width=\"300\" height=\"200\" srcset=\"https:\/\/primermomento.com\/wp-content\/uploads\/2025\/02\/Raul-Valdez-y-PC-300x200.jpg 300w, https:\/\/primermomento.com\/wp-content\/uploads\/2025\/02\/Raul-Valdez-y-PC-768x511.jpg 768w, https:\/\/primermomento.com\/wp-content\/uploads\/2025\/02\/Raul-Valdez-y-PC-696x463.jpg 696w, https:\/\/primermomento.com\/wp-content\/uploads\/2025\/02\/Raul-Valdez-y-PC.jpg 802w\" sizes=\"auto, (max-width: 300px) 100vw, 300px\" \/><figcaption id=\"caption-attachment-435235\" class=\"wp-caption-text\">Ra\u00fal Valdez, presidente de la Cooperativa de Pescadores de Nizao y Paya.<\/figcaption><\/figure>\n<p style=\"font-weight: 400;\">Comunicaron que esta reuni\u00f3n estuvo presidida por el vicecanciller Rub\u00e9n Sili\u00e9 Valdez, con la participaci\u00f3n de la directora del Departamento de Derechos Humanos de la Canciller\u00eda, Neyra Paulino, del viceministro de la Presidencia, Alexis Jim\u00e9nez, de Marisol Castillo del Ministerio de Medio Ambiente y Recursos Naturales, y de otros funcionarios.<\/p>\n<p style=\"font-weight: 400;\">Manifestaron que la provincia Peravia ha sido convertida por Punta Catalina en una zona de sacrificio, la cual padece la contaminaci\u00f3n que se produce por la generaci\u00f3n de electricidad en base a carb\u00f3n mineral, y ahora adem\u00e1s sufre largos apagones a pesar de que en su territorio se produce alrededor de un tercio de toda la electricidad del pa\u00eds.<\/p>\n<p style=\"font-weight: 400;\">Indicaron que el pliego de demanda es encabezado por la exigencia de 24 horas de suministro de electricidad durante los siete d\u00edas de la semana, as\u00ed como agua potable para la ciudad de Ban\u00ed.<\/p>\n<p style=\"font-weight: 400;\">Tambi\u00e9n demandan que las emisiones a\u00e9reas de gases \u00e1cidos y de micropart\u00edculas de Punta Catalina sean ajustadas a las normas de las Organizaci\u00f3n Mundial de la Salud, OMS, y que sean sacadas del pa\u00eds las monta\u00f1as de cenizas t\u00f3xicas de carb\u00f3n depositadas en el batey San Jos\u00e9, en el distrito municipal de Catalina.<\/p>\n<p style=\"font-weight: 400;\">Otra demanda es la indemnizaci\u00f3n justa por los da\u00f1os causados por Punta Catalina a los agricultores cuyos cultivos han disminuido su productividad en m\u00e1s de la mitad, a los pescadores que han perdido pesca o tienen que ir m\u00e1s lejos para faenar, y a los residentes de Sabana Uvero de Paya que han perdido terrenos e infraestructuras por la inundaci\u00f3n del mar y que tambi\u00e9n han perdido ingresos por la desaparici\u00f3n del turismo en esa zona.<\/p>\n<p style=\"font-weight: 400;\">Expusieron que a causa de la construcci\u00f3n del largo espig\u00f3n del puerto carbonero de Punta Catalina, se han desviado las corrientes marinas en el lado oeste de este puerto, provocando que el mar inunde el litoral de Sabana Uvero de Paya, haciendo desaparecer la playa que all\u00ed exist\u00eda.<\/p>\n<p style=\"font-weight: 400;\">\u201cEs una necesidad urgente que se construya un nuevo hospital en Nizao especializado en enfermedades asociadas a la quema masiva de carb\u00f3n como son las enfermedades de la piel, las cardiovasculares, las que afectan las v\u00edas respiratorias y los ri\u00f1ones, as\u00ed como el c\u00e1ncer en diferentes \u00f3rganos\u201d, dijeron.<\/p>\n<p style=\"font-weight: 400;\">Sostuvieron que en Nizao recientemente han ocurrido muchas muertes por infartos en personas j\u00f3venes, por lo que reclaman que Salud P\u00fablica abra una investigaci\u00f3n con acompa\u00f1amiento de agencias internacionales especializadas, a fin de descartar como causa de estos decesos a Punta Catalina.<\/p>\n<p style=\"font-weight: 400;\">Los miembros del Comit\u00e9 Pro-Constituci\u00f3n de Mesa de Di\u00e1logo y Concertaci\u00f3n estiman que Punta Catalina dentro de su responsabilidad social corporativa debe crear un plan rotatorio de empleos temporales y establecer un fondo que financie peque\u00f1as y medianas empresas dirigido a los j\u00f3venes de la provincia.<\/p>\n<p style=\"font-weight: 400;\">\u201cPunta Catalina, siendo la principal empresa establecida en la provincia y que genera da\u00f1os que son consustanciales a su producci\u00f3n, est\u00e1 en la obligaci\u00f3n de contribuir al plan de desarrollo y a las obras p\u00fablicas que se necesitan aqu\u00ed\u201d, puntualizaron.<\/p>\n<p style=\"font-weight: 400;\">Emplazaron a Punta Catalina y al Gobierno a que respondan al llamado de la provincia Peravia y a su pliego de demandas lo antes posible para evitar una confrontaci\u00f3n que no le conviene a nadie.<\/p>\n","protected":false},"excerpt":{"rendered":"<p>Por Servicios de Primermomento.com SANTO DOMINGO, Rep\u00fablica Dominicana.- En rueda de prensa celebrada en la ma\u00f1ana de hoy, los integrantes del Comit\u00e9 Pro-Constituci\u00f3n de Mesa de Di\u00e1logo y Concertaci\u00f3n entre la Central Termoel\u00e9ctrica Punta Catalina y la provincia Peravia, afirmaron que esta provincia est\u00e1 doblemente afectada por largos apagones y por la contaminaci\u00f3n de las [&hellip;]<\/p>\n","protected":false},"author":1,"featured_media":435229,"comment_status":"open","ping_status":"open","sticky":false,"template":"","format":"standard","meta":{"_bbp_topic_count":0,"_bbp_reply_count":0,"_bbp_total_topic_count":0,"_bbp_total_reply_count":0,"_bbp_voice_count":0,"_bbp_anonymous_reply_count":0,"_bbp_topic_count_hidden":0,"_bbp_reply_count_hidden":0,"_bbp_forum_subforum_count":0,"footnotes":""},"categories":[37,109],"tags":[],"class_list":{"0":"post-435227","1":"post","2":"type-post","3":"status-publish","4":"format-standard","5":"has-post-thumbnail","7":"category-ciencia-tecnologia","8":"category-eleccion"},"_links":{"self":[{"href":"https:\/\/primermomento.com\/index.php?rest_route=\/wp\/v2\/posts\/435227","targetHints":{"allow":["GET"]}}],"collection":[{"href":"https:\/\/primermomento.com\/index.php?rest_route=\/wp\/v2\/posts"}],"about":[{"href":"https:\/\/primermomento.com\/index.php?rest_route=\/wp\/v2\/types\/post"}],"author":[{"embeddable":true,"href":"https:\/\/primermomento.com\/index.php?rest_route=\/wp\/v2\/users\/1"}],"replies":[{"embeddable":true,"href":"https:\/\/primermomento.com\/index.php?rest_route=%2Fwp%2Fv2%2Fcomments&post=435227"}],"version-history":[{"count":4,"href":"https:\/\/primermomento.com\/index.php?rest_route=\/wp\/v2\/posts\/435227\/revisions"}],"predecessor-version":[{"id":435236,"href":"https:\/\/primermomento.com\/index.php?rest_route=\/wp\/v2\/posts\/435227\/revisions\/435236"}],"wp:featuredmedia":[{"embeddable":true,"href":"https:\/\/primermomento.com\/index.php?rest_route=\/wp\/v2\/media\/435229"}],"wp:attachment":[{"href":"https:\/\/primermomento.com\/index.php?rest_route=%2Fwp%2Fv2%2Fmedia&parent=435227"}],"wp:term":[{"taxonomy":"category","embeddable":true,"href":"https:\/\/primermomento.com\/index.php?rest_route=%2Fwp%2Fv2%2Fcategories&post=435227"},{"taxonomy":"post_tag","embeddable":true,"href":"https:\/\/primermomento.com\/index.php?rest_route=%2Fwp%2Fv2%2Ftags&post=435227"}],"curies":[{"name":"wp","href":"https:\/\/api.w.org\/{rel}","templated":true}]}}