{"id":435411,"date":"2025-02-13T13:49:28","date_gmt":"2025-02-13T18:49:28","guid":{"rendered":"https:\/\/primermomento.com\/?p=435411"},"modified":"2025-02-19T08:39:20","modified_gmt":"2025-02-19T13:39:20","slug":"falpo-alerta-sobre-grave-depredacion-de-las-cuevas-del-pomier","status":"publish","type":"post","link":"https:\/\/primermomento.com\/?p=435411","title":{"rendered":"FALPO Alerta sobre grave depredaci\u00f3n en las Cuevas del Pomier"},"content":{"rendered":"<p><strong><em>Por <span style=\"color: #ff0000;\">Servicios de Primermomento.com<\/span><\/em><\/strong><\/p>\n<p style=\"font-weight: 400;\">SANTO DOMINGO, Rep\u00fablica Dominicana.- En el marco de la celebraci\u00f3n de su <strong>40 aniversario<\/strong>, la organizaci\u00f3n popular Frente Amplio de Lucha Popular (FALPO), fundada el 14 de febrero de 1985, ha emitido una serie de advertencias urgentes respecto a la creciente\u00a0<strong>depredaci\u00f3n ambiental de las Cuevas del Pomier<\/strong>.<\/p>\n<p style=\"font-weight: 400;\">En un comunicado emitido en ocasi\u00f3n de su aniversario, el coordinador nacional, Grabiel S\u00e1nchez expres\u00f3: \u00ab<em>Este sitio natural, reconocido tanto por su biodiversidad como por su valor arqueol\u00f3gico, est\u00e1 siendo severamente amenazado por actividades humanas descontroladas y la explotaci\u00f3n ilegal\u00bb.<\/em><\/p>\n<p style=\"font-weight: 400;\">S\u00e1nchez, ha destacado en sus recientes declaraciones la necesidad imperiosa de proteger este patrimonio natural de la explotaci\u00f3n ilegal que est\u00e1 poniendo en peligro la rica biodiversidad y el equilibrio ecol\u00f3gico de esta \u00e1rea protegida, subrayando la gravedad de la situaci\u00f3n.<\/p>\n<p style=\"font-weight: 400;\">Las Cuevas del Pomier, m\u00e1s all\u00e1 de ser un refugio crucial para diversas especies end\u00e9micas, albergan importantes vestigios arqueol\u00f3gicos que narran la historia de los antepasados de la regi\u00f3n. La destrucci\u00f3n de este entorno representa una p\u00e9rdida tanto cultural como medioambiental.\u00a0<strong>\u00abEs imperativo que tomemos acciones inmediatas para detener esta depredaci\u00f3n y restaurar el equilibrio ecol\u00f3gico\u00bb<\/strong>, urgi\u00f3 S\u00e1nchez.<\/p>\n<p style=\"font-weight: 400;\">En el contexto de su aniversario, la organizaci\u00f3n ha reafirmado su compromiso con la protecci\u00f3n del medio ambiente. Adem\u00e1s,\u00a0<strong>ha anunciado la realizaci\u00f3n de una rueda de prensa en los pr\u00f3ximos d\u00edas<\/strong>\u00a0para presentar su\u00a0<strong>plan de lucha<\/strong>\u00a0contra el da\u00f1o a estos recursos naturales, haciendo un llamado a autoridades, comunidades locales y ciudadanos a unirse a esta causa.<\/p>\n<p style=\"font-weight: 400;\"><strong><u>Sobre el Frente Amplio de Lucha Popular (FALPO)<\/u><\/strong><\/p>\n<p style=\"font-weight: 400;\">El Frente Amplio de Lucha Popular- FALPO fue fundado el 14 de febrero del 1985. Su aparici\u00f3n se enmarca dentro del surgimiento de amplias expectativas democr\u00e1ticas despu\u00e9s del Estallido de Abril del 1984.<\/p>\n<p style=\"font-weight: 400;\">El Falpo, en sus 35 a\u00f1os de existencia, ha logrado insertarse a nivel nacional en las comunidades del pa\u00eds. Su din\u00e1mica se ha circunscrito a la organizaci\u00f3n de los pobladores para la lucha por reivindicaciones locales, sin embargo, ha ocupado roles estelares en las luchas por conquistas nacionales como el 4% para la educaci\u00f3n y la lucha hist\u00f3rica contra la corrupci\u00f3n e impunidad<\/p>\n","protected":false},"excerpt":{"rendered":"<p>Por Servicios de Primermomento.com SANTO DOMINGO, Rep\u00fablica Dominicana.- En el marco de la celebraci\u00f3n de su 40 aniversario, la organizaci\u00f3n popular Frente Amplio de Lucha Popular (FALPO), fundada el 14 de febrero de 1985, ha emitido una serie de advertencias urgentes respecto a la creciente\u00a0depredaci\u00f3n ambiental de las Cuevas del Pomier. En un comunicado emitido [&hellip;]<\/p>\n","protected":false},"author":1,"featured_media":435412,"comment_status":"open","ping_status":"open","sticky":false,"template":"","format":"standard","meta":{"_bbp_topic_count":0,"_bbp_reply_count":0,"_bbp_total_topic_count":0,"_bbp_total_reply_count":0,"_bbp_voice_count":0,"_bbp_anonymous_reply_count":0,"_bbp_topic_count_hidden":0,"_bbp_reply_count_hidden":0,"_bbp_forum_subforum_count":0,"footnotes":""},"categories":[37,109],"tags":[],"class_list":{"0":"post-435411","1":"post","2":"type-post","3":"status-publish","4":"format-standard","5":"has-post-thumbnail","7":"category-ciencia-tecnologia","8":"category-eleccion"},"_links":{"self":[{"href":"https:\/\/primermomento.com\/index.php?rest_route=\/wp\/v2\/posts\/435411","targetHints":{"allow":["GET"]}}],"collection":[{"href":"https:\/\/primermomento.com\/index.php?rest_route=\/wp\/v2\/posts"}],"about":[{"href":"https:\/\/primermomento.com\/index.php?rest_route=\/wp\/v2\/types\/post"}],"author":[{"embeddable":true,"href":"https:\/\/primermomento.com\/index.php?rest_route=\/wp\/v2\/users\/1"}],"replies":[{"embeddable":true,"href":"https:\/\/primermomento.com\/index.php?rest_route=%2Fwp%2Fv2%2Fcomments&post=435411"}],"version-history":[{"count":2,"href":"https:\/\/primermomento.com\/index.php?rest_route=\/wp\/v2\/posts\/435411\/revisions"}],"predecessor-version":[{"id":435415,"href":"https:\/\/primermomento.com\/index.php?rest_route=\/wp\/v2\/posts\/435411\/revisions\/435415"}],"wp:featuredmedia":[{"embeddable":true,"href":"https:\/\/primermomento.com\/index.php?rest_route=\/wp\/v2\/media\/435412"}],"wp:attachment":[{"href":"https:\/\/primermomento.com\/index.php?rest_route=%2Fwp%2Fv2%2Fmedia&parent=435411"}],"wp:term":[{"taxonomy":"category","embeddable":true,"href":"https:\/\/primermomento.com\/index.php?rest_route=%2Fwp%2Fv2%2Fcategories&post=435411"},{"taxonomy":"post_tag","embeddable":true,"href":"https:\/\/primermomento.com\/index.php?rest_route=%2Fwp%2Fv2%2Ftags&post=435411"}],"curies":[{"name":"wp","href":"https:\/\/api.w.org\/{rel}","templated":true}]}}