{"id":436162,"date":"2025-02-24T06:30:45","date_gmt":"2025-02-24T11:30:45","guid":{"rendered":"https:\/\/primermomento.com\/?p=436162"},"modified":"2025-02-24T17:40:39","modified_gmt":"2025-02-24T22:40:39","slug":"una-guerra-terrible-estupida-como-toda-guerra","status":"publish","type":"post","link":"https:\/\/primermomento.com\/?p=436162","title":{"rendered":"Una guerra terrible, est\u00fapida, como toda guerra"},"content":{"rendered":"<p><strong><em>Por <span style=\"color: #ff0000;\">Juan Manuel Garc\u00eda<\/span><\/em><\/strong><\/p>\n<p>Este es un conflicto terrible, afirma Marco Rubio, secretario de Estado de los Estados Unidos, en una declaraci\u00f3n del 21 de febrero, de ahora, 2025, refiri\u00e9ndose como si fuera una plegaria, a la Organizaci\u00f3n de las Naciones Unidas (ONU) para que ayude a conseguir el final de la guerra entre Ucrania y Rusia.<\/p>\n<figure id=\"attachment_374894\" aria-describedby=\"caption-attachment-374894\" style=\"width: 253px\" class=\"wp-caption alignright\"><img loading=\"lazy\" decoding=\"async\" class=\"size-full wp-image-374894\" src=\"https:\/\/primermomento.com\/wp-content\/uploads\/2022\/12\/Juan-Manuel-Garcia2.jpg\" alt=\"\" width=\"253\" height=\"253\" srcset=\"https:\/\/primermomento.com\/wp-content\/uploads\/2022\/12\/Juan-Manuel-Garcia2.jpg 253w, https:\/\/primermomento.com\/wp-content\/uploads\/2022\/12\/Juan-Manuel-Garcia2-150x150.jpg 150w, https:\/\/primermomento.com\/wp-content\/uploads\/2022\/12\/Juan-Manuel-Garcia2-50x50.jpg 50w, https:\/\/primermomento.com\/wp-content\/uploads\/2022\/12\/Juan-Manuel-Garcia2-220x220.jpg 220w, https:\/\/primermomento.com\/wp-content\/uploads\/2022\/12\/Juan-Manuel-Garcia2-118x118.jpg 118w, https:\/\/primermomento.com\/wp-content\/uploads\/2022\/12\/Juan-Manuel-Garcia2-30x30.jpg 30w\" sizes=\"auto, (max-width: 253px) 100vw, 253px\" \/><figcaption id=\"caption-attachment-374894\" class=\"wp-caption-text\">Juan Manuel Garc\u00eda<br \/>Periodista<\/figcaption><\/figure>\n<p>Uno podr\u00eda querer que el presidente norteamericano Donald Trump, con un decreto, ordenanza o deseo, desinflamado le pusiera fin a lo que se ha conocido en el mundo de la cinematograf\u00eda con el t\u00edtulo de \u201cUcrania en Llamas\u201d. Y que ah\u00ed se acabe todo y termine ese conflicto de imb\u00e9ciles soberbios.<\/p>\n<p>Hace alg\u00fan tiempo, por all\u00e1 por el 2014, Rep\u00fablica Dominicana hizo incursi\u00f3n de opini\u00f3n en las graves crisis mundiales actuales. Se defini\u00f3 por dos Estados, ante el horror de muerte, sangre, dolor y miseria desatado por los hijos de Sion, en Palestina, y por el tumulto irresponsable que ha vivido Ucrania, durante tres a\u00f1os.<\/p>\n<p>En ocasiones se suele pasar por alto lo m\u00e1s importante. Pero si se atiende al contexto hist\u00f3rico, a los antecedentes, resulta m\u00e1s f\u00e1cil, hacer una proyecci\u00f3n de lo que ser\u00eda m\u00e1s duradero.<\/p>\n<p>El presidente Luis Abinader se fue a Lucerna, Suiza, y durante dos d\u00edas, se present\u00f3, en una reuni\u00f3n de 90 l\u00edderes, la que se denomin\u00f3 Cumbre sobre la paz en Ucrania, en busca discutir una forma de desbaratar esa odiosa guerra.<\/p>\n<p>La guerra de Ucrania fue la motivaci\u00f3n principal de aquel encuentro. S\u00f3lo que la guerra se est\u00e1 dando entre Ucrania (y sus m\u00faltiples soportes b\u00e9licos y financieros), y Rusia, presentada por el caduco, y ya ileg\u00edtimo presidente ucraniano Volodimir Zelenski como la victimaria.<\/p>\n<p>Ocurre, sin embargo, que Rusia no particip\u00f3 de la discusi\u00f3n. La Rep\u00fablica Dominicana mantiene una larga historia de relaciones con Rusia, heredada de la dictadura de Rafael Trujillo. Ucrania es un pa\u00eds lejano, pero tambi\u00e9n ligado en sus relaciones con los dominicanos.<\/p>\n<p>Cuando Adolfo Hitler con sus acciones meti\u00f3 a Alemania y al mundo en la Segunda Guerra Mundial, provocando la muerte a m\u00e1s de sesenta millones de personas, desde esta peque\u00f1a media isla, el tirano Rafael Trujillo se uni\u00f3 al movimiento generado en todo el mundo: declar\u00f3 la guerra a la Alemania de Hitler. Cuentan que 112 dominicanos se unieron a las tropas norteamericanas que peleaban junto a los aliados contra Alemania. El pa\u00eds ya hab\u00eda acogido a m\u00e1s de cinco mil jud\u00edos que eran perseguidos por los alemanes del Hitler l\u00edder nazi.<\/p>\n<p>Se cita este caso, porque la Rep\u00fablica Dominicana de hoy, gobernada por una democracia, vuelve a verse involucrada en los entretelones de una guerra entre pa\u00edses. Pero lo hace de una manera diferente, clamando en una especie de desierto en que est\u00e1 convertido el mundo, para que cese la guerra entre Ucrania y sus aliados, frente a Rusia.<\/p>\n<p>El gobierno dominicano no s\u00f3lo ha pedido que Estados Unidos y Rusia impidan la continuaci\u00f3n de ese conflicto b\u00e9lico, sino que el presidente Abinader se ha presentado en los foros precisos, para testimoniar su pedido. \u201cEl Gobierno dominicano hace un llamado a nuestros aliados y amigos de Europa y las Am\u00e9ricas, sobre todo a Estados Unidos y Rusia, a bajar la tensi\u00f3n, a replegar de inmediato los activos militares en la zona en cuesti\u00f3n (Europa Oriental) y a buscar una salida pac\u00edfica a esta crisis, que respete la integridad territorial y la seguridad de todos los pa\u00edses, en especial de Ucrania\u201d, se expresaba en un comunicado del Ministerio de Relaciones Exteriores.<\/p>\n<p>Rep\u00fablica Dominicana, en la actualidad quiere relievar su incursi\u00f3n en las graves crisis mundiales actuales.<\/p>\n<p>Ya una vez se dijo que es muy cierto: Rusia y China acordaron acelerar juntas\u00a0 \u00a0la transici\u00f3n sist\u00e9mica global hacia la multipolaridad global. El s\u00f3lo pensamiento de esta realidad que se sucede en hechos, aterroriza y saca de quicio a Occidente y a Estados Unidos con su Departamento de Estado, en Washington.<\/p>\n<p>Rusia, ya nadie lo ignora se encuentra protagonizando ese enfrentamiento abiertamente.<\/p>\n<p>China lo hace de igual modo, aunque por razones obvias, hace creer que no es as\u00ed. Porque los chinos siguen empe\u00f1ados en su propia entente.<\/p>\n<p>Los chinos est\u00e1n empe\u00f1ados en su alternativa financiera, econ\u00f3mica, y en otras plataformas.<\/p>\n<p>Rusia ha dejado en claro que su seguridad nacional es muy importante. Tal vez, lo prioritario. Ah\u00ed, tienen clara su l\u00ednea roja. Tal vez, porque as\u00ed se lo ordena la continuidad de la historia propia. Eso lo sabe m\u00e1s que nadie la OTAN, provocadora organizaci\u00f3n militarista y su huella est\u00e1 ah\u00ed: la guerra de Ucrania frente a Rusia.<\/p>\n<p>Sin embargo, la b\u00fasqueda compartida de objetivos multipolares no representa una amenaza para otros Estados interesados \u200b\u200ben este futuro, s\u00f3lo para los intereses de suma cero de los pa\u00edses occidentales. Podr\u00eda parecer que es algo nuevo, cuando en realidad ese proceso est\u00e1 en marcha desde hace d\u00e9cadas.<\/p>\n<p>De eso que estamos planteando, tambi\u00e9n se est\u00e1 hablando con insistencia de la trimultipolaridad: los mil millones de oro, la entente chino-rusa y el sur global. Aparte de Estados Unidos y Occidente, tiene, ya, que hablarse de India, junto a<br \/>\nChina y Rusia. Todos se equilibrar\u00edan entre s\u00ed mediante un alineamiento m\u00faltiple dentro y entre sus respectivos niveles, lo que podr\u00eda dar como resultado una estabilizaci\u00f3n de los asuntos globales mucho m\u00e1s de lo que lo hicieron los anteriores \u00f3rdenes unipolares y multipolares.<\/p>\n<p>Todo esto, \u00bfno se le parece a una nueva guerra global? \u00bfUna nueva guerra fr\u00eda?<\/p>\n<p>La Nueva Guerra Fr\u00eda es el resultado de que los Mil Millones de Oro de Occidente, liderados por Estados Unidos, quisieran impedir que el Sur Global, liderado conjuntamente por los BRICS y la SCO (<em>Organizaci\u00f3n de Cooperaci\u00f3n de Shanghai)<\/em><em>,<\/em>\u00a0desarrollara modelos socioecon\u00f3micos y pol\u00edticos alternativos, donde ya hace rato est\u00e1n China y Rusia, desde 2001, por lo econ\u00f3mico y por su seguridad y defensa.<\/p>\n<p>Uno quisiera que esa plegaria de paz ante la ONU, desplegada por el Departamento de Estado norteamericano, se despertara como un \u201cmorir vivir\u201d, tome cuerpo convertida en un decreto de Donald Trump. Un decreto de los de ahora, en nombre de los m\u00e1s ricos del mundo, con los que Ucrania y sus sufrimientos, y los rusos mismos, junto a los magnates de esos dos pa\u00edses que sobreviven pululando en el mundo financiero de Wall Street.<\/p>\n","protected":false},"excerpt":{"rendered":"<p>Por Juan Manuel Garc\u00eda Este es un conflicto terrible, afirma Marco Rubio, secretario de Estado de los Estados Unidos, en una declaraci\u00f3n del 21 de febrero, de ahora, 2025, refiri\u00e9ndose como si fuera una plegaria, a la Organizaci\u00f3n de las Naciones Unidas (ONU) para que ayude a conseguir el final de la guerra entre Ucrania [&hellip;]<\/p>\n","protected":false},"author":1,"featured_media":388695,"comment_status":"open","ping_status":"open","sticky":false,"template":"","format":"standard","meta":{"_bbp_topic_count":0,"_bbp_reply_count":0,"_bbp_total_topic_count":0,"_bbp_total_reply_count":0,"_bbp_voice_count":0,"_bbp_anonymous_reply_count":0,"_bbp_topic_count_hidden":0,"_bbp_reply_count_hidden":0,"_bbp_forum_subforum_count":0,"footnotes":""},"categories":[33],"tags":[],"class_list":{"0":"post-436162","1":"post","2":"type-post","3":"status-publish","4":"format-standard","5":"has-post-thumbnail","7":"category-opinion"},"_links":{"self":[{"href":"https:\/\/primermomento.com\/index.php?rest_route=\/wp\/v2\/posts\/436162","targetHints":{"allow":["GET"]}}],"collection":[{"href":"https:\/\/primermomento.com\/index.php?rest_route=\/wp\/v2\/posts"}],"about":[{"href":"https:\/\/primermomento.com\/index.php?rest_route=\/wp\/v2\/types\/post"}],"author":[{"embeddable":true,"href":"https:\/\/primermomento.com\/index.php?rest_route=\/wp\/v2\/users\/1"}],"replies":[{"embeddable":true,"href":"https:\/\/primermomento.com\/index.php?rest_route=%2Fwp%2Fv2%2Fcomments&post=436162"}],"version-history":[{"count":1,"href":"https:\/\/primermomento.com\/index.php?rest_route=\/wp\/v2\/posts\/436162\/revisions"}],"predecessor-version":[{"id":436163,"href":"https:\/\/primermomento.com\/index.php?rest_route=\/wp\/v2\/posts\/436162\/revisions\/436163"}],"wp:featuredmedia":[{"embeddable":true,"href":"https:\/\/primermomento.com\/index.php?rest_route=\/wp\/v2\/media\/388695"}],"wp:attachment":[{"href":"https:\/\/primermomento.com\/index.php?rest_route=%2Fwp%2Fv2%2Fmedia&parent=436162"}],"wp:term":[{"taxonomy":"category","embeddable":true,"href":"https:\/\/primermomento.com\/index.php?rest_route=%2Fwp%2Fv2%2Fcategories&post=436162"},{"taxonomy":"post_tag","embeddable":true,"href":"https:\/\/primermomento.com\/index.php?rest_route=%2Fwp%2Fv2%2Ftags&post=436162"}],"curies":[{"name":"wp","href":"https:\/\/api.w.org\/{rel}","templated":true}]}}