{"id":437531,"date":"2025-03-14T19:57:22","date_gmt":"2025-03-14T23:57:22","guid":{"rendered":"https:\/\/primermomento.com\/?p=437531"},"modified":"2025-03-15T17:34:14","modified_gmt":"2025-03-15T21:34:14","slug":"regresan-los-apagones-a-republica-dominicana-por-salida-de-plantas","status":"publish","type":"post","link":"https:\/\/primermomento.com\/?p=437531","title":{"rendered":"Regresan los apagones a Rep\u00fablica Dominicana por salida de plantas"},"content":{"rendered":"<p><em><strong>Por <span style=\"color: #ff0000;\">Prensa Latina<\/span><\/strong><\/em><\/p>\n<p>SANTO DOMINGO, Rep\u00fablica Dominicana.- Los apagones de hasta siete horas retornaron a la Rep\u00fablica Dominicana, tanto en la capital como el interior del pa\u00eds, debido a la salida de cuatro plantas con una capacidad de generaci\u00f3n de 660 Megawatt (MW), trascendi\u00f3 hoy.<\/p>\n<div class=\"elementor-element elementor-element-0aea3a0 elementor-widget elementor-widget-theme-post-content\" data-id=\"0aea3a0\" data-element_type=\"widget\" data-widget_type=\"theme-post-content.default\">\n<div class=\"elementor-widget-container\">\n<p>La coordinadora de Organizaciones Barriales Don Bosco citada por El Nacional indic\u00f3 este viernes que en los 38 sectores del norte del Distrito Nacional los cortes de energ\u00eda el\u00e9ctrica se intensificaron.<\/p>\n<p>Su vocero, Alexis Pe\u00f1a, precis\u00f3 que entre los sectores afectados se encuentran Villa Mar\u00eda, Villa Fontana, Villa Consuelo, 27 de Febrero, Aguadulce, Los Guandules, Guachupita y Luper\u00f3n.<\/p>\n<p>De acuerdo con el rotativo, residentes y comerciantes de los sectores del norte, pero tambi\u00e9n de los municipios Santo Domingo Este y Oeste, se quejan de las interrupciones y las p\u00e9rdidas que generan, principalmente a estos \u00faltimos.<\/p>\n<p>El pasado d\u00eda 7 el Consejo Unificado de las Empresas Distribuidoras de Electricidad inform\u00f3 que el sistema el\u00e9ctrico nacional enfrenta un d\u00e9ficit de 655 MW debido a mantenimientos programados e imperfecciones en varias unidades generadoras de energ\u00eda.<\/p>\n<\/div>\n<\/div>\n<div class=\"elementor-element elementor-element-4f75016 elementor-widget elementor-widget-post-info\" data-id=\"4f75016\" data-element_type=\"widget\" data-widget_type=\"post-info.default\">\n<div class=\"elementor-widget-container\">\n<ul class=\"elementor-inline-items elementor-icon-list-items elementor-post-info\">\n<li class=\"elementor-icon-list-item elementor-repeater-item-17dda3e elementor-inline-item\"><span class=\"elementor-icon-list-text elementor-post-info__item elementor-post-info__item--type-custom\">#<em><a href=\"https:\/\/primermomento.com\/?p=437531\" rel=\"tag\">apagones<\/a><\/em><\/span><\/li>\n<\/ul>\n<\/div>\n<\/div>\n","protected":false},"excerpt":{"rendered":"<p>Por Prensa Latina SANTO DOMINGO, Rep\u00fablica Dominicana.- Los apagones de hasta siete horas retornaron a la Rep\u00fablica Dominicana, tanto en la capital como el interior del pa\u00eds, debido a la salida de cuatro plantas con una capacidad de generaci\u00f3n de 660 Megawatt (MW), trascendi\u00f3 hoy. La coordinadora de Organizaciones Barriales Don Bosco citada por El [&hellip;]<\/p>\n","protected":false},"author":1,"featured_media":437532,"comment_status":"open","ping_status":"open","sticky":false,"template":"","format":"standard","meta":{"_bbp_topic_count":0,"_bbp_reply_count":0,"_bbp_total_topic_count":0,"_bbp_total_reply_count":0,"_bbp_voice_count":0,"_bbp_anonymous_reply_count":0,"_bbp_topic_count_hidden":0,"_bbp_reply_count_hidden":0,"_bbp_forum_subforum_count":0,"footnotes":""},"categories":[38],"tags":[],"class_list":{"0":"post-437531","1":"post","2":"type-post","3":"status-publish","4":"format-standard","5":"has-post-thumbnail","7":"category-sociedad"},"_links":{"self":[{"href":"https:\/\/primermomento.com\/index.php?rest_route=\/wp\/v2\/posts\/437531","targetHints":{"allow":["GET"]}}],"collection":[{"href":"https:\/\/primermomento.com\/index.php?rest_route=\/wp\/v2\/posts"}],"about":[{"href":"https:\/\/primermomento.com\/index.php?rest_route=\/wp\/v2\/types\/post"}],"author":[{"embeddable":true,"href":"https:\/\/primermomento.com\/index.php?rest_route=\/wp\/v2\/users\/1"}],"replies":[{"embeddable":true,"href":"https:\/\/primermomento.com\/index.php?rest_route=%2Fwp%2Fv2%2Fcomments&post=437531"}],"version-history":[{"count":1,"href":"https:\/\/primermomento.com\/index.php?rest_route=\/wp\/v2\/posts\/437531\/revisions"}],"predecessor-version":[{"id":437533,"href":"https:\/\/primermomento.com\/index.php?rest_route=\/wp\/v2\/posts\/437531\/revisions\/437533"}],"wp:featuredmedia":[{"embeddable":true,"href":"https:\/\/primermomento.com\/index.php?rest_route=\/wp\/v2\/media\/437532"}],"wp:attachment":[{"href":"https:\/\/primermomento.com\/index.php?rest_route=%2Fwp%2Fv2%2Fmedia&parent=437531"}],"wp:term":[{"taxonomy":"category","embeddable":true,"href":"https:\/\/primermomento.com\/index.php?rest_route=%2Fwp%2Fv2%2Fcategories&post=437531"},{"taxonomy":"post_tag","embeddable":true,"href":"https:\/\/primermomento.com\/index.php?rest_route=%2Fwp%2Fv2%2Ftags&post=437531"}],"curies":[{"name":"wp","href":"https:\/\/api.w.org\/{rel}","templated":true}]}}