{"id":437735,"date":"2025-03-18T20:22:23","date_gmt":"2025-03-19T00:22:23","guid":{"rendered":"https:\/\/primermomento.com\/?p=437735"},"modified":"2025-03-19T10:49:33","modified_gmt":"2025-03-19T14:49:33","slug":"amplio-dispositivo-de-seguridad-por-carnaval-en-capital-dominicana","status":"publish","type":"post","link":"https:\/\/primermomento.com\/?p=437735","title":{"rendered":"Anuncian amplio dispositivo de seguridad por Carnaval en capital dominicana"},"content":{"rendered":"<p><strong><em>Por<span style=\"color: #ff0000;\"> Prensa Latina<\/span><\/em><\/strong><\/p>\n<p>SANTO DOMINGO, Rep\u00fablica Dominicana.- El Ministerio dominicano de Cultura inform\u00f3 hoy que junto a organismos del Estado desplegar\u00e1 un amplio dispositivo de seguridad durante el Desfile Nacional del Carnaval previsto el domingo en el malec\u00f3n de Santo Domingo.<\/p>\n<div class=\"elementor-element elementor-element-0aea3a0 elementor-widget elementor-widget-theme-post-content\" data-id=\"0aea3a0\" data-element_type=\"widget\" data-widget_type=\"theme-post-content.default\">\n<div class=\"elementor-widget-container\">\n<p>En la esperada celebraci\u00f3n, dedicada este a\u00f1o a la provincia de San Crist\u00f3bal, participar\u00e1n m\u00e1s de 150 comparsas representativas de las diferentes provincias del pa\u00eds.<\/p>\n<p>El dispositivo de seguridad lo integrar\u00e1n m\u00e1s de mil 200 uniformados de los cuerpos castrenses y policiales, y miembros de los organismos de socorro.<\/p>\n<p>El Ministerio de Cultura (MINC) precis\u00f3 que intervendr\u00e1n integrantes de las diferentes dependencias del Ministerio de Defensa (Armada, Fuerza A\u00e9rea y Ej\u00e9rcito) y de la Polic\u00eda Nacional (Preventiva y Tur\u00edstica).<\/p>\n<p>Tambi\u00e9n participar\u00e1n miembros de la Direcci\u00f3n General de Seguridad de Tr\u00e1nsito y Transporte Terrestre y la Polic\u00eda Municipal adscrita a la Alcald\u00eda del Distrito Nacional.<\/p>\n<p>Estos efectivos tendr\u00e1n a su cargo las labores de vigilancia y protecci\u00f3n de la ciudadan\u00eda que acuda a esta gran fiesta popular.<\/p>\n<p>El contingente tambi\u00e9n incluye unidades de la Defensa Civil, de la Cruz Roja, de la Direcci\u00f3n de Servicios de Atenci\u00f3n a Emergencias Extrahospitalarias y del Cuerpo de Bomberos.<\/p>\n<p>Asimismo, ofrecer\u00e1n soporte t\u00e9cnico y de respuesta inmediata, antes y durante el evento, el Instituto Nacional de Tr\u00e1nsito y Transporte Terrestre (Intrant), el Sistema Nacional de Atenci\u00f3n a Emergencias y Seguridad 911 y los Auxiliares Navales Dominicanos.<\/p>\n<p>Al igual que en ediciones anteriores del Carnaval, los agentes del orden estar\u00e1n apostados en diferentes puntos a lo largo de la avenida George Washington y en los alrededores del desfile, con el prop\u00f3sito de evitar el bloqueo de las v\u00edas y las salidas de emergencia, as\u00ed como de agilizar el flujo vehicular.<\/p>\n<p>El MINC inform\u00f3 que ser\u00e1n habilitados puestos de socorro y de primeros auxilios en los que rescatistas, param\u00e9dicos, m\u00e9dicos, t\u00e9cnicos de transporte sanitario y enfermeros ofrecer\u00e1n asistencia en lugares estrat\u00e9gicos pr\u00f3ximos a la avenida George Washington.<\/p>\n<p>Como parte de las medidas operativas y de seguridad, se dispondr\u00e1 de tres carpas destinadas a la atenci\u00f3n de ni\u00f1os extraviados.<\/p>\n<p>Asimismo, se inform\u00f3 que estar\u00e1 prohibido el acceso al desfile con armas de fuego, armas blancas y objetos cortopunzantes, como tambi\u00e9n el uso de pirotecnia.<\/p>\n<\/div>\n<\/div>\n<div class=\"elementor-element elementor-element-4f75016 elementor-widget elementor-widget-post-info\" data-id=\"4f75016\" data-element_type=\"widget\" data-widget_type=\"post-info.default\">\n<div class=\"elementor-widget-container\">\n<ul class=\"elementor-inline-items elementor-icon-list-items elementor-post-info\">\n<li class=\"elementor-icon-list-item elementor-repeater-item-17dda3e elementor-inline-item\"><em><span class=\"elementor-icon-list-text elementor-post-info__item elementor-post-info__item--type-custom\">#<a href=\"https:\/\/primermomento.com\/?p=437735\" rel=\"tag\">carnaval<\/a>\u00a0#<a href=\"https:\/\/primermomento.com\/?p=437735\" rel=\"tag\">Seguridad<\/a><\/span><\/em><\/li>\n<\/ul>\n<\/div>\n<\/div>\n","protected":false},"excerpt":{"rendered":"<p>Por Prensa Latina SANTO DOMINGO, Rep\u00fablica Dominicana.- El Ministerio dominicano de Cultura inform\u00f3 hoy que junto a organismos del Estado desplegar\u00e1 un amplio dispositivo de seguridad durante el Desfile Nacional del Carnaval previsto el domingo en el malec\u00f3n de Santo Domingo. En la esperada celebraci\u00f3n, dedicada este a\u00f1o a la provincia de San Crist\u00f3bal, participar\u00e1n [&hellip;]<\/p>\n","protected":false},"author":1,"featured_media":437736,"comment_status":"open","ping_status":"open","sticky":false,"template":"","format":"standard","meta":{"_bbp_topic_count":0,"_bbp_reply_count":0,"_bbp_total_topic_count":0,"_bbp_total_reply_count":0,"_bbp_voice_count":0,"_bbp_anonymous_reply_count":0,"_bbp_topic_count_hidden":0,"_bbp_reply_count_hidden":0,"_bbp_forum_subforum_count":0,"footnotes":""},"categories":[39],"tags":[],"class_list":{"0":"post-437735","1":"post","2":"type-post","3":"status-publish","4":"format-standard","5":"has-post-thumbnail","7":"category-entretenimiento"},"_links":{"self":[{"href":"https:\/\/primermomento.com\/index.php?rest_route=\/wp\/v2\/posts\/437735","targetHints":{"allow":["GET"]}}],"collection":[{"href":"https:\/\/primermomento.com\/index.php?rest_route=\/wp\/v2\/posts"}],"about":[{"href":"https:\/\/primermomento.com\/index.php?rest_route=\/wp\/v2\/types\/post"}],"author":[{"embeddable":true,"href":"https:\/\/primermomento.com\/index.php?rest_route=\/wp\/v2\/users\/1"}],"replies":[{"embeddable":true,"href":"https:\/\/primermomento.com\/index.php?rest_route=%2Fwp%2Fv2%2Fcomments&post=437735"}],"version-history":[{"count":2,"href":"https:\/\/primermomento.com\/index.php?rest_route=\/wp\/v2\/posts\/437735\/revisions"}],"predecessor-version":[{"id":437739,"href":"https:\/\/primermomento.com\/index.php?rest_route=\/wp\/v2\/posts\/437735\/revisions\/437739"}],"wp:featuredmedia":[{"embeddable":true,"href":"https:\/\/primermomento.com\/index.php?rest_route=\/wp\/v2\/media\/437736"}],"wp:attachment":[{"href":"https:\/\/primermomento.com\/index.php?rest_route=%2Fwp%2Fv2%2Fmedia&parent=437735"}],"wp:term":[{"taxonomy":"category","embeddable":true,"href":"https:\/\/primermomento.com\/index.php?rest_route=%2Fwp%2Fv2%2Fcategories&post=437735"},{"taxonomy":"post_tag","embeddable":true,"href":"https:\/\/primermomento.com\/index.php?rest_route=%2Fwp%2Fv2%2Ftags&post=437735"}],"curies":[{"name":"wp","href":"https:\/\/api.w.org\/{rel}","templated":true}]}}