{"id":437775,"date":"2025-03-19T17:12:15","date_gmt":"2025-03-19T21:12:15","guid":{"rendered":"https:\/\/primermomento.com\/?p=437775"},"modified":"2025-03-20T07:35:35","modified_gmt":"2025-03-20T11:35:35","slug":"camara-de-diputados-reconoce-a-la-actriz-dominicana-zoe-saldana","status":"publish","type":"post","link":"https:\/\/primermomento.com\/?p=437775","title":{"rendered":"C\u00e1mara de Diputados reconoce a la actriz dominicana Zoe Salda\u00f1a"},"content":{"rendered":"<p><em><strong>Por <span style=\"color: #ff0000;\">Prensa Latina<\/span><\/strong><\/em><\/p>\n<p>SANTO DOMINGO, Rep\u00fablica Dominicana.- La C\u00e1mara de Diputados de la Rep\u00fablica Dominicana aprob\u00f3 hoy un proyecto de resoluci\u00f3n que reconoce a la actriz Zoe Salda\u00f1a por su trayectoria en la industria cinematogr\u00e1fica y su impacto en el escenario internacional.<\/p>\n<p>Los diputados Sadoky Duarte e Ylcemari Brito presentaron esa iniciativa que recibi\u00f3 amplio respaldo en el hemiciclo.<\/p>\n<p>Como parte del reconocimiento, la C\u00e1mara de Diputados organizar\u00e1 un acto especial en el Congreso Nacional, donde se entregar\u00e1 un pergamino de honor a la actriz, se\u00f1al\u00f3 este mi\u00e9rcoles Cinedominicano.<\/p>\n<p>En la resoluci\u00f3n, los legisladores destacaron que Salda\u00f1a es motivo de orgullo para la Rep\u00fablica Dominicana.<\/p>\n<p>Resaltaron que la actriz, quien mereci\u00f3 el premio como Mejor Actriz de Reparto en los Premios \u00d3scar, este mes en Los \u00c1ngeles, Estados Unidos, destaca siempre sus ra\u00edces y representa al pa\u00eds caribe\u00f1o con su talento en la pantalla grande.<\/p>\n<p>\u201cEl \u00e9xito de esta joven dominicana la convierte en un ejemplo de superaci\u00f3n para la juventud\u00bb, resalt\u00f3 la C\u00e1mara de Diputados en el documento.<\/p>\n<p>La actriz de origen dominicano se alz\u00f3 con su primer \u00d3scar, a Mejor Actriz de Reparto, por su interpretaci\u00f3n como la abogada Rita Mora Castro en el filme \u00abEmilia P\u00e9rez\u00bb.<\/p>\n<p>Durante su discurso tras recibir el galard\u00f3n, Salda\u00f1a record\u00f3 a su abuela, quien emigr\u00f3 a Estados Unidos en 1961.<\/p>\n<p>\u00abMi abuela lleg\u00f3 a este pa\u00eds en 1961. Soy una orgullosa hija de inmigrantes con sue\u00f1os y dignidad y manos trabajadoras, y soy la primera latina de origen dominicano en recibir un trofeo de la Academia por cantar y hablar en espa\u00f1ol y espero no ser la \u00faltima\u00bb, expres\u00f3.<\/p>\n<p>Salda\u00f1a fue premiada en los Globos de Oro el pasado enero y tambi\u00e9n obtuvo un BAFTA a mejor actriz de reparto.<\/p>\n<p>Adem\u00e1s, logr\u00f3 el reconocimiento del Sindicato de Actores de Hollywood y el de la cr\u00edtica especializada por su actuaci\u00f3n en \u00abEmilia P\u00e9rez\u00bb, la cinta del director franc\u00e9s, Jacques Audiard.<\/p>\n","protected":false},"excerpt":{"rendered":"<p>Por Prensa Latina SANTO DOMINGO, Rep\u00fablica Dominicana.- La C\u00e1mara de Diputados de la Rep\u00fablica Dominicana aprob\u00f3 hoy un proyecto de resoluci\u00f3n que reconoce a la actriz Zoe Salda\u00f1a por su trayectoria en la industria cinematogr\u00e1fica y su impacto en el escenario internacional. Los diputados Sadoky Duarte e Ylcemari Brito presentaron esa iniciativa que recibi\u00f3 amplio [&hellip;]<\/p>\n","protected":false},"author":1,"featured_media":436610,"comment_status":"open","ping_status":"open","sticky":false,"template":"","format":"standard","meta":{"_bbp_topic_count":0,"_bbp_reply_count":0,"_bbp_total_topic_count":0,"_bbp_total_reply_count":0,"_bbp_voice_count":0,"_bbp_anonymous_reply_count":0,"_bbp_topic_count_hidden":0,"_bbp_reply_count_hidden":0,"_bbp_forum_subforum_count":0,"footnotes":""},"categories":[39],"tags":[],"class_list":{"0":"post-437775","1":"post","2":"type-post","3":"status-publish","4":"format-standard","5":"has-post-thumbnail","7":"category-entretenimiento"},"_links":{"self":[{"href":"https:\/\/primermomento.com\/index.php?rest_route=\/wp\/v2\/posts\/437775","targetHints":{"allow":["GET"]}}],"collection":[{"href":"https:\/\/primermomento.com\/index.php?rest_route=\/wp\/v2\/posts"}],"about":[{"href":"https:\/\/primermomento.com\/index.php?rest_route=\/wp\/v2\/types\/post"}],"author":[{"embeddable":true,"href":"https:\/\/primermomento.com\/index.php?rest_route=\/wp\/v2\/users\/1"}],"replies":[{"embeddable":true,"href":"https:\/\/primermomento.com\/index.php?rest_route=%2Fwp%2Fv2%2Fcomments&post=437775"}],"version-history":[{"count":1,"href":"https:\/\/primermomento.com\/index.php?rest_route=\/wp\/v2\/posts\/437775\/revisions"}],"predecessor-version":[{"id":437776,"href":"https:\/\/primermomento.com\/index.php?rest_route=\/wp\/v2\/posts\/437775\/revisions\/437776"}],"wp:featuredmedia":[{"embeddable":true,"href":"https:\/\/primermomento.com\/index.php?rest_route=\/wp\/v2\/media\/436610"}],"wp:attachment":[{"href":"https:\/\/primermomento.com\/index.php?rest_route=%2Fwp%2Fv2%2Fmedia&parent=437775"}],"wp:term":[{"taxonomy":"category","embeddable":true,"href":"https:\/\/primermomento.com\/index.php?rest_route=%2Fwp%2Fv2%2Fcategories&post=437775"},{"taxonomy":"post_tag","embeddable":true,"href":"https:\/\/primermomento.com\/index.php?rest_route=%2Fwp%2Fv2%2Ftags&post=437775"}],"curies":[{"name":"wp","href":"https:\/\/api.w.org\/{rel}","templated":true}]}}