{"id":438686,"date":"2025-04-01T06:33:26","date_gmt":"2025-04-01T10:33:26","guid":{"rendered":"https:\/\/primermomento.com\/?p=438686"},"modified":"2025-04-01T12:14:09","modified_gmt":"2025-04-01T16:14:09","slug":"juez-frena-por-ahora-fin-de-tps-para-venezolanos-en-eeuu","status":"publish","type":"post","link":"https:\/\/primermomento.com\/?p=438686","title":{"rendered":"Juez frena por ahora fin de TPS para venezolanos en EEUU"},"content":{"rendered":"<p><em><strong>Por <span style=\"color: #ff0000;\">Prensa Latina<\/span><\/strong><\/em><\/p>\n<p>Washington, EEUU.- Un juez federal le puso un sem\u00e1foro con luz roja al Gobierno de Donald Trump que le proh\u00edbe terminar de momento con el Estatus de Protecci\u00f3n Temporal (TPS) para 350 mil migrantes venezolanos en Estados Unidos.<\/p>\n<div class=\"elementor-element elementor-element-0aea3a0 elementor-widget elementor-widget-theme-post-content\" data-id=\"0aea3a0\" data-element_type=\"widget\" data-widget_type=\"theme-post-content.default\">\n<div class=\"elementor-widget-container\">\n<p>A principios de este a\u00f1o, la secretaria de Seguridad Nacional, Kristi Noem, impuls\u00f3 acabar con el TPS, un mecanismo de alivio humanitario para esos inmigrantes, programados para perder esas protecciones la pr\u00f3xima semana.<\/p>\n<p>Otros 250 mil inmigrantes que llegaron antes de 2023 perder\u00edan su TPS en septiembre, rese\u00f1an medios locales.<\/p>\n<p>Un elemento central en los procedimientos era si el Departamento de Seguridad Nacional (DHS), ten\u00eda la autoridad para eliminar la designaci\u00f3n existente de TPS antes de que estuviese programada para expirar.<\/p>\n<p>La administraci\u00f3n del dem\u00f3crata Joe Biden (2021-2025) otorg\u00f3 por primera vez el TPS a los venezolanos en marzo de 2021 y luego lo ampli\u00f3 en 2023.<\/p>\n<p>Dos semanas antes de que Trump asumiera el cargo, Biden renov\u00f3 las protecciones por 18 meses adicionales. La decisi\u00f3n de este lunes se aplica a la designaci\u00f3n de hace dos a\u00f1os.<\/p>\n<p>Los migrantes venezolanos con TPS que impugnaron la medida, sostuvieron que la repentina reversi\u00f3n de las protecciones por parte de Noem viol\u00f3 la Ley de Procedimiento Administrativo y que est\u00e1 motivada por prejuicios raciales y pol\u00edticos.<\/p>\n<\/div>\n<\/div>\n<div class=\"elementor-element elementor-element-4f75016 elementor-widget elementor-widget-post-info\" data-id=\"4f75016\" data-element_type=\"widget\" data-widget_type=\"post-info.default\">\n<div class=\"elementor-widget-container\">\n<ul class=\"elementor-inline-items elementor-icon-list-items elementor-post-info\">\n<li class=\"elementor-icon-list-item elementor-repeater-item-17dda3e elementor-inline-item\"><em><span class=\"elementor-icon-list-text elementor-post-info__item elementor-post-info__item--type-custom\">#<a href=\"https:\/\/primermomento.com\/?p=438686\" rel=\"tag\">tps<\/a>\u00a0#<a href=\"https:\/\/primermomento.com\/?p=438686\" rel=\"tag\">TPS venezolanos<\/a><\/span><\/em><\/li>\n<\/ul>\n<\/div>\n<\/div>\n","protected":false},"excerpt":{"rendered":"<p>Por Prensa Latina Washington, EEUU.- Un juez federal le puso un sem\u00e1foro con luz roja al Gobierno de Donald Trump que le proh\u00edbe terminar de momento con el Estatus de Protecci\u00f3n Temporal (TPS) para 350 mil migrantes venezolanos en Estados Unidos. A principios de este a\u00f1o, la secretaria de Seguridad Nacional, Kristi Noem, impuls\u00f3 acabar [&hellip;]<\/p>\n","protected":false},"author":1,"featured_media":389830,"comment_status":"open","ping_status":"open","sticky":false,"template":"","format":"standard","meta":{"_bbp_topic_count":0,"_bbp_reply_count":0,"_bbp_total_topic_count":0,"_bbp_total_reply_count":0,"_bbp_voice_count":0,"_bbp_anonymous_reply_count":0,"_bbp_topic_count_hidden":0,"_bbp_reply_count_hidden":0,"_bbp_forum_subforum_count":0,"footnotes":""},"categories":[61],"tags":[],"class_list":{"0":"post-438686","1":"post","2":"type-post","3":"status-publish","4":"format-standard","5":"has-post-thumbnail","7":"category-mundo"},"_links":{"self":[{"href":"https:\/\/primermomento.com\/index.php?rest_route=\/wp\/v2\/posts\/438686","targetHints":{"allow":["GET"]}}],"collection":[{"href":"https:\/\/primermomento.com\/index.php?rest_route=\/wp\/v2\/posts"}],"about":[{"href":"https:\/\/primermomento.com\/index.php?rest_route=\/wp\/v2\/types\/post"}],"author":[{"embeddable":true,"href":"https:\/\/primermomento.com\/index.php?rest_route=\/wp\/v2\/users\/1"}],"replies":[{"embeddable":true,"href":"https:\/\/primermomento.com\/index.php?rest_route=%2Fwp%2Fv2%2Fcomments&post=438686"}],"version-history":[{"count":1,"href":"https:\/\/primermomento.com\/index.php?rest_route=\/wp\/v2\/posts\/438686\/revisions"}],"predecessor-version":[{"id":438687,"href":"https:\/\/primermomento.com\/index.php?rest_route=\/wp\/v2\/posts\/438686\/revisions\/438687"}],"wp:featuredmedia":[{"embeddable":true,"href":"https:\/\/primermomento.com\/index.php?rest_route=\/wp\/v2\/media\/389830"}],"wp:attachment":[{"href":"https:\/\/primermomento.com\/index.php?rest_route=%2Fwp%2Fv2%2Fmedia&parent=438686"}],"wp:term":[{"taxonomy":"category","embeddable":true,"href":"https:\/\/primermomento.com\/index.php?rest_route=%2Fwp%2Fv2%2Fcategories&post=438686"},{"taxonomy":"post_tag","embeddable":true,"href":"https:\/\/primermomento.com\/index.php?rest_route=%2Fwp%2Fv2%2Ftags&post=438686"}],"curies":[{"name":"wp","href":"https:\/\/api.w.org\/{rel}","templated":true}]}}