{"id":439643,"date":"2025-04-12T06:10:41","date_gmt":"2025-04-12T10:10:41","guid":{"rendered":"https:\/\/primermomento.com\/?p=439643"},"modified":"2025-04-12T20:57:45","modified_gmt":"2025-04-13T00:57:45","slug":"tragedia-en-jet-set-urge-una-investigacion-rigurosa-y-transparente","status":"publish","type":"post","link":"https:\/\/primermomento.com\/?p=439643","title":{"rendered":"Tragedia en Jet Set: Urge una investigaci\u00f3n rigurosa y transparente"},"content":{"rendered":"<p><strong><em><span lang=\"ES-DO\">Por<span style=\"color: #ff0000;\"> Dr. Ram\u00f3n Ceballo<\/span><\/span><\/em><\/strong><\/p>\n<p><span lang=\"ES-DO\">Lo que alguna vez fue el\u00a0antiguo cine El Portal, y que m\u00e1s tarde se convirti\u00f3 en la emblem\u00e1tica\u00a0discoteca Jet Set\u00a0en Santo Domingo, termin\u00f3 siendo escenario de una tragedia que ha dejado a toda la naci\u00f3n en estado de shock. El desplome total de su techo durante un evento ha provocado no solo v\u00edctimas mortales y heridos, sino tambi\u00e9n profunda indignaci\u00f3n social y una urgente necesidad de respuestas claras.<\/span><\/p>\n<figure id=\"attachment_435960\" aria-describedby=\"caption-attachment-435960\" style=\"width: 268px\" class=\"wp-caption alignright\"><img loading=\"lazy\" decoding=\"async\" class=\"size-full wp-image-435960\" src=\"https:\/\/primermomento.com\/wp-content\/uploads\/2025\/02\/Ramon-Ceballo-ultima-1.jpg\" alt=\"\" width=\"268\" height=\"243\" \/><figcaption id=\"caption-attachment-435960\" class=\"wp-caption-text\">Ram\u00f3n Ceballo<br \/>Abogado y pol\u00edtico<\/figcaption><\/figure>\n<p><span lang=\"ES-DO\">La\u00a0destrucci\u00f3n de la edificaci\u00f3n fue inmediata y total, un colapso que, seg\u00fan testigos y artistas presentes, ocurri\u00f3 sin advertencia previa. Algunos artistas y personas que frecuentaban el lugar, incluso han reportado haber visto\u00a0trozos de cemento caer del techo en otras oportunidades.\u00a0Este tipo de comportamiento estructural resulta alarmante, ya que las edificaciones est\u00e1n, en principio,\u00a0dise\u00f1adas para resistir cargas y deformaciones, mostrando signos visibles antes de cualquier colapso.<\/span><\/p>\n<p><span lang=\"ES-DO\">La respuesta del presidente Luis Abinader ha sido oportuna. Ahora bien, la magnitud del derrumbe exige que se inicie\u00a0una investigaci\u00f3n t\u00e9cnica rigurosa y profunda, con la participaci\u00f3n de ingenieros estructurales, peritos forenses, expertos en mantenimiento de edificaciones, y autoridades independientes. No se trata \u00fanicamente de saber qu\u00e9 ocurri\u00f3, sino de\u00a0esclarecer las posibles causas de la tragedia\u00a0y determinar si hubo negligencia en los\u00a0est\u00e1ndares de dise\u00f1o, supervisi\u00f3n o mantenimiento\u00a0del lugar.<\/span><\/p>\n<p><span lang=\"ES-DO\">La ciudadan\u00eda exige transparencia.\u00a0Debe buscarse a los responsables por la negligencia de esta desgracia y llevar las consecuencias hasta las \u00faltimas instancias legales, sin importar qui\u00e9nes est\u00e9n involucrados. El caso de Jet Set no puede quedar en el olvido ni sumarse a la larga lista de tragedias sin justicia.<\/span><\/p>\n<p><span lang=\"ES-DO\">Adem\u00e1s del informe oficial que se espera por parte de los bomberos y las autoridades municipales,\u00a0es indispensable un informe forense de la estructura\u00a0que analice el historial de mantenimiento del edificio, posibles modificaciones irregulares, y si se cumplieron las normativas nacionales de seguridad estructural.<\/span><\/p>\n<p><span lang=\"ES-DO\">Lo ocurrido en Jet Set es una dolorosa advertencia. Una llamada de atenci\u00f3n para revisar no solo esa edificaci\u00f3n, sino tambi\u00e9n muchas otras de uso p\u00fablico que podr\u00edan estar en condiciones similares. La vida de los ciudadanos no puede quedar en manos de la improvisaci\u00f3n ni de la negligencia.<\/span><\/p>\n<p><b><span lang=\"ES-DO\">Necesitamos respuestas. Necesitamos justicia. Y la necesitamos ahora.<\/span><\/b><\/p>\n","protected":false},"excerpt":{"rendered":"<p>Por Dr. Ram\u00f3n Ceballo Lo que alguna vez fue el\u00a0antiguo cine El Portal, y que m\u00e1s tarde se convirti\u00f3 en la emblem\u00e1tica\u00a0discoteca Jet Set\u00a0en Santo Domingo, termin\u00f3 siendo escenario de una tragedia que ha dejado a toda la naci\u00f3n en estado de shock. El desplome total de su techo durante un evento ha provocado no [&hellip;]<\/p>\n","protected":false},"author":1,"featured_media":439237,"comment_status":"open","ping_status":"open","sticky":false,"template":"","format":"standard","meta":{"_bbp_topic_count":0,"_bbp_reply_count":0,"_bbp_total_topic_count":0,"_bbp_total_reply_count":0,"_bbp_voice_count":0,"_bbp_anonymous_reply_count":0,"_bbp_topic_count_hidden":0,"_bbp_reply_count_hidden":0,"_bbp_forum_subforum_count":0,"footnotes":""},"categories":[33],"tags":[],"class_list":{"0":"post-439643","1":"post","2":"type-post","3":"status-publish","4":"format-standard","5":"has-post-thumbnail","7":"category-opinion"},"_links":{"self":[{"href":"https:\/\/primermomento.com\/index.php?rest_route=\/wp\/v2\/posts\/439643","targetHints":{"allow":["GET"]}}],"collection":[{"href":"https:\/\/primermomento.com\/index.php?rest_route=\/wp\/v2\/posts"}],"about":[{"href":"https:\/\/primermomento.com\/index.php?rest_route=\/wp\/v2\/types\/post"}],"author":[{"embeddable":true,"href":"https:\/\/primermomento.com\/index.php?rest_route=\/wp\/v2\/users\/1"}],"replies":[{"embeddable":true,"href":"https:\/\/primermomento.com\/index.php?rest_route=%2Fwp%2Fv2%2Fcomments&post=439643"}],"version-history":[{"count":2,"href":"https:\/\/primermomento.com\/index.php?rest_route=\/wp\/v2\/posts\/439643\/revisions"}],"predecessor-version":[{"id":439645,"href":"https:\/\/primermomento.com\/index.php?rest_route=\/wp\/v2\/posts\/439643\/revisions\/439645"}],"wp:featuredmedia":[{"embeddable":true,"href":"https:\/\/primermomento.com\/index.php?rest_route=\/wp\/v2\/media\/439237"}],"wp:attachment":[{"href":"https:\/\/primermomento.com\/index.php?rest_route=%2Fwp%2Fv2%2Fmedia&parent=439643"}],"wp:term":[{"taxonomy":"category","embeddable":true,"href":"https:\/\/primermomento.com\/index.php?rest_route=%2Fwp%2Fv2%2Fcategories&post=439643"},{"taxonomy":"post_tag","embeddable":true,"href":"https:\/\/primermomento.com\/index.php?rest_route=%2Fwp%2Fv2%2Ftags&post=439643"}],"curies":[{"name":"wp","href":"https:\/\/api.w.org\/{rel}","templated":true}]}}