{"id":439749,"date":"2025-04-14T10:34:24","date_gmt":"2025-04-14T14:34:24","guid":{"rendered":"https:\/\/primermomento.com\/?p=439749"},"modified":"2025-04-14T17:27:42","modified_gmt":"2025-04-14T21:27:42","slug":"trump-y-bukele-en-la-casa-blanca-apretones-de-manos-y-sonrisas","status":"publish","type":"post","link":"https:\/\/primermomento.com\/?p=439749","title":{"rendered":"Trump y Bukele en la Casa Blanca, apretones de manos y sonrisas"},"content":{"rendered":"<p><strong><em>Por <span style=\"color: #ff0000;\">Prensa Latina<\/span><\/em><\/strong><\/p>\n<p>Washington, EEUU.- El presidente de Estados Unidos, Donald Trump, recibi\u00f3 hoy a su par de El Salvador, Nayib Bukele, en la Casa Blanca, primer mandatario latinoamericano al que le da la bienvenida en la mansi\u00f3n ejecutiva desde que regres\u00f3 al cargo.<\/p>\n<p>El gesto lo interpretan aqu\u00ed como una muestra de las buenas relaciones entre ambos, reforzadas desde que Bukele acept\u00f3 ser el depositario en las c\u00e1rceles de su pa\u00eds -por una pago de seis millones de d\u00f3lares anuales- de deportados que Estados Unidos considera criminales y pandilleros.<\/p>\n<p>Trump esper\u00f3 a su invitado en la entrada de la residencia oficial y luego de sonrisas y apretones de manos, as\u00ed como del breve saludo y luego las fotos, los dos accedieron al interior del edificio para las conversaciones.<\/p>\n<p>Al dirigirse a los periodistas, el republicano elogi\u00f3 a Bukele por su \u00ablabor incre\u00edble\u00bb y lo calific\u00f3 de \u00abpresidente excelente\u00bb.<\/p>\n<p>Por su parte, el visitante, en perfecto ingl\u00e9s, dijo que era un honor poder ayudar a Estados Unidos en temas de seguridad.<\/p>\n<p>En la sala estaban los principales miembros del equipo de Trump: el vicepresidente JD Vance, el secretario de Estado Marco Rubio y la secretaria de Seguridad Nacional Kristi Noem, entre otros.<\/p>\n<p>El presidente estadounidense reiter\u00f3 la ret\u00f3rica de durante el gobierno de su antecesor, Joe Biden, entraron miles de criminales y enfermos mentales por la frontera sur y que ahora su administraci\u00f3n pone los correctivos.<\/p>\n<p>La visita de Bukele se produce mientras en las cortes hay una disputa por Kilmar Abrego Garc\u00eda, un nacional salvadore\u00f1o residente legal en Maryland deportado a su pa\u00eds el pasado 15 de marzo en uno de los pol\u00e9micos vuelos del Gogierno de Trump cpn presuntos miembros de las pandillas MS-13 y el Tren de Aragua.<\/p>\n<p>El anfitri\u00f3n dijo previamente que estaba deseoso de ver a su invitado. Precisamente, en un mensaje en su red Truth Social, el mandatario republicano escribi\u00f3: \u201c\u00a1Estoy deseoso de ver al presidente Bukele de El Salvador el lunes!\u201d.<\/p>\n<p>El mensaje en la plataforma especific\u00f3 que ambos pa\u00edses \u201ctrabajan en estrecha colaboraci\u00f3n para erradicar las organizaciones terroristas y construir un futuro de prosperidad\u201d y apunt\u00f3 que \u201cel presidente Bukele ha aceptado con generosidad bajo su custodia a algunos de los enemigos extranjeros m\u00e1s violentos del mundo, y en particular, de Estados Unidos\u201d.<\/p>\n<p>\u201cEstos b\u00e1rbaros est\u00e1n ahora bajo la custodia exclusiva de El Salvador, una naci\u00f3n orgullosa y soberana, y su futuro depende del presidente B (como nombr\u00f3 a Bukele)\u00bb, se\u00f1al\u00f3.<\/p>\n<p>Trump rest\u00f3 importancia este domingo a las preocupaciones sobre los abusos de derechos humanos en el Cecot donde se encuentra recluido Abrego Garc\u00eda.<\/p>\n<p>Esta es la primera visita a la residencia de la avenida Pensilvania de un presidente salvadore\u00f1o desde 2014, cuando Barack Obama dio la bienvenida a Salvador S\u00e1nchez Cer\u00e9n.<\/p>\n","protected":false},"excerpt":{"rendered":"<p>Por Prensa Latina Washington, EEUU.- El presidente de Estados Unidos, Donald Trump, recibi\u00f3 hoy a su par de El Salvador, Nayib Bukele, en la Casa Blanca, primer mandatario latinoamericano al que le da la bienvenida en la mansi\u00f3n ejecutiva desde que regres\u00f3 al cargo. El gesto lo interpretan aqu\u00ed como una muestra de las buenas [&hellip;]<\/p>\n","protected":false},"author":1,"featured_media":439750,"comment_status":"open","ping_status":"open","sticky":false,"template":"","format":"standard","meta":{"_bbp_topic_count":0,"_bbp_reply_count":0,"_bbp_total_topic_count":0,"_bbp_total_reply_count":0,"_bbp_voice_count":0,"_bbp_anonymous_reply_count":0,"_bbp_topic_count_hidden":0,"_bbp_reply_count_hidden":0,"_bbp_forum_subforum_count":0,"footnotes":""},"categories":[61],"tags":[],"class_list":{"0":"post-439749","1":"post","2":"type-post","3":"status-publish","4":"format-standard","5":"has-post-thumbnail","7":"category-mundo"},"_links":{"self":[{"href":"https:\/\/primermomento.com\/index.php?rest_route=\/wp\/v2\/posts\/439749","targetHints":{"allow":["GET"]}}],"collection":[{"href":"https:\/\/primermomento.com\/index.php?rest_route=\/wp\/v2\/posts"}],"about":[{"href":"https:\/\/primermomento.com\/index.php?rest_route=\/wp\/v2\/types\/post"}],"author":[{"embeddable":true,"href":"https:\/\/primermomento.com\/index.php?rest_route=\/wp\/v2\/users\/1"}],"replies":[{"embeddable":true,"href":"https:\/\/primermomento.com\/index.php?rest_route=%2Fwp%2Fv2%2Fcomments&post=439749"}],"version-history":[{"count":1,"href":"https:\/\/primermomento.com\/index.php?rest_route=\/wp\/v2\/posts\/439749\/revisions"}],"predecessor-version":[{"id":439751,"href":"https:\/\/primermomento.com\/index.php?rest_route=\/wp\/v2\/posts\/439749\/revisions\/439751"}],"wp:featuredmedia":[{"embeddable":true,"href":"https:\/\/primermomento.com\/index.php?rest_route=\/wp\/v2\/media\/439750"}],"wp:attachment":[{"href":"https:\/\/primermomento.com\/index.php?rest_route=%2Fwp%2Fv2%2Fmedia&parent=439749"}],"wp:term":[{"taxonomy":"category","embeddable":true,"href":"https:\/\/primermomento.com\/index.php?rest_route=%2Fwp%2Fv2%2Fcategories&post=439749"},{"taxonomy":"post_tag","embeddable":true,"href":"https:\/\/primermomento.com\/index.php?rest_route=%2Fwp%2Fv2%2Ftags&post=439749"}],"curies":[{"name":"wp","href":"https:\/\/api.w.org\/{rel}","templated":true}]}}