{"id":439769,"date":"2025-04-14T07:10:33","date_gmt":"2025-04-14T11:10:33","guid":{"rendered":"https:\/\/primermomento.com\/?p=439769"},"modified":"2025-04-14T17:55:44","modified_gmt":"2025-04-14T21:55:44","slug":"capacitan-a-emprendedores-del-arte-y-la-cultura-en-dominicana","status":"publish","type":"post","link":"https:\/\/primermomento.com\/?p=439769","title":{"rendered":"Capacitan a emprendedores del arte y la cultura en Dominicana"},"content":{"rendered":"<p><strong><em>Por <span style=\"color: #ff0000;\">Prensa Latina<\/span><\/em><\/strong><\/p>\n<p>SANTO DOMINGO, Rep\u00fablica Dominicana.- El Ministerio dominicano de Cultura (MINC) ofreci\u00f3 talleres de capacitaci\u00f3n para impulsar la econom\u00eda naranja y brindar oportunidades formativas y de financiamiento a emprendedores del arte y la cultura, inform\u00f3 hoy la instituci\u00f3n.<\/p>\n<div class=\"elementor-element elementor-element-0aea3a0 elementor-widget elementor-widget-theme-post-content\" data-id=\"0aea3a0\" data-element_type=\"widget\" data-widget_type=\"theme-post-content.default\">\n<div class=\"elementor-widget-container\">\n<p>Esta iniciativa, titulada \u201cGesti\u00f3n Cultural y Econom\u00eda para el Desarrollo Comunitario\u201d, se efectu\u00f3 a trav\u00e9s del Viceministerio de Desarrollo, Innovaci\u00f3n e Investigaci\u00f3n Cultural, y en colaboraci\u00f3n con Promipyme, en la Biblioteca Nacional Pedro Henr\u00edquez Ure\u00f1a.<\/p>\n<p>La cartera de Cultura reiter\u00f3 que el prop\u00f3sito de los talleres fue fortalecer la gesti\u00f3n cultural comunitaria y promover el talento local.<\/p>\n<p>En la ocasi\u00f3n, el viceministro de Desarrollo, Innovaci\u00f3n e Investigaci\u00f3n Cultural, Luis R. Santos, exhort\u00f3 a los participantes a postularse al programa de financiamiento que ofrece Promipyme como una v\u00eda para impulsar sus proyectos culturales.<\/p>\n<p>Puntualiz\u00f3 que el MINC tiene un gran inter\u00e9s en que los gestores culturales desarrollen iniciativas en sus comunidades, ya que, seg\u00fan expres\u00f3, \u201cla cultura es autogesti\u00f3n\u201d.<\/p>\n<p>Esta jornada de capacitaci\u00f3n comprendi\u00f3 los talleres \u201cEducaci\u00f3n Financiera para Proyectos Culturales y el Acceso al Cr\u00e9dito\u201d, \u201cGesti\u00f3n Cultural\u201d y \u201cGesti\u00f3n de la Propiedad Intelectual desde el Emprendimiento Cultural\u201d.<\/p>\n<\/div>\n<\/div>\n<div class=\"elementor-element elementor-element-4f75016 elementor-widget elementor-widget-post-info\" data-id=\"4f75016\" data-element_type=\"widget\" data-widget_type=\"post-info.default\">\n<div class=\"elementor-widget-container\">\n<ul class=\"elementor-inline-items elementor-icon-list-items elementor-post-info\">\n<li class=\"elementor-icon-list-item elementor-repeater-item-17dda3e elementor-inline-item\"><em><span class=\"elementor-icon-list-text elementor-post-info__item elementor-post-info__item--type-custom\">#<a href=\"https:\/\/primermomento.com\/?p=439769\" rel=\"tag\">econom\u00eda naranja<\/a>\u00a0#<a href=\"https:\/\/primermomento.com\/?p=439769\" rel=\"tag\">emprendedores<\/a><\/span><\/em><\/li>\n<\/ul>\n<\/div>\n<\/div>\n","protected":false},"excerpt":{"rendered":"<p>Por Prensa Latina SANTO DOMINGO, Rep\u00fablica Dominicana.- El Ministerio dominicano de Cultura (MINC) ofreci\u00f3 talleres de capacitaci\u00f3n para impulsar la econom\u00eda naranja y brindar oportunidades formativas y de financiamiento a emprendedores del arte y la cultura, inform\u00f3 hoy la instituci\u00f3n. Esta iniciativa, titulada \u201cGesti\u00f3n Cultural y Econom\u00eda para el Desarrollo Comunitario\u201d, se efectu\u00f3 a trav\u00e9s [&hellip;]<\/p>\n","protected":false},"author":1,"featured_media":439770,"comment_status":"open","ping_status":"open","sticky":false,"template":"","format":"standard","meta":{"_bbp_topic_count":0,"_bbp_reply_count":0,"_bbp_total_topic_count":0,"_bbp_total_reply_count":0,"_bbp_voice_count":0,"_bbp_anonymous_reply_count":0,"_bbp_topic_count_hidden":0,"_bbp_reply_count_hidden":0,"_bbp_forum_subforum_count":0,"footnotes":""},"categories":[39],"tags":[],"class_list":{"0":"post-439769","1":"post","2":"type-post","3":"status-publish","4":"format-standard","5":"has-post-thumbnail","7":"category-entretenimiento"},"_links":{"self":[{"href":"https:\/\/primermomento.com\/index.php?rest_route=\/wp\/v2\/posts\/439769","targetHints":{"allow":["GET"]}}],"collection":[{"href":"https:\/\/primermomento.com\/index.php?rest_route=\/wp\/v2\/posts"}],"about":[{"href":"https:\/\/primermomento.com\/index.php?rest_route=\/wp\/v2\/types\/post"}],"author":[{"embeddable":true,"href":"https:\/\/primermomento.com\/index.php?rest_route=\/wp\/v2\/users\/1"}],"replies":[{"embeddable":true,"href":"https:\/\/primermomento.com\/index.php?rest_route=%2Fwp%2Fv2%2Fcomments&post=439769"}],"version-history":[{"count":1,"href":"https:\/\/primermomento.com\/index.php?rest_route=\/wp\/v2\/posts\/439769\/revisions"}],"predecessor-version":[{"id":439771,"href":"https:\/\/primermomento.com\/index.php?rest_route=\/wp\/v2\/posts\/439769\/revisions\/439771"}],"wp:featuredmedia":[{"embeddable":true,"href":"https:\/\/primermomento.com\/index.php?rest_route=\/wp\/v2\/media\/439770"}],"wp:attachment":[{"href":"https:\/\/primermomento.com\/index.php?rest_route=%2Fwp%2Fv2%2Fmedia&parent=439769"}],"wp:term":[{"taxonomy":"category","embeddable":true,"href":"https:\/\/primermomento.com\/index.php?rest_route=%2Fwp%2Fv2%2Fcategories&post=439769"},{"taxonomy":"post_tag","embeddable":true,"href":"https:\/\/primermomento.com\/index.php?rest_route=%2Fwp%2Fv2%2Ftags&post=439769"}],"curies":[{"name":"wp","href":"https:\/\/api.w.org\/{rel}","templated":true}]}}