{"id":439793,"date":"2025-04-15T10:42:29","date_gmt":"2025-04-15T14:42:29","guid":{"rendered":"https:\/\/primermomento.com\/?p=439793"},"modified":"2025-04-26T10:55:48","modified_gmt":"2025-04-26T14:55:48","slug":"el-calentamiento-global-triplico-las-olas-de-calor-marinas-desde-1940","status":"publish","type":"post","link":"https:\/\/primermomento.com\/?p=439793","title":{"rendered":"El calentamiento global triplic\u00f3 las olas de calor marinas desde 1940"},"content":{"rendered":"<p><strong><em>Por<span style=\"color: #ff0000;\"> Prensa Latina<\/span><\/em><\/strong><\/p>\n<p>Washington, EEUU.- Casi la mitad de los episodios de calor extremo marinos pueden atribuirse al cambio clim\u00e1tico, concluye un estudio publicado hoy que atribuye las causas de este fen\u00f3meno a la actividad humana.<\/p>\n<div class=\"elementor elementor-523719 elementor-location-single post-1553066 post type-post status-publish format-standard has-post-thumbnail hentry category-ciencia category-nota-informativa tag-calentamiento tag-ciencias tag-mar tag-temperaturas ruta-geografica-norteamerica\" data-elementor-type=\"single-post\" data-elementor-id=\"523719\" data-elementor-post-type=\"elementor_library\">\n<div class=\"elementor-element elementor-element-6276117 e-flex e-con-boxed e-con e-parent e-lazyloaded\" data-id=\"6276117\" data-element_type=\"container\">\n<div class=\"e-con-inner\">\n<div class=\"elementor-element elementor-element-ee759ba e-con-full e-flex e-con e-child\" data-id=\"ee759ba\" data-element_type=\"container\">\n<div class=\"elementor-element elementor-element-0aea3a0 elementor-widget elementor-widget-theme-post-content\" data-id=\"0aea3a0\" data-element_type=\"widget\" data-widget_type=\"theme-post-content.default\">\n<div class=\"elementor-widget-container\">\n<p>Liderado por investigadores de la Universidad de las Illes Balears y el Instituto Mediterr\u00e1neo de Estudios Avanzados, en el estudio fue elaborado un modelo contrafactual de las temperaturas de la superficie del mar desde 1940 a escala global.<\/p>\n<p>Publicado en la revista cient\u00edfica PNAS, subraya el art\u00edculo que las olas de calor marinas son per\u00edodos prolongados de temperaturas elevadas en la superficie del mar, como el que afect\u00f3 las aguas de las islas brit\u00e1nicas y del Mediterr\u00e1neo en el verano de 2023.<\/p>\n<p>Estos fen\u00f3menos tienen consecuencias importantes para la vida marina, y afectan por ejemplo a los arrecifes de coral y a las praderas marinas\u00bb, afirma Marta Marcos, profesora del departamento de F\u00edsica de la UIB y autora principal del estudio.<\/p>\n<p>A lo largo de las \u00faltimas d\u00e9cadas, la comunidad cient\u00edfica ha constatado como la frecuencia, la intensidad y la duraci\u00f3n de las olas de calor marinas se ha incrementado. El reto sigue siendo cuantificar la contribuci\u00f3n del cambio clim\u00e1tico causado por la actividad humana a las olas de calor marinas observadas.<\/p>\n<p>Para ello, los investigadores han elaborado un modelo contrafactual de las temperaturas de la superficie del mar desde 1940 a escala global.<\/p>\n<p>Este modelo elimina las tendencias del calentamiento global, muestra un clima estable, y permite comparar estos datos con las tendencias observadas a lo largo de m\u00e1s de ocho d\u00e9cadas para cuantificar la contribuci\u00f3n del cambio clim\u00e1tico a las olas de calor marinas.<\/p>\n<p>Seg\u00fan los datos de este modelo, el 47 por ciento de las olas de calor marinas que se han producido entre 2000 y 2020 no habr\u00edan sido calificadas como eventos extremos si no fuera por el efecto del calentamiento global.<\/p>\n<p>Adem\u00e1s, el calentamiento tambi\u00e9n se relacion\u00f3 con un aumento de casi tres veces desde 1940 en el n\u00famero de d\u00edas al a\u00f1o en que los oc\u00e9anos experimentan calor extremo en la superficie. Los resultados tambi\u00e9n mostraron que el calentamiento global es en promedio responsable de un aumento de 1\u00ba C en la intensidad de las olas de calor marinas a lo largo de estas d\u00e9cadas.<\/p>\n<p>Los resultados tambi\u00e9n muestran una pauta de intensificaci\u00f3n amplificada de las olas de calor marinas a partir del a\u00f1o 2000, lo que pone de relieve el papel perjudicial del calentamiento global en los fen\u00f3menos de temperaturas extremas de la superficie del mar.<\/p>\n<\/div>\n<\/div>\n<div class=\"elementor-element elementor-element-4f75016 elementor-widget elementor-widget-post-info\" data-id=\"4f75016\" data-element_type=\"widget\" data-widget_type=\"post-info.default\">\n<div class=\"elementor-widget-container\">\n<ul class=\"elementor-inline-items elementor-icon-list-items elementor-post-info\">\n<li class=\"elementor-icon-list-item elementor-repeater-item-17dda3e elementor-inline-item\"><em><span class=\"elementor-icon-list-text elementor-post-info__item elementor-post-info__item--type-custom\">#<a href=\"https:\/\/primermomento.com\/?p=439793\" rel=\"tag\">calentamiento<\/a>\u00a0#<a href=\"https:\/\/primermomento.com\/?p=439793\" rel=\"tag\">ciencias<\/a>\u00a0#<a href=\"https:\/\/primermomento.com\/?p=439793\" rel=\"tag\">Mar<\/a>\u00a0#<a href=\"https:\/\/primermomento.com\/?p=439793\" rel=\"tag\">temperaturas<\/a><\/span><\/em><\/li>\n<\/ul>\n<\/div>\n<\/div>\n<\/div>\n<\/div>\n<\/div>\n<\/div>\n","protected":false},"excerpt":{"rendered":"<p>Por Prensa Latina Washington, EEUU.- Casi la mitad de los episodios de calor extremo marinos pueden atribuirse al cambio clim\u00e1tico, concluye un estudio publicado hoy que atribuye las causas de este fen\u00f3meno a la actividad humana. Liderado por investigadores de la Universidad de las Illes Balears y el Instituto Mediterr\u00e1neo de Estudios Avanzados, en el [&hellip;]<\/p>\n","protected":false},"author":1,"featured_media":402136,"comment_status":"open","ping_status":"open","sticky":false,"template":"","format":"standard","meta":{"_bbp_topic_count":0,"_bbp_reply_count":0,"_bbp_total_topic_count":0,"_bbp_total_reply_count":0,"_bbp_voice_count":0,"_bbp_anonymous_reply_count":0,"_bbp_topic_count_hidden":0,"_bbp_reply_count_hidden":0,"_bbp_forum_subforum_count":0,"footnotes":""},"categories":[37,109],"tags":[],"class_list":{"0":"post-439793","1":"post","2":"type-post","3":"status-publish","4":"format-standard","5":"has-post-thumbnail","7":"category-ciencia-tecnologia","8":"category-eleccion"},"_links":{"self":[{"href":"https:\/\/primermomento.com\/index.php?rest_route=\/wp\/v2\/posts\/439793","targetHints":{"allow":["GET"]}}],"collection":[{"href":"https:\/\/primermomento.com\/index.php?rest_route=\/wp\/v2\/posts"}],"about":[{"href":"https:\/\/primermomento.com\/index.php?rest_route=\/wp\/v2\/types\/post"}],"author":[{"embeddable":true,"href":"https:\/\/primermomento.com\/index.php?rest_route=\/wp\/v2\/users\/1"}],"replies":[{"embeddable":true,"href":"https:\/\/primermomento.com\/index.php?rest_route=%2Fwp%2Fv2%2Fcomments&post=439793"}],"version-history":[{"count":1,"href":"https:\/\/primermomento.com\/index.php?rest_route=\/wp\/v2\/posts\/439793\/revisions"}],"predecessor-version":[{"id":439794,"href":"https:\/\/primermomento.com\/index.php?rest_route=\/wp\/v2\/posts\/439793\/revisions\/439794"}],"wp:featuredmedia":[{"embeddable":true,"href":"https:\/\/primermomento.com\/index.php?rest_route=\/wp\/v2\/media\/402136"}],"wp:attachment":[{"href":"https:\/\/primermomento.com\/index.php?rest_route=%2Fwp%2Fv2%2Fmedia&parent=439793"}],"wp:term":[{"taxonomy":"category","embeddable":true,"href":"https:\/\/primermomento.com\/index.php?rest_route=%2Fwp%2Fv2%2Fcategories&post=439793"},{"taxonomy":"post_tag","embeddable":true,"href":"https:\/\/primermomento.com\/index.php?rest_route=%2Fwp%2Fv2%2Ftags&post=439793"}],"curies":[{"name":"wp","href":"https:\/\/api.w.org\/{rel}","templated":true}]}}