{"id":440230,"date":"2025-04-22T04:00:52","date_gmt":"2025-04-22T08:00:52","guid":{"rendered":"https:\/\/primermomento.com\/?p=440230"},"modified":"2025-04-22T08:41:24","modified_gmt":"2025-04-22T12:41:24","slug":"una-tragedia-que-nos-plantea-grandes-retos","status":"publish","type":"post","link":"https:\/\/primermomento.com\/?p=440230","title":{"rendered":"Una tragedia que nos plantea grandes retos"},"content":{"rendered":"<p><em><strong>Por <span style=\"color: #ff0000;\">Tom\u00e1s Arias<\/span><\/strong><\/em><\/p>\n<p>La tragedia en la discoteca Jet Set se constituye en un duelo nacional al perecer m\u00e1s de doscientas personas atrapadas debajo de los escombros. Entre los fallecidos hab\u00eda empresarios, pol\u00edticos, deportistas, artistas, activistas sociales, trabajadores de la salud, entre otros, que disfrutaban de esa actividad art\u00edstica.<\/p>\n<p><img loading=\"lazy\" decoding=\"async\" class=\"size-full wp-image-438906 alignleft\" src=\"https:\/\/primermomento.com\/wp-content\/uploads\/2025\/04\/Tomas-Arias.jpg\" alt=\"\" width=\"278\" height=\"278\" srcset=\"https:\/\/primermomento.com\/wp-content\/uploads\/2025\/04\/Tomas-Arias.jpg 278w, https:\/\/primermomento.com\/wp-content\/uploads\/2025\/04\/Tomas-Arias-150x150.jpg 150w\" sizes=\"auto, (max-width: 278px) 100vw, 278px\" \/>Recordamos otras ocurridas en nuestro pa\u00eds, como la explosi\u00f3n de San Crist\u00f3bal, el derrumbe del paso a desnivel de la avenida 27 de Febrero con M\u00e1ximo G\u00f3mez, el incendio de la c\u00e1rcel La Victoria y la explosi\u00f3n en Polyplas.<\/p>\n<p>Ante todos estos sucesos hay que resaltar que los cuerpos de socorro de nuestro pa\u00eds han realizado una ardua labor de rescate con un esfuerzo sobre humano, pero siempre con precariedades por falta de la tecnolog\u00eda y las maquinarias necesarias.<\/p>\n<p>Lo ocurrido en esta ocasi\u00f3n plantea una vez m\u00e1s las carencias que, a pesar del avance que hemos tenido como pa\u00eds en el \u00e1rea econ\u00f3mica, prevalecen en los sectores de protecci\u00f3n civil obligados a respuestas r\u00e1pidas y efectivas ante desastres de esta magnitud.<\/p>\n<p>Nuestros organismos de socorro tienen buena intenci\u00f3n y realizan grandes esfuerzos para preservar la vida de los ciudadanos, pero lo cierto es que no cuentan con los equipos necesarios, las tecnolog\u00edas, las maquinarias que se utilizan ante cat\u00e1strofes de esta \u00edndole. Por eso que cada vez que ocurren estas tragedias se pone al desnudo las deficiencias del Estado dominicano.<\/p>\n<p>La situaci\u00f3n en el terreno del hecho era desesperante para los familiares que esperaban noticias sobre los que estaban atrapados debajo de los escombros y la impotencia los hacia estallar en llanto sin saber qu\u00e9 hacer. Eran escenas desgarradoras lo que se viv\u00eda en el frente de ese lugar y m\u00e1s a\u00fan los que luchaban por sus vidas debajo de los escombros esperando que los rescatistas pudieran llegar hasta ellos y sacarlos con vida mientras eran devorados por un sol implacable que provocaba un calor asfixiante.<\/p>\n<p>En tal sentido planteo al gobierno central crear el Ministerio de Prevenci\u00f3n y Protecci\u00f3n Civil, que deber\u00e1 aglutinar a todos los organismos que se dedican a proteger vidas y bienes, tales como el COE, el Cuerpo Bomberos, Defensa Civil, INDOMET, entre otros. Adem\u00e1s tener como colaboradores permanentes a la Cruz Roja Dominicana, Polic\u00eda Nacional, Fuerzas Armadas, Codia, DIGESETTT y otros. Bien pudiera tener una direcci\u00f3n de seguimiento y supervisi\u00f3n de las infraestructuras p\u00fablicas y privadas.<\/p>\n<p>Este ministerio tendr\u00eda una partida del presupuesto nacional que le permitir\u00eda adquirir las maquinarias y equipos operativos y tecnol\u00f3gicos necesarios para poder hacer frente a cualquier situaci\u00f3n que se presente y adem\u00e1s capacitar los rescatistas y dem\u00e1s personal a nivel de los pa\u00edses m\u00e1s avanzados en esas labores, tales como Jap\u00f3n, China, EEUU, etc.<\/p>\n","protected":false},"excerpt":{"rendered":"<p>Por Tom\u00e1s Arias La tragedia en la discoteca Jet Set se constituye en un duelo nacional al perecer m\u00e1s de doscientas personas atrapadas debajo de los escombros. Entre los fallecidos hab\u00eda empresarios, pol\u00edticos, deportistas, artistas, activistas sociales, trabajadores de la salud, entre otros, que disfrutaban de esa actividad art\u00edstica. Recordamos otras ocurridas en nuestro pa\u00eds, [&hellip;]<\/p>\n","protected":false},"author":1,"featured_media":439721,"comment_status":"open","ping_status":"open","sticky":false,"template":"","format":"standard","meta":{"_bbp_topic_count":0,"_bbp_reply_count":0,"_bbp_total_topic_count":0,"_bbp_total_reply_count":0,"_bbp_voice_count":0,"_bbp_anonymous_reply_count":0,"_bbp_topic_count_hidden":0,"_bbp_reply_count_hidden":0,"_bbp_forum_subforum_count":0,"footnotes":""},"categories":[33],"tags":[],"class_list":{"0":"post-440230","1":"post","2":"type-post","3":"status-publish","4":"format-standard","5":"has-post-thumbnail","7":"category-opinion"},"_links":{"self":[{"href":"https:\/\/primermomento.com\/index.php?rest_route=\/wp\/v2\/posts\/440230","targetHints":{"allow":["GET"]}}],"collection":[{"href":"https:\/\/primermomento.com\/index.php?rest_route=\/wp\/v2\/posts"}],"about":[{"href":"https:\/\/primermomento.com\/index.php?rest_route=\/wp\/v2\/types\/post"}],"author":[{"embeddable":true,"href":"https:\/\/primermomento.com\/index.php?rest_route=\/wp\/v2\/users\/1"}],"replies":[{"embeddable":true,"href":"https:\/\/primermomento.com\/index.php?rest_route=%2Fwp%2Fv2%2Fcomments&post=440230"}],"version-history":[{"count":1,"href":"https:\/\/primermomento.com\/index.php?rest_route=\/wp\/v2\/posts\/440230\/revisions"}],"predecessor-version":[{"id":440231,"href":"https:\/\/primermomento.com\/index.php?rest_route=\/wp\/v2\/posts\/440230\/revisions\/440231"}],"wp:featuredmedia":[{"embeddable":true,"href":"https:\/\/primermomento.com\/index.php?rest_route=\/wp\/v2\/media\/439721"}],"wp:attachment":[{"href":"https:\/\/primermomento.com\/index.php?rest_route=%2Fwp%2Fv2%2Fmedia&parent=440230"}],"wp:term":[{"taxonomy":"category","embeddable":true,"href":"https:\/\/primermomento.com\/index.php?rest_route=%2Fwp%2Fv2%2Fcategories&post=440230"},{"taxonomy":"post_tag","embeddable":true,"href":"https:\/\/primermomento.com\/index.php?rest_route=%2Fwp%2Fv2%2Ftags&post=440230"}],"curies":[{"name":"wp","href":"https:\/\/api.w.org\/{rel}","templated":true}]}}