{"id":440447,"date":"2025-04-24T08:22:07","date_gmt":"2025-04-24T12:22:07","guid":{"rendered":"https:\/\/primermomento.com\/?p=440447"},"modified":"2025-04-24T17:22:15","modified_gmt":"2025-04-24T21:22:15","slug":"urge-ops-a-cerrar-brechas-en-la-cobertura-de-inmunizacion","status":"publish","type":"post","link":"https:\/\/primermomento.com\/?p=440447","title":{"rendered":"Urge OPS a cerrar brechas en la cobertura de inmunizaci\u00f3n"},"content":{"rendered":"<p><strong><em>Por<span style=\"color: #ff0000;\"> Prensa Latina<\/span><\/em><\/strong><\/p>\n<p>Washington, EEUU.- El director de la OPS, Jarbas Barbosa, urgi\u00f3 hoy a adoptar medidas para abordar las brechas en la cobertura de inmunizaci\u00f3n en las Am\u00e9ricas, regi\u00f3n que enfrenta brotes de enfermedades prevenibles por vacunaci\u00f3n, como sarampi\u00f3n.<\/p>\n<div class=\"elementor-element elementor-element-0aea3a0 elementor-widget elementor-widget-theme-post-content\" data-id=\"0aea3a0\" data-element_type=\"widget\" data-widget_type=\"theme-post-content.default\">\n<div class=\"elementor-widget-container\">\n<p>En v\u00edsperas de la Semana de Vacunaci\u00f3n en las Am\u00e9ricas (del 26 de abril al 3 de mayo), el directivo de la Organizaci\u00f3n Panamericana de la Salud (OPS) detall\u00f3 que durante las \u00faltimas cinco d\u00e9cadas, las vacunas han salvado 154 millones de vidas en el mundo y reducido la mortalidad infantil en un 41 por ciento en esta regi\u00f3n.<\/p>\n<p>Sin embargo, \u201cnuestro progreso contra las enfermedades prevenibles por vacunaci\u00f3n requiere un compromiso firme y sostenido con las medidas de salud p\u00fablica adecuadas\u201d, manifest\u00f3.<\/p>\n<p>Puso como ejemplo el sarampi\u00f3n, enfermedad que en 2024 afect\u00f3 a 359 mil personas en el planeta, en tanto se localizaron brotes en seis pa\u00edses de las Am\u00e9ricas con dos mil 313 casos reportados (incluidas tres muertes) en lo que va del a\u00f1o, frente a solo 215 en el mismo per\u00edodo del a\u00f1o anterior.<\/p>\n<p>Barbosa precis\u00f3 que el sarampi\u00f3n es una de las enfermedades m\u00e1s contagiosas del mundo, y los pa\u00edses han tenido dificultades para mantener la cobertura recomendada del 95 por ciento de la vacuna triple viral o SRP (sarampi\u00f3n, rub\u00e9ola y paperas), \u201clo que nos deja susceptibles a casos importados\u201d, acot\u00f3.<\/p>\n<p>Coment\u00f3 que en los \u00faltimos a\u00f1os se han logrado avances: por primera vez desde 2019, la cobertura de la primera dosis de la vacuna SRP aument\u00f3 en 2023, alcanzando el 87 por ciento en las Am\u00e9ricas.<\/p>\n<p>A pesar de esta mejora, persiste una brecha importante: 1,4 millones de ni\u00f1os en la regi\u00f3n no recibieron ninguna dosis de la vacuna ese a\u00f1o.<\/p>\n<p>Se han registrado brotes en comunidades donde entre el tres y el siete por ciento de la poblaci\u00f3n era susceptible, lo que pone de manifiesto el riesgo que representan incluso peque\u00f1os grupos con baja cobertura. Durante la Semana de Vacunaci\u00f3n en las Am\u00e9ricas de este a\u00f1o, los pa\u00edses de la regi\u00f3n planean administrar un estimado de 66,5 millones de dosis de vacunas, incluyendo 2,7 millones contra el sarampi\u00f3n.<\/p>\n<p>Esta iniciativa ha permitido vacunar a m\u00e1s de 1.2 mil millones de personas desde su lanzamiento en 2003.<\/p>\n<\/div>\n<\/div>\n<div class=\"elementor-element elementor-element-4f75016 elementor-widget elementor-widget-post-info\" data-id=\"4f75016\" data-element_type=\"widget\" data-widget_type=\"post-info.default\">\n<div class=\"elementor-widget-container\">\n<ul class=\"elementor-inline-items elementor-icon-list-items elementor-post-info\">\n<li class=\"elementor-icon-list-item elementor-repeater-item-17dda3e elementor-inline-item\"><em><span class=\"elementor-icon-list-text elementor-post-info__item elementor-post-info__item--type-custom\">#<a href=\"https:\/\/primermomento.com\/?p=440447\" rel=\"tag\">Americas<\/a>\u00a0#<a href=\"https:\/\/primermomento.com\/?p=440447\" rel=\"tag\">OPS<\/a>\u00a0#<a href=\"https:\/\/primermomento.com\/?p=440447\" rel=\"tag\">salud<\/a>\u00a0#<a href=\"https:\/\/primermomento.com\/?p=440447\" rel=\"tag\">vacunaci\u00f3n<\/a><\/span><\/em><\/li>\n<\/ul>\n<\/div>\n<\/div>\n","protected":false},"excerpt":{"rendered":"<p>Por Prensa Latina Washington, EEUU.- El director de la OPS, Jarbas Barbosa, urgi\u00f3 hoy a adoptar medidas para abordar las brechas en la cobertura de inmunizaci\u00f3n en las Am\u00e9ricas, regi\u00f3n que enfrenta brotes de enfermedades prevenibles por vacunaci\u00f3n, como sarampi\u00f3n. En v\u00edsperas de la Semana de Vacunaci\u00f3n en las Am\u00e9ricas (del 26 de abril al [&hellip;]<\/p>\n","protected":false},"author":1,"featured_media":437183,"comment_status":"open","ping_status":"open","sticky":false,"template":"","format":"standard","meta":{"_bbp_topic_count":0,"_bbp_reply_count":0,"_bbp_total_topic_count":0,"_bbp_total_reply_count":0,"_bbp_voice_count":0,"_bbp_anonymous_reply_count":0,"_bbp_topic_count_hidden":0,"_bbp_reply_count_hidden":0,"_bbp_forum_subforum_count":0,"footnotes":""},"categories":[36],"tags":[],"class_list":{"0":"post-440447","1":"post","2":"type-post","3":"status-publish","4":"format-standard","5":"has-post-thumbnail","7":"category-salud"},"_links":{"self":[{"href":"https:\/\/primermomento.com\/index.php?rest_route=\/wp\/v2\/posts\/440447","targetHints":{"allow":["GET"]}}],"collection":[{"href":"https:\/\/primermomento.com\/index.php?rest_route=\/wp\/v2\/posts"}],"about":[{"href":"https:\/\/primermomento.com\/index.php?rest_route=\/wp\/v2\/types\/post"}],"author":[{"embeddable":true,"href":"https:\/\/primermomento.com\/index.php?rest_route=\/wp\/v2\/users\/1"}],"replies":[{"embeddable":true,"href":"https:\/\/primermomento.com\/index.php?rest_route=%2Fwp%2Fv2%2Fcomments&post=440447"}],"version-history":[{"count":1,"href":"https:\/\/primermomento.com\/index.php?rest_route=\/wp\/v2\/posts\/440447\/revisions"}],"predecessor-version":[{"id":440448,"href":"https:\/\/primermomento.com\/index.php?rest_route=\/wp\/v2\/posts\/440447\/revisions\/440448"}],"wp:featuredmedia":[{"embeddable":true,"href":"https:\/\/primermomento.com\/index.php?rest_route=\/wp\/v2\/media\/437183"}],"wp:attachment":[{"href":"https:\/\/primermomento.com\/index.php?rest_route=%2Fwp%2Fv2%2Fmedia&parent=440447"}],"wp:term":[{"taxonomy":"category","embeddable":true,"href":"https:\/\/primermomento.com\/index.php?rest_route=%2Fwp%2Fv2%2Fcategories&post=440447"},{"taxonomy":"post_tag","embeddable":true,"href":"https:\/\/primermomento.com\/index.php?rest_route=%2Fwp%2Fv2%2Ftags&post=440447"}],"curies":[{"name":"wp","href":"https:\/\/api.w.org\/{rel}","templated":true}]}}