{"id":440532,"date":"2025-04-25T16:15:42","date_gmt":"2025-04-25T20:15:42","guid":{"rendered":"https:\/\/primermomento.com\/?p=440532"},"modified":"2025-04-26T08:06:14","modified_gmt":"2025-04-26T12:06:14","slug":"ops-llama-a-acelerar-la-eliminacion-de-la-malaria-en-las-americas","status":"publish","type":"post","link":"https:\/\/primermomento.com\/?p=440532","title":{"rendered":"OPS llama a acelerar la eliminaci\u00f3n de la malaria en las Am\u00e9ricas"},"content":{"rendered":"<p><strong><em>Por <span style=\"color: #ff0000;\">Prensa Latina<\/span><\/em><\/strong><\/p>\n<p>Washington, EEUU.- En ocasi\u00f3n de celebrarse hoy el D\u00eda Mundial de la Malaria, la OPS llam\u00f3 a los pa\u00edses de las Am\u00e9ricas a ampliar esfuerzos para acelerar el progreso hacia la eliminaci\u00f3n de esta enfermedad.<\/p>\n<div class=\"elementor-element elementor-element-0aea3a0 elementor-widget elementor-widget-theme-post-content\" data-id=\"0aea3a0\" data-element_type=\"widget\" data-widget_type=\"theme-post-content.default\">\n<div class=\"elementor-widget-container\">\n<p>Tambi\u00e9n llamada paludismo, se trata de una enfermedad febril aguda causada por el par\u00e1sito Plasmodium, que se transmite por la picadura de un mosquito Anopheles hembra infectado.<\/p>\n<p>Los s\u00edntomas, que incluyen fiebre, dolor de cabeza y escalofr\u00edos, pueden ser leves, pero si no se trata, puede evolucionar a formas graves e incluso causar la muerte.<\/p>\n<p>Datos recientes de la Organizaci\u00f3n Panamericana de la Salud (OPS) muestran que, a\u00fan cuando se palpan avances en la lucha contra este mal, existe un estancamiento en la reducci\u00f3n de casos.<\/p>\n<p>En 2023 se registraron 505 mil 600 casos de malaria en las Am\u00e9ricas, de ellos el 92 por ciento en Sudam\u00e9rica.<\/p>\n<p>Brasil, Venezuela y Colombia concentraron el 80 por ciento de todos los casos, siendo este \u00faltimo el pa\u00eds con el mayor n\u00famero de infecciones por Plasmodium falciparum.<\/p>\n<p>Los expertos se\u00f1alan que en algunas de las zonas con una alta carga\u2014como los territorios amaz\u00f3nicos en Sudam\u00e9rica y comunidades en Hait\u00ed\u2014, la poblaci\u00f3n afectada enfrenta barreras para acceder al diagn\u00f3stico y tratamiento adecuados.<\/p>\n<p>Comunidades ind\u00edgenas dispersas, la alta movilidad de poblaciones dedicadas a actividades extractivas como la miner\u00eda de oro y situaciones de inseguridad, son parte de los desaf\u00edos para la eliminaci\u00f3n del paludismo.<\/p>\n<p>Los pueblos ind\u00edgenas contin\u00faan siendo desproporcionadamente afectados: en 2023 representaron el 31 por ciento de todos los casos de malaria y el 41 por ciento de las muertes relacionadas con esta enfermedad en la regi\u00f3n.<\/p>\n<p>\u201cPara hacer frente a esta situaci\u00f3n, es necesario un cambio transformador que garantice el acceso al diagn\u00f3stico y tratamiento de la malaria en todos los territorios donde existe transmisi\u00f3n, sin barreras geogr\u00e1ficas, culturales, legales ni financieras\u201d, dijo el doctor Sylvain Aldighieri, director del Departamento de Prevenci\u00f3n, Control y Eliminaci\u00f3n de Enfermedades Transmisibles de la OPS.<\/p>\n<p>A pesar de los desaf\u00edos, la regi\u00f3n exhibe importantes logros: desde 2018, cuatro pa\u00edses de las Am\u00e9ricas han sido certificados como libres de malaria: Paraguay, Argentina, El Salvador y Belice.<\/p>\n<p>En 2024, Surinam complet\u00f3 tres a\u00f1os sin transmisi\u00f3n aut\u00f3ctona, y pa\u00edses como Costa Rica, M\u00e9xico y Ecuador reportaron avances significativos hacia la interrupci\u00f3n de la transmisi\u00f3n.<\/p>\n<\/div>\n<\/div>\n<div class=\"elementor-element elementor-element-4f75016 elementor-widget elementor-widget-post-info\" data-id=\"4f75016\" data-element_type=\"widget\" data-widget_type=\"post-info.default\">\n<div class=\"elementor-widget-container\">\n<ul class=\"elementor-inline-items elementor-icon-list-items elementor-post-info\">\n<li class=\"elementor-icon-list-item elementor-repeater-item-17dda3e elementor-inline-item\"><em><span class=\"elementor-icon-list-text elementor-post-info__item elementor-post-info__item--type-custom\">#<a href=\"https:\/\/primermomento.com\/?p=440532\" rel=\"tag\">Americas<\/a>\u00a0#<a href=\"https:\/\/primermomento.com\/?p=440532\" rel=\"tag\">malaria<\/a>\u00a0#<a href=\"https:\/\/primermomento.com\/?p=440532\" rel=\"tag\">OPS<\/a>\u00a0#<a href=\"https:\/\/primermomento.com\/?p=440532\" rel=\"tag\">paludismo<\/a>\u00a0#<a href=\"https:\/\/primermomento.com\/?p=440532\" rel=\"tag\">salud<\/a><\/span><\/em><\/li>\n<\/ul>\n<\/div>\n<\/div>\n","protected":false},"excerpt":{"rendered":"<p>Por Prensa Latina Washington, EEUU.- En ocasi\u00f3n de celebrarse hoy el D\u00eda Mundial de la Malaria, la OPS llam\u00f3 a los pa\u00edses de las Am\u00e9ricas a ampliar esfuerzos para acelerar el progreso hacia la eliminaci\u00f3n de esta enfermedad. Tambi\u00e9n llamada paludismo, se trata de una enfermedad febril aguda causada por el par\u00e1sito Plasmodium, que se [&hellip;]<\/p>\n","protected":false},"author":1,"featured_media":440533,"comment_status":"open","ping_status":"open","sticky":false,"template":"","format":"standard","meta":{"_bbp_topic_count":0,"_bbp_reply_count":0,"_bbp_total_topic_count":0,"_bbp_total_reply_count":0,"_bbp_voice_count":0,"_bbp_anonymous_reply_count":0,"_bbp_topic_count_hidden":0,"_bbp_reply_count_hidden":0,"_bbp_forum_subforum_count":0,"footnotes":""},"categories":[36],"tags":[],"class_list":{"0":"post-440532","1":"post","2":"type-post","3":"status-publish","4":"format-standard","5":"has-post-thumbnail","7":"category-salud"},"_links":{"self":[{"href":"https:\/\/primermomento.com\/index.php?rest_route=\/wp\/v2\/posts\/440532","targetHints":{"allow":["GET"]}}],"collection":[{"href":"https:\/\/primermomento.com\/index.php?rest_route=\/wp\/v2\/posts"}],"about":[{"href":"https:\/\/primermomento.com\/index.php?rest_route=\/wp\/v2\/types\/post"}],"author":[{"embeddable":true,"href":"https:\/\/primermomento.com\/index.php?rest_route=\/wp\/v2\/users\/1"}],"replies":[{"embeddable":true,"href":"https:\/\/primermomento.com\/index.php?rest_route=%2Fwp%2Fv2%2Fcomments&post=440532"}],"version-history":[{"count":1,"href":"https:\/\/primermomento.com\/index.php?rest_route=\/wp\/v2\/posts\/440532\/revisions"}],"predecessor-version":[{"id":440534,"href":"https:\/\/primermomento.com\/index.php?rest_route=\/wp\/v2\/posts\/440532\/revisions\/440534"}],"wp:featuredmedia":[{"embeddable":true,"href":"https:\/\/primermomento.com\/index.php?rest_route=\/wp\/v2\/media\/440533"}],"wp:attachment":[{"href":"https:\/\/primermomento.com\/index.php?rest_route=%2Fwp%2Fv2%2Fmedia&parent=440532"}],"wp:term":[{"taxonomy":"category","embeddable":true,"href":"https:\/\/primermomento.com\/index.php?rest_route=%2Fwp%2Fv2%2Fcategories&post=440532"},{"taxonomy":"post_tag","embeddable":true,"href":"https:\/\/primermomento.com\/index.php?rest_route=%2Fwp%2Fv2%2Ftags&post=440532"}],"curies":[{"name":"wp","href":"https:\/\/api.w.org\/{rel}","templated":true}]}}