{"id":440903,"date":"2025-04-30T13:00:54","date_gmt":"2025-04-30T17:00:54","guid":{"rendered":"https:\/\/primermomento.com\/?p=440903"},"modified":"2025-04-30T19:00:06","modified_gmt":"2025-04-30T23:00:06","slug":"estudio-de-la-ops-revela-falta-de-personal-de-salud-en-las-americas","status":"publish","type":"post","link":"https:\/\/primermomento.com\/?p=440903","title":{"rendered":"Estudio de la OPS revela falta de personal de salud en las Am\u00e9ricas"},"content":{"rendered":"<p><strong><em>Por <span style=\"color: #ff0000;\">Prensa Latina<\/span><\/em><\/strong><\/p>\n<p>Washington, EEUU.- Catorce de 39 pa\u00edses de las Am\u00e9ricas carecen de suficientes m\u00e9dicos, enfermeras y parteras para atender las necesidades de salud de su poblaci\u00f3n, revel\u00f3 hoy la Organizaci\u00f3n Panamericana de la Salud (OPS).<\/p>\n<div class=\"elementor-element elementor-element-0aea3a0 elementor-widget elementor-widget-theme-post-content\" data-id=\"0aea3a0\" data-element_type=\"widget\" data-widget_type=\"theme-post-content.default\">\n<div class=\"elementor-widget-container\">\n<p>En un reciente informe sobre la fuerza de trabajo en el sector, el organismo sanitario alert\u00f3 que, de no existir intervenciones inmediatas, la regi\u00f3n podr\u00eda enfrentar un d\u00e9ficit de entre 600 mil y dos millones de trabajadores de salud para 2030, comprometiendo el acceso universal a este vital servicio.<\/p>\n<p>Aunque, con una densidad promedio de 66,57 trabajadores de salud por cada 10 mil habitantes, las Am\u00e9ricas superan el umbral de la Organizaci\u00f3n Mundial de la Salud (44,5), el estudio mostr\u00f3 que persisten grandes desigualdades.<\/p>\n<p>Mientras pa\u00edses como Hait\u00ed (6,38) y Honduras (7,13) enfrentan carencias cr\u00edticas, Cuba y Estados Unidos casi cuadruplican la meta.<\/p>\n<p>Factores como la limitada capacidad formativa, el envejecimiento de la fuerza laboral, la migraci\u00f3n (especialmente en el Caribe) y la distribuci\u00f3n desigual ampl\u00edan la brecha.<\/p>\n<p>El informe examina la situaci\u00f3n del personal de salud a partir de ocho ocupaciones clave \u2014medicina, enfermer\u00eda, parter\u00eda, odontolog\u00eda, farmacia, fisioterapia, psicolog\u00eda y trabajadores comunitarios\u2014 y proporciona datos desagregados por pa\u00eds.<\/p>\n<p>Entre los hallazgos m\u00e1s relevantes se destacan aspectos relacionados con la disponibilidad, la distribuci\u00f3n y la composici\u00f3n del personal.<\/p>\n<p>Por ejemplo, la enfermer\u00eda, ocupaci\u00f3n con m\u00e1s datos disponibles, es predominantemente femenina (89,78 por ciento) y presenta una densidad que var\u00eda considerablemente: desde 131,5 trabajadores por cada 10 mil habitantes en Estados Unidos hasta apenas 3,84 en Hait\u00ed.<\/p>\n<p>Para enfrentar esta problem\u00e1tica, la OPS propone fortalecer los sistemas de informaci\u00f3n de recursos humanos para la salud para monitorear y planificar, aumentar la formaci\u00f3n en parter\u00eda y psicolog\u00eda, y dise\u00f1ar pol\u00edticas intersectoriales para retener el talento.<\/p>\n<p>El informe concluy\u00f3 que, sin inversiones estrat\u00e9gicas en formaci\u00f3n, regulaci\u00f3n, condiciones laborales y distribuci\u00f3n del personal, no ser\u00e1 posible avanzar hacia sistemas de salud verdaderamente universales, equitativos y resilientes.<\/p>\n<p>\u201cEl desaf\u00edo no es solo contar con m\u00e1s profesionales de salud, sino asegurarse de que est\u00e9n donde m\u00e1s se los necesita y cuenten con las capacidades adecuadas para responder a las demandas de la poblaci\u00f3n\u201d, subray\u00f3 el doctor Jarbas Barbosa, director del organismo sanitario.<\/p>\n<\/div>\n<\/div>\n<div class=\"elementor-element elementor-element-4f75016 elementor-widget elementor-widget-post-info\" data-id=\"4f75016\" data-element_type=\"widget\" data-widget_type=\"post-info.default\">\n<div class=\"elementor-widget-container\">\n<ul class=\"elementor-inline-items elementor-icon-list-items elementor-post-info\">\n<li class=\"elementor-icon-list-item elementor-repeater-item-17dda3e elementor-inline-item\"><em><span class=\"elementor-icon-list-text elementor-post-info__item elementor-post-info__item--type-custom\">#<a href=\"https:\/\/primermomento.com\/?p=440903\" rel=\"tag\">Americas<\/a>\u00a0#<a href=\"https:\/\/primermomento.com\/?p=440903\" rel=\"tag\">OPS<\/a>\u00a0#<a href=\"https:\/\/primermomento.com\/?p=440903\" rel=\"tag\">salud<\/a>\u00a0#<a href=\"https:\/\/primermomento.com\/?p=440903\" rel=\"tag\">trabajadores<\/a><\/span><\/em><\/li>\n<\/ul>\n<\/div>\n<\/div>\n","protected":false},"excerpt":{"rendered":"<p>Por Prensa Latina Washington, EEUU.- Catorce de 39 pa\u00edses de las Am\u00e9ricas carecen de suficientes m\u00e9dicos, enfermeras y parteras para atender las necesidades de salud de su poblaci\u00f3n, revel\u00f3 hoy la Organizaci\u00f3n Panamericana de la Salud (OPS). En un reciente informe sobre la fuerza de trabajo en el sector, el organismo sanitario alert\u00f3 que, de [&hellip;]<\/p>\n","protected":false},"author":1,"featured_media":440904,"comment_status":"open","ping_status":"open","sticky":false,"template":"","format":"standard","meta":{"_bbp_topic_count":0,"_bbp_reply_count":0,"_bbp_total_topic_count":0,"_bbp_total_reply_count":0,"_bbp_voice_count":0,"_bbp_anonymous_reply_count":0,"_bbp_topic_count_hidden":0,"_bbp_reply_count_hidden":0,"_bbp_forum_subforum_count":0,"footnotes":""},"categories":[36],"tags":[],"class_list":{"0":"post-440903","1":"post","2":"type-post","3":"status-publish","4":"format-standard","5":"has-post-thumbnail","7":"category-salud"},"_links":{"self":[{"href":"https:\/\/primermomento.com\/index.php?rest_route=\/wp\/v2\/posts\/440903","targetHints":{"allow":["GET"]}}],"collection":[{"href":"https:\/\/primermomento.com\/index.php?rest_route=\/wp\/v2\/posts"}],"about":[{"href":"https:\/\/primermomento.com\/index.php?rest_route=\/wp\/v2\/types\/post"}],"author":[{"embeddable":true,"href":"https:\/\/primermomento.com\/index.php?rest_route=\/wp\/v2\/users\/1"}],"replies":[{"embeddable":true,"href":"https:\/\/primermomento.com\/index.php?rest_route=%2Fwp%2Fv2%2Fcomments&post=440903"}],"version-history":[{"count":1,"href":"https:\/\/primermomento.com\/index.php?rest_route=\/wp\/v2\/posts\/440903\/revisions"}],"predecessor-version":[{"id":440905,"href":"https:\/\/primermomento.com\/index.php?rest_route=\/wp\/v2\/posts\/440903\/revisions\/440905"}],"wp:featuredmedia":[{"embeddable":true,"href":"https:\/\/primermomento.com\/index.php?rest_route=\/wp\/v2\/media\/440904"}],"wp:attachment":[{"href":"https:\/\/primermomento.com\/index.php?rest_route=%2Fwp%2Fv2%2Fmedia&parent=440903"}],"wp:term":[{"taxonomy":"category","embeddable":true,"href":"https:\/\/primermomento.com\/index.php?rest_route=%2Fwp%2Fv2%2Fcategories&post=440903"},{"taxonomy":"post_tag","embeddable":true,"href":"https:\/\/primermomento.com\/index.php?rest_route=%2Fwp%2Fv2%2Ftags&post=440903"}],"curies":[{"name":"wp","href":"https:\/\/api.w.org\/{rel}","templated":true}]}}