{"id":441855,"date":"2025-05-13T07:12:13","date_gmt":"2025-05-13T11:12:13","guid":{"rendered":"https:\/\/primermomento.com\/?p=441855"},"modified":"2025-05-13T11:08:27","modified_gmt":"2025-05-13T15:08:27","slug":"autoridades-de-mexico-investigan-asesinato-de-candidata-a-alcaldia","status":"publish","type":"post","link":"https:\/\/primermomento.com\/?p=441855","title":{"rendered":"Autoridades de M\u00e9xico investigan asesinato de candidata a Alcald\u00eda"},"content":{"rendered":"<p><iframe loading=\"lazy\" title=\"NO COMMENT: Asesinan a una candidata a alcaldesa en M\u00e9xico antes de las elecciones del 1 de junio\" width=\"696\" height=\"392\" src=\"https:\/\/www.youtube.com\/embed\/Wa8YW-JWVGI?start=2&#038;feature=oembed\" frameborder=\"0\" allow=\"accelerometer; autoplay; clipboard-write; encrypted-media; gyroscope; picture-in-picture; web-share\" referrerpolicy=\"strict-origin-when-cross-origin\" allowfullscreen><\/iframe><\/p>\n<p><em><strong>Por <span style=\"color: #ff0000;\">Prensa Latina<\/span><\/strong><\/em><\/p>\n<p>Ciudad de M\u00e9xico, M\u00c9XICO.- La presidenta de M\u00e9xico, Claudia Sheinbaum, inform\u00f3 sobre las investigaciones del asesinato de Yesenia Lara, candidata del gobernante partido Morena a la Alcald\u00eda de Texistepec, en Veracruz.<\/p>\n<div class=\"elementor-element elementor-element-0aea3a0 elementor-widget elementor-widget-theme-post-content\" data-id=\"0aea3a0\" data-element_type=\"widget\" data-widget_type=\"theme-post-content.default\">\n<div class=\"elementor-widget-container\">\n<p>\u201cEstamos en coordinaci\u00f3n, particularmente el secretario de Seguridad (Omar Garc\u00eda), y todo el apoyo que se requiera en este per\u00edodo electoral de Veracruz y tambi\u00e9n de Durango\u201d, afirm\u00f3 la jefa del Ejecutivo en referencia a las entidades, que celebran elecciones locales en junio.<\/p>\n<p><img loading=\"lazy\" decoding=\"async\" class=\"size-medium wp-image-441856 alignright\" src=\"https:\/\/primermomento.com\/wp-content\/uploads\/2025\/05\/yesenia-lara-asesinada-300x169.jpg\" alt=\"\" width=\"300\" height=\"169\" srcset=\"https:\/\/primermomento.com\/wp-content\/uploads\/2025\/05\/yesenia-lara-asesinada-300x169.jpg 300w, https:\/\/primermomento.com\/wp-content\/uploads\/2025\/05\/yesenia-lara-asesinada-768x432.jpg 768w, https:\/\/primermomento.com\/wp-content\/uploads\/2025\/05\/yesenia-lara-asesinada-696x392.jpg 696w, https:\/\/primermomento.com\/wp-content\/uploads\/2025\/05\/yesenia-lara-asesinada.jpg 1013w\" sizes=\"auto, (max-width: 300px) 100vw, 300px\" \/>La mandataria refiri\u00f3 que se desconoce el m\u00f3vil del hecho, pero instruy\u00f3 a las autoridades este lunes entrar en comunicaci\u00f3n con la gobernadora de la entidad federativa, Roc\u00edo Nahle, y en caso necesario, con la Fiscal\u00eda del Estado de Veracruz, para poder apoyar en todo cuanto se necesite.<\/p>\n<p>De acuerdo con el diario La Jornada, hombres armados dispararon ayer contra Lara, justo al terminar actos proselitistas.<\/p>\n<\/div>\n<\/div>\n<div class=\"elementor-element elementor-element-4f75016 elementor-widget elementor-widget-post-info\" data-id=\"4f75016\" data-element_type=\"widget\" data-widget_type=\"post-info.default\">\n<div class=\"elementor-widget-container\">\n<ul class=\"elementor-inline-items elementor-icon-list-items elementor-post-info\">\n<li class=\"elementor-icon-list-item elementor-repeater-item-17dda3e elementor-inline-item\"><em><span class=\"elementor-icon-list-text elementor-post-info__item elementor-post-info__item--type-custom\">#<a href=\"https:\/\/primermomento.com\/?p=441855\" rel=\"tag\">Alcald\u00eda<\/a>\u00a0#<a href=\"https:\/\/primermomento.com\/?p=441855\" rel=\"tag\">M\u00e9xico<\/a> #<a href=\"https:\/\/primermomento.com\/?p=441855\" rel=\"tag\">Veracruz<\/a><\/span><\/em><\/li>\n<\/ul>\n<\/div>\n<\/div>\n","protected":false},"excerpt":{"rendered":"<p>Por Prensa Latina Ciudad de M\u00e9xico, M\u00c9XICO.- La presidenta de M\u00e9xico, Claudia Sheinbaum, inform\u00f3 sobre las investigaciones del asesinato de Yesenia Lara, candidata del gobernante partido Morena a la Alcald\u00eda de Texistepec, en Veracruz. \u201cEstamos en coordinaci\u00f3n, particularmente el secretario de Seguridad (Omar Garc\u00eda), y todo el apoyo que se requiera en este per\u00edodo electoral [&hellip;]<\/p>\n","protected":false},"author":1,"featured_media":441856,"comment_status":"open","ping_status":"open","sticky":false,"template":"","format":"video","meta":{"_bbp_topic_count":0,"_bbp_reply_count":0,"_bbp_total_topic_count":0,"_bbp_total_reply_count":0,"_bbp_voice_count":0,"_bbp_anonymous_reply_count":0,"_bbp_topic_count_hidden":0,"_bbp_reply_count_hidden":0,"_bbp_forum_subforum_count":0,"footnotes":""},"categories":[61,106],"tags":[],"class_list":{"0":"post-441855","1":"post","2":"type-post","3":"status-publish","4":"format-video","5":"has-post-thumbnail","7":"category-mundo","8":"category-video-news","9":"post_format-post-format-video"},"_links":{"self":[{"href":"https:\/\/primermomento.com\/index.php?rest_route=\/wp\/v2\/posts\/441855","targetHints":{"allow":["GET"]}}],"collection":[{"href":"https:\/\/primermomento.com\/index.php?rest_route=\/wp\/v2\/posts"}],"about":[{"href":"https:\/\/primermomento.com\/index.php?rest_route=\/wp\/v2\/types\/post"}],"author":[{"embeddable":true,"href":"https:\/\/primermomento.com\/index.php?rest_route=\/wp\/v2\/users\/1"}],"replies":[{"embeddable":true,"href":"https:\/\/primermomento.com\/index.php?rest_route=%2Fwp%2Fv2%2Fcomments&post=441855"}],"version-history":[{"count":1,"href":"https:\/\/primermomento.com\/index.php?rest_route=\/wp\/v2\/posts\/441855\/revisions"}],"predecessor-version":[{"id":441857,"href":"https:\/\/primermomento.com\/index.php?rest_route=\/wp\/v2\/posts\/441855\/revisions\/441857"}],"wp:featuredmedia":[{"embeddable":true,"href":"https:\/\/primermomento.com\/index.php?rest_route=\/wp\/v2\/media\/441856"}],"wp:attachment":[{"href":"https:\/\/primermomento.com\/index.php?rest_route=%2Fwp%2Fv2%2Fmedia&parent=441855"}],"wp:term":[{"taxonomy":"category","embeddable":true,"href":"https:\/\/primermomento.com\/index.php?rest_route=%2Fwp%2Fv2%2Fcategories&post=441855"},{"taxonomy":"post_tag","embeddable":true,"href":"https:\/\/primermomento.com\/index.php?rest_route=%2Fwp%2Fv2%2Ftags&post=441855"}],"curies":[{"name":"wp","href":"https:\/\/api.w.org\/{rel}","templated":true}]}}