{"id":441901,"date":"2025-05-13T18:32:52","date_gmt":"2025-05-13T22:32:52","guid":{"rendered":"https:\/\/primermomento.com\/?p=441901"},"modified":"2025-05-14T08:39:56","modified_gmt":"2025-05-14T12:39:56","slug":"ejercito-despliega-otros-800-soldados-en-la-frontera-para-reforzar-la-seguridad-nacional","status":"publish","type":"post","link":"https:\/\/primermomento.com\/?p=441901","title":{"rendered":"Ej\u00e9rcito despliega otros 800 soldados en la frontera para reforzar la seguridad nacional"},"content":{"rendered":"<p><strong><em>Por <span style=\"color: #ff0000;\">Servicios de Primermomento.com<\/span><\/em><\/strong><\/p>\n<p><span lang=\"ES-US\" xml:lang=\"ES-US\">SANTO DOMINGO, Rep\u00fablica Dominicana.- Durante una solemne ceremonia, el Ej\u00e9rcito de Rep\u00fablica Dominicana\u00a0inici\u00f3 el env\u00edo de\u00a0otros 800 soldados\u00a0que ser\u00e1n desplegados en la\u00a0l\u00ednea fronteriza,\u00a0como parte del\u00a0reforzamiento\u00a0de las operaciones de\u00a0seguridad\u00a0en esa zona del pa\u00eds.<\/span><\/p>\n<p><span lang=\"ES-US\" xml:lang=\"ES-US\">Este despliegue tiene como objetivo fortalecer los esfuerzos de\u00a0vigilancia, patrullaje y control en la frontera, garantizando as\u00ed la\u00a0protecci\u00f3n del territorio nacional.\u00a0<\/span><\/p>\n<p><span lang=\"ES-US\" xml:lang=\"ES-US\">Las tropas ser\u00e1n asignadas a los\u00a0batallones de infanter\u00eda\u00a0destacados en la l\u00ednea fronteriza, donde ser\u00e1n intensificadas las operaciones de seguridad fronteriza, junto con otros organismos de seguridad.<\/span><\/p>\n<p><span lang=\"ES-US\" xml:lang=\"ES-US\">La ceremonia fue encabezada por el ministro de Defensa, teniente general\u00a0Carlos Antonio Fern\u00e1ndez Onofre,\u00a0y el comandante general del Ej\u00e9rcito, mayor general\u00a0Jorge Iv\u00e1n Camino P\u00e9rez.<\/span><\/p>\n<p><span lang=\"ES-US\" xml:lang=\"ES-US\">Adem\u00e1s, estuvieron presentes el mayor general Miguel \u00c1ngel Rubio B\u00e1ez, viceministro de Defensa para Asuntos Militares; el vicealmirante\u00a0Ram\u00f3n G. Betances Hern\u00e1ndez,\u00a0viceministro de Defensa para Asuntos Navales y Costeros; mayor general\u00a0Carlos Ram\u00f3n Febrillet Rodr\u00edguez, viceministro de Defensa para Asuntos A\u00e9reos y Espaciales, y el mayor general Delio Buenaventura\u00a0Col\u00f3n Rosario\u00a0ERD, inspector general de las FFAA.<\/span><\/p>\n<p><span lang=\"ES-US\" xml:lang=\"ES-US\">Tambi\u00e9n participaron el director general de Migraci\u00f3n, vicealmirante\u00a0Luis Rafael Lee Ballester, ARD; el general de brigada,\u00a0Francisco Dimas \u00c1valo N\u00fa\u00f1ez, subcomandante del ERD, y el general de brigada,\u00a0Rafael Antonio N\u00fa\u00f1ez Veloz, inspector general de la instituci\u00f3n.\u00a0\u00a0<\/span><\/p>\n<p><span lang=\"ES-US\" xml:lang=\"ES-US\">La actividad fue realizada en la Plaza de Ceremonias Mayor General Tommy R. Fern\u00e1ndez Alarc\u00f3n, en el\u00a0Campamento Militar 16 de Agosto, ubicado en Pedro Brand.<\/span><\/p>\n","protected":false},"excerpt":{"rendered":"<p>Por Servicios de Primermomento.com SANTO DOMINGO, Rep\u00fablica Dominicana.- Durante una solemne ceremonia, el Ej\u00e9rcito de Rep\u00fablica Dominicana\u00a0inici\u00f3 el env\u00edo de\u00a0otros 800 soldados\u00a0que ser\u00e1n desplegados en la\u00a0l\u00ednea fronteriza,\u00a0como parte del\u00a0reforzamiento\u00a0de las operaciones de\u00a0seguridad\u00a0en esa zona del pa\u00eds. Este despliegue tiene como objetivo fortalecer los esfuerzos de\u00a0vigilancia, patrullaje y control en la frontera, garantizando as\u00ed la\u00a0protecci\u00f3n del [&hellip;]<\/p>\n","protected":false},"author":1,"featured_media":441902,"comment_status":"open","ping_status":"open","sticky":false,"template":"","format":"standard","meta":{"_bbp_topic_count":0,"_bbp_reply_count":0,"_bbp_total_topic_count":0,"_bbp_total_reply_count":0,"_bbp_voice_count":0,"_bbp_anonymous_reply_count":0,"_bbp_topic_count_hidden":0,"_bbp_reply_count_hidden":0,"_bbp_forum_subforum_count":0,"footnotes":""},"categories":[61],"tags":[],"class_list":{"0":"post-441901","1":"post","2":"type-post","3":"status-publish","4":"format-standard","5":"has-post-thumbnail","7":"category-mundo"},"_links":{"self":[{"href":"https:\/\/primermomento.com\/index.php?rest_route=\/wp\/v2\/posts\/441901","targetHints":{"allow":["GET"]}}],"collection":[{"href":"https:\/\/primermomento.com\/index.php?rest_route=\/wp\/v2\/posts"}],"about":[{"href":"https:\/\/primermomento.com\/index.php?rest_route=\/wp\/v2\/types\/post"}],"author":[{"embeddable":true,"href":"https:\/\/primermomento.com\/index.php?rest_route=\/wp\/v2\/users\/1"}],"replies":[{"embeddable":true,"href":"https:\/\/primermomento.com\/index.php?rest_route=%2Fwp%2Fv2%2Fcomments&post=441901"}],"version-history":[{"count":1,"href":"https:\/\/primermomento.com\/index.php?rest_route=\/wp\/v2\/posts\/441901\/revisions"}],"predecessor-version":[{"id":441903,"href":"https:\/\/primermomento.com\/index.php?rest_route=\/wp\/v2\/posts\/441901\/revisions\/441903"}],"wp:featuredmedia":[{"embeddable":true,"href":"https:\/\/primermomento.com\/index.php?rest_route=\/wp\/v2\/media\/441902"}],"wp:attachment":[{"href":"https:\/\/primermomento.com\/index.php?rest_route=%2Fwp%2Fv2%2Fmedia&parent=441901"}],"wp:term":[{"taxonomy":"category","embeddable":true,"href":"https:\/\/primermomento.com\/index.php?rest_route=%2Fwp%2Fv2%2Fcategories&post=441901"},{"taxonomy":"post_tag","embeddable":true,"href":"https:\/\/primermomento.com\/index.php?rest_route=%2Fwp%2Fv2%2Ftags&post=441901"}],"curies":[{"name":"wp","href":"https:\/\/api.w.org\/{rel}","templated":true}]}}