{"id":441937,"date":"2025-05-14T06:20:20","date_gmt":"2025-05-14T10:20:20","guid":{"rendered":"https:\/\/primermomento.com\/?p=441937"},"modified":"2025-05-14T10:03:36","modified_gmt":"2025-05-14T14:03:36","slug":"lourdia-jean-pierre-o-el-derecho-a-la-vida","status":"publish","type":"post","link":"https:\/\/primermomento.com\/?p=441937","title":{"rendered":"Lourdia Jean Pierre o el derecho a la vida"},"content":{"rendered":"<p><strong><em>Por <span style=\"color: #ff0000;\">C\u00e9sar P\u00e9rez<\/span><\/em><\/strong><\/p>\n<p><strong>Lourdia Jean Pierre<\/strong>\u00a0es el nombre de la se\u00f1ora haitiana que, con dolores de parto, por miedo a ser apresada en un hospital p\u00fablico se sinti\u00f3 obligada a alumbrar en el piso de su casa donde sin asistencia m\u00e9dica muri\u00f3 desangrada. Prefiri\u00f3 el riesgo de parir en su casa que el de ir a un hospital p\u00fablico y ser apresada y montada en un autob\u00fas para ser deportada reci\u00e9n parida junto a su criatura. El mismo dilema lo viven otras mujeres embarazadas o con enfermedades, al igual que haitianos o de su origen sin documentaci\u00f3n que, enfermos, tratan de evadir la crueldad de esa especie de emboscada avisada que la Direcci\u00f3n General de Migraci\u00f3n les tiene tendida en los centros hospitalarios como parte del plan para \u201creducir la presencia de inmigrantes indocumentados\u201d.<\/p>\n<figure id=\"attachment_378785\" aria-describedby=\"caption-attachment-378785\" style=\"width: 300px\" class=\"wp-caption alignleft\"><img loading=\"lazy\" decoding=\"async\" class=\"size-medium wp-image-378785\" src=\"https:\/\/primermomento.com\/wp-content\/uploads\/2023\/02\/cesar-perez-1-300x200.jpeg\" alt=\"\" width=\"300\" height=\"200\" \/><figcaption id=\"caption-attachment-378785\" class=\"wp-caption-text\">C\u00e9sar P\u00e9rez<br \/>Soci\u00f3logo<\/figcaption><\/figure>\n<p>Y es que la crueldad de esa celada constituye uno de los m\u00e1s afrentosos atentados al derecho de nacer, a toda mujer para alumbrar con dignidad, seguridad y cerca de su familia. Lourdia dej\u00f3 hu\u00e9rfana a su criatura reci\u00e9n alumbrada y a dos m\u00e1s que residen en Hait\u00ed. El padre de la criatura, Jean Ronald, con carn\u00e9 de regulaci\u00f3n vencido, como miles en igual condici\u00f3n, fue esposado por la polic\u00eda de Migraci\u00f3n, dici\u00e9ndole que ser\u00eda deportado junto al reci\u00e9n nacido. \u00c9l se defendi\u00f3 alegando que, aunque vencido, ten\u00eda un carn\u00e9 de trabajador agr\u00edcola, el polic\u00eda insisti\u00f3 en su prop\u00f3sito y en ese momento intervino un activista comunitario defensor de los derechos humanos y ante sus alegatos el polic\u00eda llam\u00f3 a un superior y este orden\u00f3 su puesta en libertad. Aplaudo el gesto.<\/p>\n<p>Esto plantea cuestiones no s\u00f3lo legales y de negaci\u00f3n de derecho, sino dilemas morales y \u00e9ticos desgarradores. \u00bfQu\u00e9 pasar\u00eda por la cabeza de una persona que, ante el cad\u00e1ver desangrado de su compa\u00f1era de vida, es amenazado con ser deportado junto al ni\u00f1o que ella reci\u00e9n alumbr\u00f3? \u00bfQu\u00e9 pasar\u00eda por la cabeza de los polic\u00edas que, ante tan tr\u00e1gico momento, ten\u00edan que ejecutar el confuso e inhumano plan de \u201creducci\u00f3n de \u201cindocumentados\u201d sin regulaciones? \u00a0A veces son mujeres polic\u00edas, quiz\u00e1s ellas tambi\u00e9n madres, que conducen a los autobuses a mujeres pr\u00e1cticamente en labor de parto. \u00bfQu\u00e9 pasar\u00eda por la cabeza de estas polic\u00edas? Son \u00e9stos los momentos de tragedia donde no s\u00f3lo se produce muerte y dolor, sino odio y rencores que envenenan el alma de individuos y colectividades, adem\u00e1s de las relaciones entre pa\u00edses.<\/p>\n<p>El odio, la violencia y el racismo son construcciones sociales, nadie nace con ninguna de esas cualidades. Se ense\u00f1an. \u00a0Muchos polic\u00edas y militares est\u00e1n embrutecidos por las arengas de odio y violencia que reciben y lo asumen como primer recurso para ejercer su autoridad, otros tienen dilemas morales y son sensibles a las protestas de los vecinos de las embarazadas y reci\u00e9n paridas que junto a sus hijos son apresadas para ser deportadas. En los lugares donde se producen episodios de violencia, odio y muertes de migrantes, la gente protesta porque saben que la generalidad de estos son trabajadores que mantienen sus familias y que env\u00edan a su pa\u00eds parte de sus magros ingresos para ayudar a familiares que tienen all\u00e1. Como hacen los migrantes dominicanos.<\/p>\n<p>En otro orden, debe reconocerse que la poblaci\u00f3n de origen haitiano podr\u00eda estar llegando a umbrales muy significativos, pero constituye un inaceptable desprop\u00f3sito enfrentar esta problem\u00e1tica violando las leyes 169-14, 285-04, el decreto 327-13 que \u201cinstituye el Plan Nacional de Regularizaci\u00f3n de Extranjeros en Situaci\u00f3n Migratoria\u00bb. Adem\u00e1s, el art\u00edculo 9, numeral 5 de la Ley 286-04 que planea: \u201cProponer estrategias que racionalicen el empleo de mano de obra inmigrante en funci\u00f3n de los requerimientos sectoriales del mercado de trabajo y las demandas de recursos humanos calificados que requiere el proceso de desarrollo\u00bb. Abolir o modificar leyes o decretos, son prerrogativas exclusivas del Congreso Nacional y del TC en los elementos que este considere contrarios a la Constituci\u00f3n.<\/p>\n<p>Es lo que hace este gobierno al plantear que su \u201cpol\u00edtica (migratoria) no incluye ning\u00fan plan de regularizaci\u00f3n\u201d, desconociendo as\u00ed las demandas que en ese sentido hacen las asociaciones de Industria de Republica Dominicana, de la Construcci\u00f3n, de Arroceros, Cacaoteros y algunos industriales fronterizos. Ninguna econom\u00eda funciona bien sin mano de obra, local o extranjera. No es prudente enfrentar los sectores productivos demandantes de mano para operar, ni desafiar organismos internacionales y legaciones extranjeras a los cuales se les conmina, con raz\u00f3n, a un mayor involucramiento en la soluci\u00f3n de la crisis haitiana. Tampoco desafiar una organizaci\u00f3n del prestigio de Amnist\u00eda Internacional, ni a sectores nacionales de matriz religiosa y a activistas e intelectuales de larga tradici\u00f3n democr\u00e1tica.<\/p>\n<p>Desde\u00f1ar a estos \u00faltimos sectores, que fueron claves para que se instalara la mayor\u00eda que hoy es gobierno, para apoyarse en grup\u00fasculos familiares y paramilitares neonazi\/fascistas y terroristas constituye un sinsentido. Vivimos momentos de grandes conflictos de negaci\u00f3n de derechos individuales, colectivos, familiares, territoriales, migratorios, de certezas y de fe que, recordando a Umberto Eco en una amistosa carta al cardenal Carlos Mar\u00eda Martini, dec\u00eda que para afrontarlos \u201cdeben prevalecer la Caridad y la Prudencia\u201d. Lourdia Jean Pierre muri\u00f3 por la inexistencia de estas virtudes.<\/p>\n","protected":false},"excerpt":{"rendered":"<p>Por C\u00e9sar P\u00e9rez Lourdia Jean Pierre\u00a0es el nombre de la se\u00f1ora haitiana que, con dolores de parto, por miedo a ser apresada en un hospital p\u00fablico se sinti\u00f3 obligada a alumbrar en el piso de su casa donde sin asistencia m\u00e9dica muri\u00f3 desangrada. Prefiri\u00f3 el riesgo de parir en su casa que el de ir [&hellip;]<\/p>\n","protected":false},"author":1,"featured_media":441938,"comment_status":"open","ping_status":"open","sticky":false,"template":"","format":"standard","meta":{"_bbp_topic_count":0,"_bbp_reply_count":0,"_bbp_total_topic_count":0,"_bbp_total_reply_count":0,"_bbp_voice_count":0,"_bbp_anonymous_reply_count":0,"_bbp_topic_count_hidden":0,"_bbp_reply_count_hidden":0,"_bbp_forum_subforum_count":0,"footnotes":""},"categories":[33],"tags":[],"class_list":{"0":"post-441937","1":"post","2":"type-post","3":"status-publish","4":"format-standard","5":"has-post-thumbnail","7":"category-opinion"},"_links":{"self":[{"href":"https:\/\/primermomento.com\/index.php?rest_route=\/wp\/v2\/posts\/441937","targetHints":{"allow":["GET"]}}],"collection":[{"href":"https:\/\/primermomento.com\/index.php?rest_route=\/wp\/v2\/posts"}],"about":[{"href":"https:\/\/primermomento.com\/index.php?rest_route=\/wp\/v2\/types\/post"}],"author":[{"embeddable":true,"href":"https:\/\/primermomento.com\/index.php?rest_route=\/wp\/v2\/users\/1"}],"replies":[{"embeddable":true,"href":"https:\/\/primermomento.com\/index.php?rest_route=%2Fwp%2Fv2%2Fcomments&post=441937"}],"version-history":[{"count":1,"href":"https:\/\/primermomento.com\/index.php?rest_route=\/wp\/v2\/posts\/441937\/revisions"}],"predecessor-version":[{"id":441939,"href":"https:\/\/primermomento.com\/index.php?rest_route=\/wp\/v2\/posts\/441937\/revisions\/441939"}],"wp:featuredmedia":[{"embeddable":true,"href":"https:\/\/primermomento.com\/index.php?rest_route=\/wp\/v2\/media\/441938"}],"wp:attachment":[{"href":"https:\/\/primermomento.com\/index.php?rest_route=%2Fwp%2Fv2%2Fmedia&parent=441937"}],"wp:term":[{"taxonomy":"category","embeddable":true,"href":"https:\/\/primermomento.com\/index.php?rest_route=%2Fwp%2Fv2%2Fcategories&post=441937"},{"taxonomy":"post_tag","embeddable":true,"href":"https:\/\/primermomento.com\/index.php?rest_route=%2Fwp%2Fv2%2Ftags&post=441937"}],"curies":[{"name":"wp","href":"https:\/\/api.w.org\/{rel}","templated":true}]}}