{"id":442396,"date":"2025-05-19T14:10:51","date_gmt":"2025-05-19T18:10:51","guid":{"rendered":"https:\/\/primermomento.com\/?p=442396"},"modified":"2025-05-19T18:15:27","modified_gmt":"2025-05-19T22:15:27","slug":"leonel-fernandez-llama-a-reflexionar-sobre-el-proyecto-de-ley-de-libertad-de-expresion-y-medios-audiovisuales","status":"publish","type":"post","link":"https:\/\/primermomento.com\/?p=442396","title":{"rendered":"Leonel Fern\u00e1ndez llama a reflexionar sobre el Proyecto de Ley de Libertad de Expresi\u00f3n y Medios Audiovisuales"},"content":{"rendered":"<p><strong><em>Por <span style=\"color: #ff0000;\">Servicios de Primermomento.com<\/span><\/em><\/strong><\/p>\n<p>SANTO DOMINGO, Rep\u00fablica Dominicana.- El expresidente de la Rep\u00fablica y presidente del partido Fuerza del Pueblo, Leonel Fern\u00e1ndez, llam\u00f3 a abrir un espacio de reflexi\u00f3n cr\u00edtica sobre el Proyecto de Ley Org\u00e1nica de Libertad de Expresi\u00f3n y Medios Audiovisuales, sometido recientemente al Congreso Nacional por el Poder Ejecutivo.<\/p>\n<p>El planteamiento fue presentado en su columna quincenal \u00abObservatorio Global\u00bb, donde reconoce como m\u00e9rito del proyecto su intenci\u00f3n de superar el anacronismo de la Ley 6132 sobre expresi\u00f3n y difusi\u00f3n del pensamiento, de 1962, y del Reglamento 824, de 1971. No obstante, advierte sobre deficiencias estructurales y omisiones importantes que, a su juicio, deben ser abordadas antes de su aprobaci\u00f3n.<\/p>\n<p>Fern\u00e1ndez se\u00f1ala que, aunque la iniciativa se sustenta en principios legales nacionales e internacionales y busca regular la libertad de expresi\u00f3n en medios impresos, digitales, audiovisuales y algor\u00edtmicos, existe una incongruencia en el tratamiento de los medios tradicionales. Subraya que las plataformas digitales reciben atenci\u00f3n prioritaria, mientras que la radio y la televisi\u00f3n modalidades ausentes en la ley vigente son abordadas de forma limitada e insuficiente.<\/p>\n<p>Cuestiona, adem\u00e1s, la ausencia de referencias a tratados internacionales sobre telecomunicaciones, al estatuto legal de las empresas audiovisuales, y a la clasificaci\u00f3n de los diferentes modelos de transmisi\u00f3n televisiva. Tambi\u00e9n plantea interrogantes esenciales, como los criterios para la distribuci\u00f3n del espectro radioel\u00e9ctrico o las responsabilidades del personal que trabaja en medios audiovisuales.<\/p>\n<p>En el an\u00e1lisis, Fern\u00e1ndez destaca que varios pa\u00edses han comenzado a regular las nuevas formas de comunicaci\u00f3n digital y algor\u00edtmica como la Uni\u00f3n Europea, Espa\u00f1a y Brasil, aunque se trata de un campo todav\u00eda en evoluci\u00f3n. En ese contexto, cuestiona que el proyecto dominicano proponga reactivar la Comisi\u00f3n de Espect\u00e1culos P\u00fablicos bajo una nueva figura, el Instituto Nacional de Comunicaci\u00f3n Audiovisual (INACOM), con potestades sancionadoras que podr\u00edan generar controversias.<\/p>\n<p>El tambi\u00e9n presidente de la Fundaci\u00f3n Global Democracia y Desarrollo (FUNGLODE) concluye que, aunque el proyecto representa una oportunidad para modernizar el marco legal sobre libertad de expresi\u00f3n, es indispensable someterlo a un debate amplio, riguroso y plural que garantice su coherencia, equidad y respeto a los principios democr\u00e1ticos.<\/p>\n","protected":false},"excerpt":{"rendered":"<p>Por Servicios de Primermomento.com SANTO DOMINGO, Rep\u00fablica Dominicana.- El expresidente de la Rep\u00fablica y presidente del partido Fuerza del Pueblo, Leonel Fern\u00e1ndez, llam\u00f3 a abrir un espacio de reflexi\u00f3n cr\u00edtica sobre el Proyecto de Ley Org\u00e1nica de Libertad de Expresi\u00f3n y Medios Audiovisuales, sometido recientemente al Congreso Nacional por el Poder Ejecutivo. El planteamiento fue [&hellip;]<\/p>\n","protected":false},"author":1,"featured_media":423006,"comment_status":"open","ping_status":"open","sticky":false,"template":"","format":"standard","meta":{"_bbp_topic_count":0,"_bbp_reply_count":0,"_bbp_total_topic_count":0,"_bbp_total_reply_count":0,"_bbp_voice_count":0,"_bbp_anonymous_reply_count":0,"_bbp_topic_count_hidden":0,"_bbp_reply_count_hidden":0,"_bbp_forum_subforum_count":0,"footnotes":""},"categories":[31],"tags":[],"class_list":{"0":"post-442396","1":"post","2":"type-post","3":"status-publish","4":"format-standard","5":"has-post-thumbnail","7":"category-estados-unidos"},"_links":{"self":[{"href":"https:\/\/primermomento.com\/index.php?rest_route=\/wp\/v2\/posts\/442396","targetHints":{"allow":["GET"]}}],"collection":[{"href":"https:\/\/primermomento.com\/index.php?rest_route=\/wp\/v2\/posts"}],"about":[{"href":"https:\/\/primermomento.com\/index.php?rest_route=\/wp\/v2\/types\/post"}],"author":[{"embeddable":true,"href":"https:\/\/primermomento.com\/index.php?rest_route=\/wp\/v2\/users\/1"}],"replies":[{"embeddable":true,"href":"https:\/\/primermomento.com\/index.php?rest_route=%2Fwp%2Fv2%2Fcomments&post=442396"}],"version-history":[{"count":1,"href":"https:\/\/primermomento.com\/index.php?rest_route=\/wp\/v2\/posts\/442396\/revisions"}],"predecessor-version":[{"id":442397,"href":"https:\/\/primermomento.com\/index.php?rest_route=\/wp\/v2\/posts\/442396\/revisions\/442397"}],"wp:featuredmedia":[{"embeddable":true,"href":"https:\/\/primermomento.com\/index.php?rest_route=\/wp\/v2\/media\/423006"}],"wp:attachment":[{"href":"https:\/\/primermomento.com\/index.php?rest_route=%2Fwp%2Fv2%2Fmedia&parent=442396"}],"wp:term":[{"taxonomy":"category","embeddable":true,"href":"https:\/\/primermomento.com\/index.php?rest_route=%2Fwp%2Fv2%2Fcategories&post=442396"},{"taxonomy":"post_tag","embeddable":true,"href":"https:\/\/primermomento.com\/index.php?rest_route=%2Fwp%2Fv2%2Ftags&post=442396"}],"curies":[{"name":"wp","href":"https:\/\/api.w.org\/{rel}","templated":true}]}}