{"id":442414,"date":"2025-05-19T06:47:20","date_gmt":"2025-05-19T10:47:20","guid":{"rendered":"https:\/\/primermomento.com\/?p=442414"},"modified":"2025-05-19T15:36:08","modified_gmt":"2025-05-19T19:36:08","slug":"abre-en-ginebra-78-asamblea-mundial-de-la-salud","status":"publish","type":"post","link":"https:\/\/primermomento.com\/?p=442414","title":{"rendered":"Abre en Ginebra 78 Asamblea Mundial de la Salud"},"content":{"rendered":"<p><em><strong>Por <span style=\"color: #ff0000;\">Prensa Latina<\/span><\/strong><\/em><\/p>\n<p>Ginebra, SUIZA.- La 78 Asamblea Mundial de la Salud comienza hoy en esta capital centrada en la aprobaci\u00f3n de m\u00e1s de 40 resoluciones, entre ellas el Tratado sobre futuras pandemias.<\/p>\n<div class=\"elementor-element elementor-element-0aea3a0 elementor-widget elementor-widget-theme-post-content\" data-id=\"0aea3a0\" data-element_type=\"widget\" data-widget_type=\"theme-post-content.default\">\n<div class=\"elementor-widget-container\">\n<p>Bajo el lema Un mundo unido por la salud, el programa de la cita, que se extiende hasta el d\u00eda 27, incluye que los delegados, reunidos en el Palacio de las Naciones, debatan acerca del proyecto de presupuesto por programas 2026-2027, alineado con el 14\u00ba Programa General de Trabajo de la OMS, la estrategia global de salud de la organizaci\u00f3n para el per\u00edodo 2025\u20132028.<\/p>\n<p>Adem\u00e1s, se tomar\u00e1n decisiones sobre prioridades como la eliminaci\u00f3n del c\u00e1ncer cervicouterino, la salud pulmonar y renal, enfermedades raras, capacidad de diagn\u00f3stico por im\u00e1genes, enfermedades de la piel, medicina tradicional, exposici\u00f3n al plomo, financiamiento sanitario y resistencia a los antimicrobianos.<\/p>\n<p>M\u00e1s de 190 pa\u00edses aprobaron hace apenas un mes el texto del Tratado sobre prevenci\u00f3n, preparaci\u00f3n y respuesta frente a pandemias, como parte de las negociaciones de la Organizaci\u00f3n Mundial de la Salud (OMS).<\/p>\n<p>Este tratado ayudar\u00e1 a una mejor coordinaci\u00f3n entre los pa\u00edses y a un reparto m\u00e1s equitativo de los recursos disponibles para enfrentar la pr\u00f3xima pandemia, la cual los cient\u00edficos han advertido que ocurrir\u00e1 tarde o temprano con alg\u00fan nuevo pat\u00f3geno.<\/p>\n<p>Despu\u00e9s de tres a\u00f1os de intensas negociaciones, los miembros de la OMS dieron un gran paso adelante en los esfuerzos por hacer el mundo m\u00e1s seguro ante pandemias al forjar un borrador de acuerdo para ponerlo a consideraci\u00f3n en la Asamblea Mundial de la Salud de mayo, dijo la organizaci\u00f3n en una primera reacci\u00f3n.<\/p>\n<p>La idea, lanzada en diciembre de 2020, el primer a\u00f1o de la pandemia, fue respaldada por el director general de la OMS, Tedros Adhanom Ghebreyesus y poco despu\u00e9s los Estados miembros de la organizaci\u00f3n aprobaron el inicio de las negociaciones y se dieron de plazo hasta 2024 para completarlas, aunque tuvieron que prolongar ese plazo un a\u00f1o m\u00e1s.<\/p>\n<p>A juicio de la OMS, el tratado se apoya en las evidencias hist\u00f3ricas y epidemiol\u00f3gicas, da por seguro que la pandemia de Covid-19 no ser\u00e1 la \u00faltima y considera que un tratado internacional ayudar\u00eda a preparar mejor al mundo para las que lleguen en el futuro.<\/p>\n<p>Las pandemias son una amenaza para las sociedades y econom\u00edas, y que se requiere cooperaci\u00f3n y solidaridad para combatirlas. En esa l\u00ednea, el objetivo del acuerdo es mejorar la prevenci\u00f3n, preparaci\u00f3n y respuesta frente a emergencias sanitarias de tal magnitud, subraya el texto.<\/p>\n<p>Seg\u00fan el acuerdo, el tratado se\u00f1ala que los pa\u00edses firmantes deben fortalecer sus sistemas de alerta temprana y de identificaci\u00f3n de nuevas enfermedades zoon\u00f3ticas (las que se transmiten del animal al ser humano) y fortalecer la bioseguridad en los laboratorios.<\/p>\n<p>Establece, a la par, un nuevo mecanismo de acceso y participaci\u00f3n en los beneficios que se obtengan de los pat\u00f3genos compartidos en un sistema existente y que gestiona la OMS.<\/p>\n<p>\u00d3rgano decisorio de la OMS, a la Asamblea Mundial de la Salud asisten delegaciones de todos los Estados Miembros de la Organizaci\u00f3n.<\/p>\n<p>Sus principales funciones son determinar las pol\u00edticas, nombrar al director general, supervisar las pol\u00edticas financieras, y examinar y aprobar el proyecto de presupuesto por programas.<\/p>\n<\/div>\n<\/div>\n<div class=\"elementor-element elementor-element-4f75016 elementor-widget elementor-widget-post-info\" data-id=\"4f75016\" data-element_type=\"widget\" data-widget_type=\"post-info.default\">\n<div class=\"elementor-widget-container\">\n<ul class=\"elementor-inline-items elementor-icon-list-items elementor-post-info\">\n<li class=\"elementor-icon-list-item elementor-repeater-item-17dda3e elementor-inline-item\"><em><span class=\"elementor-icon-list-text elementor-post-info__item elementor-post-info__item--type-custom\">#<a href=\"https:\/\/primermomento.com\/?p=442414\" rel=\"tag\">asamblea<\/a>\u00a0#<a href=\"https:\/\/primermomento.com\/?p=442414\" rel=\"tag\">Ginebra<\/a>\u00a0#<a href=\"https:\/\/primermomento.com\/?p=442414\" rel=\"tag\">Mundial<\/a>\u00a0#<a href=\"https:\/\/primermomento.com\/?p=442414\" rel=\"tag\">pandemias<\/a>\u00a0#<a href=\"https:\/\/primermomento.com\/?p=442414\" rel=\"tag\">salud<\/a>\u00a0#<a href=\"https:\/\/primermomento.com\/?p=442414\" rel=\"tag\">Tratado<\/a><\/span><\/em><\/li>\n<\/ul>\n<\/div>\n<\/div>\n","protected":false},"excerpt":{"rendered":"<p>Por Prensa Latina Ginebra, SUIZA.- La 78 Asamblea Mundial de la Salud comienza hoy en esta capital centrada en la aprobaci\u00f3n de m\u00e1s de 40 resoluciones, entre ellas el Tratado sobre futuras pandemias. Bajo el lema Un mundo unido por la salud, el programa de la cita, que se extiende hasta el d\u00eda 27, incluye [&hellip;]<\/p>\n","protected":false},"author":1,"featured_media":442415,"comment_status":"open","ping_status":"open","sticky":false,"template":"","format":"standard","meta":{"_bbp_topic_count":0,"_bbp_reply_count":0,"_bbp_total_topic_count":0,"_bbp_total_reply_count":0,"_bbp_voice_count":0,"_bbp_anonymous_reply_count":0,"_bbp_topic_count_hidden":0,"_bbp_reply_count_hidden":0,"_bbp_forum_subforum_count":0,"footnotes":""},"categories":[36],"tags":[],"class_list":{"0":"post-442414","1":"post","2":"type-post","3":"status-publish","4":"format-standard","5":"has-post-thumbnail","7":"category-salud"},"_links":{"self":[{"href":"https:\/\/primermomento.com\/index.php?rest_route=\/wp\/v2\/posts\/442414","targetHints":{"allow":["GET"]}}],"collection":[{"href":"https:\/\/primermomento.com\/index.php?rest_route=\/wp\/v2\/posts"}],"about":[{"href":"https:\/\/primermomento.com\/index.php?rest_route=\/wp\/v2\/types\/post"}],"author":[{"embeddable":true,"href":"https:\/\/primermomento.com\/index.php?rest_route=\/wp\/v2\/users\/1"}],"replies":[{"embeddable":true,"href":"https:\/\/primermomento.com\/index.php?rest_route=%2Fwp%2Fv2%2Fcomments&post=442414"}],"version-history":[{"count":1,"href":"https:\/\/primermomento.com\/index.php?rest_route=\/wp\/v2\/posts\/442414\/revisions"}],"predecessor-version":[{"id":442416,"href":"https:\/\/primermomento.com\/index.php?rest_route=\/wp\/v2\/posts\/442414\/revisions\/442416"}],"wp:featuredmedia":[{"embeddable":true,"href":"https:\/\/primermomento.com\/index.php?rest_route=\/wp\/v2\/media\/442415"}],"wp:attachment":[{"href":"https:\/\/primermomento.com\/index.php?rest_route=%2Fwp%2Fv2%2Fmedia&parent=442414"}],"wp:term":[{"taxonomy":"category","embeddable":true,"href":"https:\/\/primermomento.com\/index.php?rest_route=%2Fwp%2Fv2%2Fcategories&post=442414"},{"taxonomy":"post_tag","embeddable":true,"href":"https:\/\/primermomento.com\/index.php?rest_route=%2Fwp%2Fv2%2Ftags&post=442414"}],"curies":[{"name":"wp","href":"https:\/\/api.w.org\/{rel}","templated":true}]}}