{"id":442483,"date":"2025-05-20T07:15:30","date_gmt":"2025-05-20T11:15:30","guid":{"rendered":"https:\/\/primermomento.com\/?p=442483"},"modified":"2025-05-21T06:42:58","modified_gmt":"2025-05-21T10:42:58","slug":"adoptan-primer-acuerdo-de-cooperacion-global-ante-pandemias","status":"publish","type":"post","link":"https:\/\/primermomento.com\/?p=442483","title":{"rendered":"Adoptan primer acuerdo de cooperaci\u00f3n global ante pandemias"},"content":{"rendered":"<p><iframe loading=\"lazy\" title=\"Los pa\u00edses de la OMS aprueban un tratado hist\u00f3rico para evitar otra pandemia como la del COVID-19\" width=\"696\" height=\"392\" src=\"https:\/\/www.youtube.com\/embed\/BwdYQfgcaOU?start=1&#038;feature=oembed\" frameborder=\"0\" allow=\"accelerometer; autoplay; clipboard-write; encrypted-media; gyroscope; picture-in-picture; web-share\" referrerpolicy=\"strict-origin-when-cross-origin\" allowfullscreen><\/iframe><\/p>\n<p><em><strong>Por <span style=\"color: #ff0000;\">Prensa Latina<\/span><\/strong><\/em><\/p>\n<p>Naciones Unidas, NACIONES UNIDAS.- La Asamblea Mundial de Salud anunci\u00f3 hoy el primer acuerdo internacional para prevenir y responder ante pandemias, lo que asegura la cooperaci\u00f3n global en funci\u00f3n de salvar vidas y evitar las consecuencias de brotes epid\u00e9micos.<\/p>\n<div class=\"elementor-element elementor-element-0aea3a0 elementor-widget elementor-widget-theme-post-content\" data-id=\"0aea3a0\" data-element_type=\"widget\" data-widget_type=\"theme-post-content.default\">\n<div class=\"elementor-widget-container\">\n<p>El acuerdo, aprobado por 124 pa\u00edses sobre 11 abstenciones y ning\u00fan voto contrario, incluye entre sus objetivos fundamentales el de reducir brechas entre las naciones y conectar esfuerzos para tratar futuras pandemias de una manera m\u00e1s justa y eficiente.<\/p>\n<p><img loading=\"lazy\" decoding=\"async\" class=\"size-medium wp-image-442484 alignleft\" src=\"https:\/\/primermomento.com\/wp-content\/uploads\/2025\/05\/pandemias-y-cooperacion-global-300x169.jpg\" alt=\"\" width=\"300\" height=\"169\" srcset=\"https:\/\/primermomento.com\/wp-content\/uploads\/2025\/05\/pandemias-y-cooperacion-global-300x169.jpg 300w, https:\/\/primermomento.com\/wp-content\/uploads\/2025\/05\/pandemias-y-cooperacion-global.jpg 480w\" sizes=\"auto, (max-width: 300px) 100vw, 300px\" \/>\u00abAhora que hemos tra\u00eddo a la vida este acuerdo, debemos actuar con la misma urgencia para implementar sus elementos cr\u00edticos, incluidos los sistemas para asegurar el acceso equitativo a los productos de salud destinados a salvar vidas en situaciones de pandemia\u00bb, enfatiz\u00f3 el doctor Teodoro Herbosa, secretario del Departamento de Salud de Filipinas y presidente de la Asamblea en 2025.<\/p>\n<p>De acuerdo con el c\u00f3nclave, el pr\u00f3ximo paso hacia la implementaci\u00f3n pr\u00e1ctica del acuerdo ser\u00e1 el lanzamiento del Sistema de Acceso a Pat\u00f3genos y Beneficios Compartidos a trav\u00e9s de un grupo de trabajo intergubernamental, que ser\u00e1 evaluado por la Asamblea, que convoca anualmente la Organizaci\u00f3n Mundial de la Salud, en 2026.<\/p>\n<p>La iniciativa contempla adem\u00e1s la creaci\u00f3n de un mecanismo financiero para la prevenci\u00f3n, la preparaci\u00f3n y la respuesta a pandemias y de la Cadena Global de Suministros que se encargar\u00e1 de \u00abpotenciar, facilitar y trabajar para eliminar barreras y asegurar el acceso equitativo, oportuno, seguro y asequible a productos de salud a pa\u00edses vulnerables durante emergencias sanitarias de inter\u00e9s internacional\u00bb.<\/p>\n<p>\u00abEl acuerdo constituye una victoria para la Salud P\u00fablica, la Ciencia y la acci\u00f3n multilateral\u00bb, afirm\u00f3 Tetros.<\/p>\n<\/div>\n<\/div>\n<div class=\"elementor-element elementor-element-4f75016 elementor-widget elementor-widget-post-info\" data-id=\"4f75016\" data-element_type=\"widget\" data-widget_type=\"post-info.default\">\n<div class=\"elementor-widget-container\">\n<ul class=\"elementor-inline-items elementor-icon-list-items elementor-post-info\">\n<li class=\"elementor-icon-list-item elementor-repeater-item-17dda3e elementor-inline-item\"><em><span class=\"elementor-icon-list-text elementor-post-info__item elementor-post-info__item--type-custom\">#<a href=\"https:\/\/primermomento.com\/?p=442483\" rel=\"tag\">OMS<\/a>\u00a0#<a href=\"https:\/\/primermomento.com\/?p=442483\" rel=\"tag\">ONU<\/a>\u00a0#<a href=\"https:\/\/primermomento.com\/?p=442483\" rel=\"tag\">salud<\/a><\/span><\/em><\/li>\n<\/ul>\n<\/div>\n<\/div>\n","protected":false},"excerpt":{"rendered":"<p>Por Prensa Latina Naciones Unidas, NACIONES UNIDAS.- La Asamblea Mundial de Salud anunci\u00f3 hoy el primer acuerdo internacional para prevenir y responder ante pandemias, lo que asegura la cooperaci\u00f3n global en funci\u00f3n de salvar vidas y evitar las consecuencias de brotes epid\u00e9micos. El acuerdo, aprobado por 124 pa\u00edses sobre 11 abstenciones y ning\u00fan voto contrario, [&hellip;]<\/p>\n","protected":false},"author":1,"featured_media":442484,"comment_status":"open","ping_status":"open","sticky":false,"template":"","format":"video","meta":{"_bbp_topic_count":0,"_bbp_reply_count":0,"_bbp_total_topic_count":0,"_bbp_total_reply_count":0,"_bbp_voice_count":0,"_bbp_anonymous_reply_count":0,"_bbp_topic_count_hidden":0,"_bbp_reply_count_hidden":0,"_bbp_forum_subforum_count":0,"footnotes":""},"categories":[36,106],"tags":[],"class_list":{"0":"post-442483","1":"post","2":"type-post","3":"status-publish","4":"format-video","5":"has-post-thumbnail","7":"category-salud","8":"category-video-news","9":"post_format-post-format-video"},"_links":{"self":[{"href":"https:\/\/primermomento.com\/index.php?rest_route=\/wp\/v2\/posts\/442483","targetHints":{"allow":["GET"]}}],"collection":[{"href":"https:\/\/primermomento.com\/index.php?rest_route=\/wp\/v2\/posts"}],"about":[{"href":"https:\/\/primermomento.com\/index.php?rest_route=\/wp\/v2\/types\/post"}],"author":[{"embeddable":true,"href":"https:\/\/primermomento.com\/index.php?rest_route=\/wp\/v2\/users\/1"}],"replies":[{"embeddable":true,"href":"https:\/\/primermomento.com\/index.php?rest_route=%2Fwp%2Fv2%2Fcomments&post=442483"}],"version-history":[{"count":2,"href":"https:\/\/primermomento.com\/index.php?rest_route=\/wp\/v2\/posts\/442483\/revisions"}],"predecessor-version":[{"id":442555,"href":"https:\/\/primermomento.com\/index.php?rest_route=\/wp\/v2\/posts\/442483\/revisions\/442555"}],"wp:featuredmedia":[{"embeddable":true,"href":"https:\/\/primermomento.com\/index.php?rest_route=\/wp\/v2\/media\/442484"}],"wp:attachment":[{"href":"https:\/\/primermomento.com\/index.php?rest_route=%2Fwp%2Fv2%2Fmedia&parent=442483"}],"wp:term":[{"taxonomy":"category","embeddable":true,"href":"https:\/\/primermomento.com\/index.php?rest_route=%2Fwp%2Fv2%2Fcategories&post=442483"},{"taxonomy":"post_tag","embeddable":true,"href":"https:\/\/primermomento.com\/index.php?rest_route=%2Fwp%2Fv2%2Ftags&post=442483"}],"curies":[{"name":"wp","href":"https:\/\/api.w.org\/{rel}","templated":true}]}}