{"id":442817,"date":"2025-05-23T17:41:04","date_gmt":"2025-05-23T21:41:04","guid":{"rendered":"https:\/\/primermomento.com\/?p=442817"},"modified":"2025-05-24T12:38:56","modified_gmt":"2025-05-24T16:38:56","slug":"abinader-reconoce-a-medicos-forenses-por-historica-labor-en-tragedia-del-jet-set","status":"publish","type":"post","link":"https:\/\/primermomento.com\/?p=442817","title":{"rendered":"Abinader reconoce a m\u00e9dicos forenses por identificaci\u00f3n de cuerpos en tragedia del Jet Set"},"content":{"rendered":"<p><em><strong>Por <span style=\"color: #ff0000;\">Servicios de Primermomento.com<\/span><\/strong><\/em><\/p>\n<p><span lang=\"es\" xml:lang=\"es\">SANTO DOMINGO, Rep\u00fablica Dominicana.- El presidente Luis Abinader\u00a0reconoci\u00f3 este viernes la labor de los\u00a0m\u00e9dicos pat\u00f3logos forenses\u00a0que participaron en la identificaci\u00f3n de\u00a0v\u00edctimas de la tragedia del Jet Set,\u00a0calificando su trabajo como\u00a0hist\u00f3rico y fundamental\u00a0para brindar respuestas a las familias afectadas.<\/span><\/p>\n<p><span lang=\"es\" xml:lang=\"es\">Un total de\u00a071 profesionales forenses\u00a0fueron homenajeados por su papel clave en la identificaci\u00f3n de v\u00edctimas tras la\u00a0tragedia del Jet Set<\/span><\/p>\n<p><span lang=\"es\" xml:lang=\"es\">En el encuentro, que se llev\u00f3 a cabo en el\u00a0Sal\u00f3n Verde del Palacio Nacional, el mandatario resalt\u00f3 la\u00a0labor ejemplar\u00a0del equipo de forenses, quienes trabajaron incansablemente durante jornadas continuas, logrando en\u00a0tiempo r\u00e9cord\u00a0identificar a todas las v\u00edctimas.\u00a0\u00a0<\/span><\/p>\n<p><em><span lang=\"es\" xml:lang=\"es\">\u201cTanto los rescatistas como, ustedes, hicieron ese trabajo, lo hicieron tiempo r\u00e9cord<\/span><\/em><span lang=\"es\" xml:lang=\"es\">\u201d, afirm\u00f3 el presidente.\u00a0<\/span><\/p>\n<p><span lang=\"es\" xml:lang=\"es\">El mandatario dijo a los m\u00e9dicos que quiso agradecerles personalmente, ya que durante la felicitaci\u00f3n inicial algunos de los m\u00e9dicos se encontraban en sus funciones. \u201c<\/span><em><span lang=\"es\" xml:lang=\"es\">El d\u00eda de hoy es para decirles y reiterarles, muchas gracias de coraz\u00f3n\u201d.<\/span><\/em><\/p>\n<p><span lang=\"es\" xml:lang=\"es\">El jefe de Estado aprovech\u00f3 para anunciar que el Gobierno est\u00e1 evaluando posibles mejoras para fortalecer al\u00a0Instituto Nacional de Ciencias Forenses\u00a0(Inacif), entidad que opera de manera independiente bajo la\u00a0Procuradur\u00eda General de la Rep\u00fablica,\u00a0lo mismo que a Patolog\u00eda Forense.<\/span><\/p>\n<p><span lang=\"es\" xml:lang=\"es\">El presidente Abinader dijo que este evento sin precedentes no solo estremeci\u00f3 la naci\u00f3n, sino que tambi\u00e9n llam\u00f3 la\u00a0atenci\u00f3n internacional, mencionando que recibi\u00f3 llamadas de solidaridad de figuras como el rey de Espa\u00f1a,\u00a0Felipe VI,y el empresario\u00a0Michael Bloomberg.\u00a0<\/span><em><span lang=\"es\" xml:lang=\"es\">\u201cCuando lo entregamos, que terminamos el s\u00e1bado, Bloomberg qued\u00f3 sorprendido por la eficiencia del Gobierno dominicano. El Gobierno eran ustedes, que hicieron ese trabajo\u201d,<\/span><\/em><span lang=\"es\" xml:lang=\"es\">\u00a0manifest\u00f3 el gobernante, resaltando la\u00a0labor hist\u00f3rica\u00a0de los m\u00e9dicos.\u00a0<\/span><\/p>\n<p><strong><span lang=\"es\" xml:lang=\"es\">Gratitud y compromiso del Gobierno con los forenses<\/span><\/strong><\/p>\n<p><span lang=\"es\" xml:lang=\"es\">De su lado, el ministro de Salud P\u00fablica,\u00a0doctor V\u00edctor Atallah,\u00a0dijo que el reconocimiento, no solo fue un acto de gratitud, sino tambi\u00e9n un\u00a0compromiso del Gobierno\u00a0para mejorar las condiciones laborales de estos profesionales.<\/span><em><span lang=\"es\" xml:lang=\"es\">\u00a0\u201cEl pa\u00eds est\u00e1 en deuda eterna con ustedes. Su trabajo silencioso pero fundamental permiti\u00f3 que nuestras familias despidieran a sus seres queridos con respeto y legalidad\u201d,<\/span><\/em><span lang=\"es\" xml:lang=\"es\">\u00a0afirm\u00f3.<\/span><\/p>\n<p><span lang=\"es\" xml:lang=\"es\">El\u00a0ministro de Salud P\u00fablica\u00a0tambi\u00e9n resalt\u00f3 la importancia del Instituto de Patolog\u00eda Forense, cuya terminaci\u00f3n fue acelerada durante su gesti\u00f3n, lo que permiti\u00f3 una mejor respuesta ante la emergencia<\/span><em><span lang=\"es\" xml:lang=\"es\">. \u201cDoy gracias a Dios que me puso esa visi\u00f3n, porque no s\u00e9 qu\u00e9 hubiera pasado si no hubiera estado terminado\u201d,<\/span><\/em><span lang=\"es\" xml:lang=\"es\">\u00a0expres\u00f3.<\/span><\/p>\n<p><strong><span lang=\"es\" xml:lang=\"es\">Agradece la entrega y valent\u00eda<\/span><\/strong><\/p>\n<p><span lang=\"es\" xml:lang=\"es\">De su lado, la directora del Instituto Nacional de Ciencias Forenses (Inacif),\u00a0Sonia Lebr\u00f3n,\u00a0tambi\u00e9n dijo sentirse orgullosa de haber servido en un momento doloroso para la naci\u00f3n y agradeci\u00f3 a sus\u00a0colegas y colaboradores\u00a0por haberse mantenido en pie\u00a0hasta altas horas de la madrugada.<\/span><\/p>\n<p><strong><span lang=\"es\" xml:lang=\"es\">Respuesta ejemplar al nivel de pa\u00edses desarrollados<\/span><\/strong><\/p>\n<p><span lang=\"es\" xml:lang=\"es\">Por otro lado, el director del Instituto Nacional de Patolog\u00eda Forense,\u00a0Santo Jim\u00e9nez P\u00e1ez, destac\u00f3 la respuesta de las autoridades competentes en el lugar de los hechos, la cual calific\u00f3 como\u00a0digna de pa\u00edses desarrollados,\u00a0que cuentan con una tecnolog\u00eda superior para estos fines.<\/span><\/p>\n<p><strong><span lang=\"es\" xml:lang=\"es\">Elogia la humanidad y compromiso<\/span><\/strong><\/p>\n<p><span lang=\"es\" xml:lang=\"es\">En tanto, el director de la Direcci\u00f3n General de Proyectos Estrat\u00e9gicos y Especiales de la Presidencia (Propeep),\u00a0Robert Polanco, destac\u00f3 el esfuerzo colectivo del equipo forense, resaltando su\u00a0profesionalismo y humanidad. \u201c<\/span><em><span lang=\"es\" xml:lang=\"es\">Ustedes se unieron como un solo hombre, como una sola mujer, para llevar tranquilidad al pa\u00eds y a los familiares de las v\u00edctimas\u201d,<\/span><\/em><span lang=\"es\" xml:lang=\"es\">\u00a0agreg\u00f3.<\/span><\/p>\n","protected":false},"excerpt":{"rendered":"<p>Por Servicios de Primermomento.com SANTO DOMINGO, Rep\u00fablica Dominicana.- El presidente Luis Abinader\u00a0reconoci\u00f3 este viernes la labor de los\u00a0m\u00e9dicos pat\u00f3logos forenses\u00a0que participaron en la identificaci\u00f3n de\u00a0v\u00edctimas de la tragedia del Jet Set,\u00a0calificando su trabajo como\u00a0hist\u00f3rico y fundamental\u00a0para brindar respuestas a las familias afectadas. Un total de\u00a071 profesionales forenses\u00a0fueron homenajeados por su papel clave en la identificaci\u00f3n [&hellip;]<\/p>\n","protected":false},"author":1,"featured_media":442818,"comment_status":"open","ping_status":"open","sticky":false,"template":"","format":"standard","meta":{"_bbp_topic_count":0,"_bbp_reply_count":0,"_bbp_total_topic_count":0,"_bbp_total_reply_count":0,"_bbp_voice_count":0,"_bbp_anonymous_reply_count":0,"_bbp_topic_count_hidden":0,"_bbp_reply_count_hidden":0,"_bbp_forum_subforum_count":0,"footnotes":""},"categories":[36],"tags":[],"class_list":{"0":"post-442817","1":"post","2":"type-post","3":"status-publish","4":"format-standard","5":"has-post-thumbnail","7":"category-salud"},"_links":{"self":[{"href":"https:\/\/primermomento.com\/index.php?rest_route=\/wp\/v2\/posts\/442817","targetHints":{"allow":["GET"]}}],"collection":[{"href":"https:\/\/primermomento.com\/index.php?rest_route=\/wp\/v2\/posts"}],"about":[{"href":"https:\/\/primermomento.com\/index.php?rest_route=\/wp\/v2\/types\/post"}],"author":[{"embeddable":true,"href":"https:\/\/primermomento.com\/index.php?rest_route=\/wp\/v2\/users\/1"}],"replies":[{"embeddable":true,"href":"https:\/\/primermomento.com\/index.php?rest_route=%2Fwp%2Fv2%2Fcomments&post=442817"}],"version-history":[{"count":4,"href":"https:\/\/primermomento.com\/index.php?rest_route=\/wp\/v2\/posts\/442817\/revisions"}],"predecessor-version":[{"id":442823,"href":"https:\/\/primermomento.com\/index.php?rest_route=\/wp\/v2\/posts\/442817\/revisions\/442823"}],"wp:featuredmedia":[{"embeddable":true,"href":"https:\/\/primermomento.com\/index.php?rest_route=\/wp\/v2\/media\/442818"}],"wp:attachment":[{"href":"https:\/\/primermomento.com\/index.php?rest_route=%2Fwp%2Fv2%2Fmedia&parent=442817"}],"wp:term":[{"taxonomy":"category","embeddable":true,"href":"https:\/\/primermomento.com\/index.php?rest_route=%2Fwp%2Fv2%2Fcategories&post=442817"},{"taxonomy":"post_tag","embeddable":true,"href":"https:\/\/primermomento.com\/index.php?rest_route=%2Fwp%2Fv2%2Ftags&post=442817"}],"curies":[{"name":"wp","href":"https:\/\/api.w.org\/{rel}","templated":true}]}}