{"id":443574,"date":"2025-06-02T12:44:22","date_gmt":"2025-06-02T16:44:22","guid":{"rendered":"https:\/\/primermomento.com\/?p=443574"},"modified":"2025-06-02T17:05:09","modified_gmt":"2025-06-02T21:05:09","slug":"reconocida-pediatra-sara-tolentino-llama-a-votar-por-la-plancha-2-en-elecciones-de-la-sociedad-de-pediatria","status":"publish","type":"post","link":"https:\/\/primermomento.com\/?p=443574","title":{"rendered":"Reconocida pediatra Sara Tolentino llama a votar por la plancha 2 en elecciones de la Sociedad de Pediatr\u00eda"},"content":{"rendered":"<p><em><strong>Por <span style=\"color: #ff0000;\">Servicios de Primermomento.com<\/span><\/strong><\/em><\/p>\n<p>BAN\u00cd, Rep\u00fablica Dominicana.- La doctora Sara Tolentino di\u00f3 a conocer <strong>la plancha n\u00famero dos<\/strong>, que opta por la presidencia de la <strong>Sociedad Dominicana de Pediatr\u00eda<\/strong>, bajo el lema <strong>INTEGRIDAD, CONTINUIDAD Y EXPERIENCIA<\/strong><em> \u00abNuevos retos, nuevas respuestas, siempre por la ni\u00f1ez\u00bb.<\/em><\/p>\n<p>La presidente del Instituto Regional Materno Infantil y Especialidades, destacada pediatra \u2013 Nutri\u00f3loga y quien fungi\u00f3 por varios a\u00f1os como presidenta de la Sociedad Dominicana de Pediatr\u00eda filial Peravia, habl\u00f3 hoy sobre los ejes fundamentales en los que se basar\u00e1 la directiva que integra, entre ellos, trabajar de la mano con el Congreso de la Rep\u00fablica y con el Ministerio de Salud P\u00fablica.<\/p>\n<p>Los distinguidos pediatras que componen esta plancha son maestros de generaciones de pediatras y voz firme a favor de la ni\u00f1ez.<\/p>\n<p><strong>Dr. Soto Ravelo<\/strong>, prestigioso cirujano pediatra y pionero de la cirug\u00eda m\u00ednimamente invasiva; Dirigi\u00f3 la SDP durante los a\u00f1os 2013-2015.\u00a0 Implemento innovaciones durante su gesti\u00f3n de las cuales resaltamos las transmisiones en vivo de los desayunos. La incorporaci\u00f3n de la SDP a todos los grupos de vigilancia de pediatr\u00eda en el pa\u00eds. Fue en esta gesti\u00f3n que se iniciaron las negociaciones para que los pediatras tuvieran acceso a un seguro para enfermedades catastr\u00f3ficos, Se fortalecieron las filiales y como logro de relevancia para las futuras generaciones fue la integraci\u00f3n de los adiestramientos para los residentes de pediatr\u00eda.<\/p>\n<p><strong>La Dra. Sara Tolentino;<\/strong> lidera el sur corto; Ofreciendo mejoras en la calidad de los servicios de salud preventivos a trav\u00e9s del Instituto Regional Materno Infantil y Especialidades, IRMIE, e impulsando la humanizaci\u00f3n en su regi\u00f3n, promueve el running a trav\u00e9s del cual se realiza anualmente un 5K a favor de pacientes renales, beneficiando as\u00ed con esto adem\u00e1s, a este sector vulnerable, de la poblaci\u00f3n! La Dra. ha sido un motor importante en la educaci\u00f3n cient\u00edfica mediante jornadas, tambi\u00e9n anuales que realiza junto a la doctora Nereyda Solano y un gran equipo de profesionales de la salud.<\/p>\n<p>Incansable promotora de la lactancia materna exclusiva, logrando que cientos de madres hayan podido establecer esta pr\u00e1ctica sana, lo que le ha merecido el reconocimiento de instituciones locales, nacionales e internacionales.<\/p>\n<p><strong>La Dra. Yolanda Grull\u00f3n,<\/strong> es maestra de maestros! \u00a1Su gran contribuci\u00f3n ha sido en ser Formadora de generaciones de Perinat\u00f3logos de la Rep\u00fablica Dominicana! La Dra. Grull\u00f3n ama trabajar los temas de Prematuridad extrema, Neurodesarrollo, TEAF y la Medicina Perinatal en sentido general.<\/p>\n<p><strong>La Dra. Soraya Castro<\/strong> ha sido voz en los temas relacionados a enfermedades infecto contagiosas y vacunas ! Ha Participado activamente en proyectos y protocolos de manejo en patolog\u00edas tan sensibles como Dengue; \u00a1Covid y actualmente Sarampi\u00f3n! La Dra. Castro en Una pediatra l\u00edder en su regi\u00f3n.<\/p>\n<p><strong>El Dr. Cristian Mateo<\/strong>; con su chispa y dinamismo; Ha sido un Pediatra preocupado y ocupado en formar buenos recursos humanos en Perinatolog\u00eda que sean capaces de hacer la diferencia en los centros hospitalarios; El Dr. Mateo promete ser una voz en defensa de la ni\u00f1ez dominicana y un l\u00edder de la clase M\u00e9dica Pedi\u00e1trica de la RD.<\/p>\n<p><strong>La Dra. Carolina Valdez<\/strong> es una Joven maestra y promesa de la pediatr\u00eda dominicana. Ha ocupado el m\u00e1s alto cargo de una alta casa de estudios siendo Decana de la Facultad de Ciencias de la salud y tambi\u00e9n directora de ense\u00f1anza de un hospital formador de Pediatr\u00edas en valores y disciplina, as\u00ed como en innovaci\u00f3n y tecnolog\u00eda.<\/p>\n<p><strong>El Dr Ronny Pujols<\/strong> es un Joven y talentoso pediatra Emergenci\u00f3logo que ocupa la direcci\u00f3n de la Emergencia Pedi\u00e1trica del Hospital Materno Infantil Dr. Julio Manuel Rodr\u00edguez Grull\u00f3n en la Ciudad Sanitaria, y es el actual presidente del cap\u00edtulo pedi\u00e1trico de Emergencias pedi\u00e1tricas\u00a0\u00a0 de SDP en la actualidad.<\/p>\n<p><strong>\u00a1La plancha 2 Cree en la Integraci\u00f3n de los pediatras de RD! <\/strong>dando continuidad a los proyectos de cara a mejorar la salud Pedi\u00e1trica en RD; con la experiencia probada de sus aspirantes<\/p>\n","protected":false},"excerpt":{"rendered":"<p>Por Servicios de Primermomento.com BAN\u00cd, Rep\u00fablica Dominicana.- La doctora Sara Tolentino di\u00f3 a conocer la plancha n\u00famero dos, que opta por la presidencia de la Sociedad Dominicana de Pediatr\u00eda, bajo el lema INTEGRIDAD, CONTINUIDAD Y EXPERIENCIA \u00abNuevos retos, nuevas respuestas, siempre por la ni\u00f1ez\u00bb. La presidente del Instituto Regional Materno Infantil y Especialidades, destacada pediatra [&hellip;]<\/p>\n","protected":false},"author":1,"featured_media":443575,"comment_status":"open","ping_status":"open","sticky":false,"template":"","format":"standard","meta":{"_bbp_topic_count":0,"_bbp_reply_count":0,"_bbp_total_topic_count":0,"_bbp_total_reply_count":0,"_bbp_voice_count":0,"_bbp_anonymous_reply_count":0,"_bbp_topic_count_hidden":0,"_bbp_reply_count_hidden":0,"_bbp_forum_subforum_count":0,"footnotes":""},"categories":[36],"tags":[],"class_list":{"0":"post-443574","1":"post","2":"type-post","3":"status-publish","4":"format-standard","5":"has-post-thumbnail","7":"category-salud"},"_links":{"self":[{"href":"https:\/\/primermomento.com\/index.php?rest_route=\/wp\/v2\/posts\/443574","targetHints":{"allow":["GET"]}}],"collection":[{"href":"https:\/\/primermomento.com\/index.php?rest_route=\/wp\/v2\/posts"}],"about":[{"href":"https:\/\/primermomento.com\/index.php?rest_route=\/wp\/v2\/types\/post"}],"author":[{"embeddable":true,"href":"https:\/\/primermomento.com\/index.php?rest_route=\/wp\/v2\/users\/1"}],"replies":[{"embeddable":true,"href":"https:\/\/primermomento.com\/index.php?rest_route=%2Fwp%2Fv2%2Fcomments&post=443574"}],"version-history":[{"count":2,"href":"https:\/\/primermomento.com\/index.php?rest_route=\/wp\/v2\/posts\/443574\/revisions"}],"predecessor-version":[{"id":443603,"href":"https:\/\/primermomento.com\/index.php?rest_route=\/wp\/v2\/posts\/443574\/revisions\/443603"}],"wp:featuredmedia":[{"embeddable":true,"href":"https:\/\/primermomento.com\/index.php?rest_route=\/wp\/v2\/media\/443575"}],"wp:attachment":[{"href":"https:\/\/primermomento.com\/index.php?rest_route=%2Fwp%2Fv2%2Fmedia&parent=443574"}],"wp:term":[{"taxonomy":"category","embeddable":true,"href":"https:\/\/primermomento.com\/index.php?rest_route=%2Fwp%2Fv2%2Fcategories&post=443574"},{"taxonomy":"post_tag","embeddable":true,"href":"https:\/\/primermomento.com\/index.php?rest_route=%2Fwp%2Fv2%2Ftags&post=443574"}],"curies":[{"name":"wp","href":"https:\/\/api.w.org\/{rel}","templated":true}]}}