{"id":443667,"date":"2025-06-03T13:33:49","date_gmt":"2025-06-03T17:33:49","guid":{"rendered":"https:\/\/primermomento.com\/?p=443667"},"modified":"2025-06-03T20:22:26","modified_gmt":"2025-06-04T00:22:26","slug":"becarios-de-la-alcaldia-de-bani-realizan-jornada-de-limpieza-en-los-almendros-como-parte-del-proyecto-estudiantes-banilejos-comprometidos","status":"publish","type":"post","link":"https:\/\/primermomento.com\/?p=443667","title":{"rendered":"Becarios de la Alcald\u00eda de Ban\u00ed realizan jornada de limpieza en Los Almendros como parte del proyecto \u201cEstudiantes Banilejos Comprometidos"},"content":{"rendered":"<p><em><strong>Por <span style=\"color: #ff0000;\">Servicios de Primermomento.com<\/span><\/strong><\/em><\/p>\n<p>BAN\u00cd, Rep\u00fablica Dominicana.- El grupo de los 47 j\u00f3venes becarios de la Alcald\u00eda de Ban\u00ed, realiz\u00f3 el domingo una jornada de limpieza en la zona costera de playa Los Almendros, como parte del programa \u201cEstudiantes Banilejos Comprometidos\u201d, una iniciativa que busca fomentar la participaci\u00f3n activa de los j\u00f3venes en actividades sociales y ambientales.<\/p>\n<p>El alcalde Santo Ram\u00edrez, agradeci\u00f3 el compromiso de los becarios y de los integrantes del Plan Catalina Dominicana, quienes tambi\u00e9n se sumaron a la jornada.<\/p>\n<p><img loading=\"lazy\" decoding=\"async\" class=\"size-medium wp-image-443669 alignleft\" src=\"https:\/\/primermomento.com\/wp-content\/uploads\/2025\/06\/PHOTO-2025-06-03-10-50-26-300x169.jpg\" alt=\"\" width=\"300\" height=\"169\" srcset=\"https:\/\/primermomento.com\/wp-content\/uploads\/2025\/06\/PHOTO-2025-06-03-10-50-26-300x169.jpg 300w, https:\/\/primermomento.com\/wp-content\/uploads\/2025\/06\/PHOTO-2025-06-03-10-50-26-1024x576.jpg 1024w, https:\/\/primermomento.com\/wp-content\/uploads\/2025\/06\/PHOTO-2025-06-03-10-50-26-768x432.jpg 768w, https:\/\/primermomento.com\/wp-content\/uploads\/2025\/06\/PHOTO-2025-06-03-10-50-26-696x391.jpg 696w, https:\/\/primermomento.com\/wp-content\/uploads\/2025\/06\/PHOTO-2025-06-03-10-50-26.jpg 1055w\" sizes=\"auto, (max-width: 300px) 100vw, 300px\" \/>\u201cCon estas acciones, ustedes dar\u00e1n el ejemplo de que mantener nuestro entorno limpio es una responsabilidad de todos\u201d, afirm\u00f3.<\/p>\n<p>En tanto, llam\u00f3 a los propietarios de establecimientos comerciales pr\u00f3ximo a la playa Los Almendros, contribuir con la limpieza manteniendo su entorno limpio.<\/p>\n<p>El ejecutivo municipal, manifest\u00f3, adem\u00e1s, que en los pr\u00f3ximos d\u00edas se dar\u00e1 a conocer la nueva ruta del programa, para continuar con estas labores de limpieza en otras zonas del municipio.<\/p>\n<p>\u00abEstudiantes Banilejos Comprometidos\u00bb, involucra a estos estudiantes en actividades como limpieza de playas, jornadas de aseo urbano y reforestaci\u00f3n, con el objetivo de promover el cuidado del entorno y fortalecer en ellos el sentido de responsabilidad.<\/p>\n<p>Durante la jornada, los organizadores, encabezados por la encargada del Departamento de la Ni\u00f1ez y Juventud, Ambar Soto, hicieron un llamado a la ciudadan\u00eda a integrarse como voluntarios en estas actividades.<\/p>\n<p>\u201cAl realizar estas limpiezas, no s\u00f3lo ayudamos al medio ambiente, sino tambi\u00e9n a nosotros mismos y, sobre todo, a nuestra ciudad\u201d, destacaron los j\u00f3venes participantes.<\/p>\n","protected":false},"excerpt":{"rendered":"<p>Por Servicios de Primermomento.com BAN\u00cd, Rep\u00fablica Dominicana.- El grupo de los 47 j\u00f3venes becarios de la Alcald\u00eda de Ban\u00ed, realiz\u00f3 el domingo una jornada de limpieza en la zona costera de playa Los Almendros, como parte del programa \u201cEstudiantes Banilejos Comprometidos\u201d, una iniciativa que busca fomentar la participaci\u00f3n activa de los j\u00f3venes en actividades sociales [&hellip;]<\/p>\n","protected":false},"author":1,"featured_media":443668,"comment_status":"open","ping_status":"open","sticky":false,"template":"","format":"standard","meta":{"_bbp_topic_count":0,"_bbp_reply_count":0,"_bbp_total_topic_count":0,"_bbp_total_reply_count":0,"_bbp_voice_count":0,"_bbp_anonymous_reply_count":0,"_bbp_topic_count_hidden":0,"_bbp_reply_count_hidden":0,"_bbp_forum_subforum_count":0,"footnotes":""},"categories":[32],"tags":[],"class_list":{"0":"post-443667","1":"post","2":"type-post","3":"status-publish","4":"format-standard","5":"has-post-thumbnail","7":"category-lo-ultimo"},"_links":{"self":[{"href":"https:\/\/primermomento.com\/index.php?rest_route=\/wp\/v2\/posts\/443667","targetHints":{"allow":["GET"]}}],"collection":[{"href":"https:\/\/primermomento.com\/index.php?rest_route=\/wp\/v2\/posts"}],"about":[{"href":"https:\/\/primermomento.com\/index.php?rest_route=\/wp\/v2\/types\/post"}],"author":[{"embeddable":true,"href":"https:\/\/primermomento.com\/index.php?rest_route=\/wp\/v2\/users\/1"}],"replies":[{"embeddable":true,"href":"https:\/\/primermomento.com\/index.php?rest_route=%2Fwp%2Fv2%2Fcomments&post=443667"}],"version-history":[{"count":1,"href":"https:\/\/primermomento.com\/index.php?rest_route=\/wp\/v2\/posts\/443667\/revisions"}],"predecessor-version":[{"id":443670,"href":"https:\/\/primermomento.com\/index.php?rest_route=\/wp\/v2\/posts\/443667\/revisions\/443670"}],"wp:featuredmedia":[{"embeddable":true,"href":"https:\/\/primermomento.com\/index.php?rest_route=\/wp\/v2\/media\/443668"}],"wp:attachment":[{"href":"https:\/\/primermomento.com\/index.php?rest_route=%2Fwp%2Fv2%2Fmedia&parent=443667"}],"wp:term":[{"taxonomy":"category","embeddable":true,"href":"https:\/\/primermomento.com\/index.php?rest_route=%2Fwp%2Fv2%2Fcategories&post=443667"},{"taxonomy":"post_tag","embeddable":true,"href":"https:\/\/primermomento.com\/index.php?rest_route=%2Fwp%2Fv2%2Ftags&post=443667"}],"curies":[{"name":"wp","href":"https:\/\/api.w.org\/{rel}","templated":true}]}}