{"id":444925,"date":"2025-06-17T07:30:46","date_gmt":"2025-06-17T11:30:46","guid":{"rendered":"https:\/\/primermomento.com\/?p=444925"},"modified":"2025-06-17T09:52:25","modified_gmt":"2025-06-17T13:52:25","slug":"congresista-espaillat-vota-anticipadamente-en-primarias-democratas-y-llama-votar-por-cuomo-para-enfrentar-a-trump","status":"publish","type":"post","link":"https:\/\/primermomento.com\/?p=444925","title":{"rendered":"Congresista Espaillat vota anticipadamente en primarias dem\u00f3cratas y llama votar por Cuomo para enfrentar a Trump"},"content":{"rendered":"<p><iframe loading=\"lazy\" title=\"Congresista Espaillat llama a sufragar por Cuomo para enfrentar a Trump\" width=\"696\" height=\"392\" src=\"https:\/\/www.youtube.com\/embed\/aUP0UCFjVMc?feature=oembed\" frameborder=\"0\" allow=\"accelerometer; autoplay; clipboard-write; encrypted-media; gyroscope; picture-in-picture; web-share\" referrerpolicy=\"strict-origin-when-cross-origin\" allowfullscreen><\/iframe><\/p>\n<p><em><b>Por <span style=\"color: #ff0000;\">Ram\u00f3n Mercedes<\/span><\/b><\/em><\/p>\n<p>Nueva York, EEUU.- El congresista Adriano Espaillat (NY-13) ejerci\u00f3 este lunes su derecho al voto anticipado en las primarias dem\u00f3cratas, en la escuela p\u00fablica Washington Heights Academy PS\/IS 366, ubicada en el 202 de la avenida Sherman, en el Alto Manhattan.<\/p>\n<p>Antes de emitir su voto, Espaillat exhort\u00f3 a los neoyorquinos a apoyar al exgobernador Andrew Cuomo como candidato a la Alcald\u00eda de NYC, asegurando que es la persona indicada para enfrentar la ola de incertidumbre y temor que ha provocado Donald Trump.<\/p>\n<p><img loading=\"lazy\" decoding=\"async\" class=\"size-medium wp-image-444926 alignleft\" src=\"https:\/\/primermomento.com\/wp-content\/uploads\/2025\/06\/zzzzzzzzzzzzzzzzzzzz-Congresista-Espaillat-vota-anticipadamente-en-primarias-democratas-y-llama-votar-por-Cuomo-para-enfrentar-a-Trump-300x143.jpg\" alt=\"\" width=\"300\" height=\"143\" srcset=\"https:\/\/primermomento.com\/wp-content\/uploads\/2025\/06\/zzzzzzzzzzzzzzzzzzzz-Congresista-Espaillat-vota-anticipadamente-en-primarias-democratas-y-llama-votar-por-Cuomo-para-enfrentar-a-Trump-300x143.jpg 300w, https:\/\/primermomento.com\/wp-content\/uploads\/2025\/06\/zzzzzzzzzzzzzzzzzzzz-Congresista-Espaillat-vota-anticipadamente-en-primarias-democratas-y-llama-votar-por-Cuomo-para-enfrentar-a-Trump.jpg 601w\" sizes=\"auto, (max-width: 300px) 100vw, 300px\" \/>\u00abPara lograrlo, necesitamos a alguien con experiencia, y Cuomo est\u00e1 preparado para enfrentar a la administraci\u00f3n del presidente republicano\u00bb, afirm\u00f3.<\/p>\n<p>El congresista recomend\u00f3 votar con anticipaci\u00f3n para evitar contratiempos como lluvias o emergencias familiares, y destac\u00f3 la importancia de contar con un liderazgo firme.<\/p>\n<p>\u00abLa ciudad necesita enderezarse\u00bb. \u00abCuomo tiene la experiencia y la capacidad para hacerlo\u00bb. \u00abNecesitamos una voz experimentada que devuelva la seguridad p\u00fablica y enfrente el azote de Trump, que mantiene al pa\u00eds y a nuestra ciudad en un estado de nerviosismo y temor sin precedentes\u00bb, expres\u00f3.<\/p>\n<p>Espaillat insisti\u00f3 en que Cuomo puede liderar esta lucha \u00abjunto a todos nosotros\u00bb, defendiendo el car\u00e1cter democr\u00e1tico de Estados Unidos. \u00abEste es un pa\u00eds de leyes e instituciones, y vamos a luchar para que siga si\u00e9ndolo\u00bb, enfatiz\u00f3.<\/p>\n<p>Asimismo, critic\u00f3 la actitud autoritaria del expresidente Trump. \u00abSe cree un monarca, un rey\u00bb. Pero este es un pa\u00eds democr\u00e1tico donde todos tienen derecho a opinar.<\/p>\n<p>Su intolerancia ha desatado una ola de violencia que lamentablemente cost\u00f3 la vida de dos legisladores en Minnesota. Rechazamos esa violencia y vamos a proteger esta naci\u00f3n\u201d, puntualiz\u00f3.<\/p>\n<p><b>Calendario electoral:<\/b>\u00a0La votaci\u00f3n anticipada comenz\u00f3 el s\u00e1bado pasado y se extender\u00e1 hasta el s\u00e1bado 22 de junio. El domingo 23 ser\u00e1 el \u00faltimo d\u00eda para solicitar en persona una boleta para las elecciones primarias, que se celebrar\u00e1n el martes 24.<\/p>\n<p>Posteriormente, el 20 de octubre ser\u00e1 la fecha l\u00edmite para realizar cambios de domicilio de cara a las elecciones generales. El 25 de octubre vence el plazo para registrarse como votante.<\/p>\n<p>La votaci\u00f3n anticipada para las elecciones generales se realizar\u00e1 entre el 25 de octubre y el 11 de noviembre. El 3 de noviembre ser\u00e1 el \u00faltimo d\u00eda para solicitar en persona una boleta, y el lunes 4 de noviembre se celebrar\u00e1n las elecciones generales.<\/p>\n<p><b>Cargos en disputa:<\/b>\u00a0En estas primarias dem\u00f3cratas se elegir\u00e1n oficialmente los candidatos a los siguientes cargos: Alcalde, Defensor del Pueblo, Interventor, Presidentes de Condado, Concejales, Fiscal de Distrito, Jueces del Tribunal Supremo y del Tribunal Civil.<\/p>\n<p>No se celebrar\u00e1n primarias republicanas para la Alcald\u00eda, ya que el \u00fanico candidato es Curtis Sliwa, reconocido l\u00edder comunitario, activista y locutor, fundador de Los \u00c1ngeles Guardianes, quien ha aspirado al cargo en otras ocasiones.<\/p>\n","protected":false},"excerpt":{"rendered":"<p>Por Ram\u00f3n Mercedes Nueva York, EEUU.- El congresista Adriano Espaillat (NY-13) ejerci\u00f3 este lunes su derecho al voto anticipado en las primarias dem\u00f3cratas, en la escuela p\u00fablica Washington Heights Academy PS\/IS 366, ubicada en el 202 de la avenida Sherman, en el Alto Manhattan. Antes de emitir su voto, Espaillat exhort\u00f3 a los neoyorquinos a [&hellip;]<\/p>\n","protected":false},"author":1,"featured_media":444926,"comment_status":"open","ping_status":"open","sticky":false,"template":"","format":"video","meta":{"_bbp_topic_count":0,"_bbp_reply_count":0,"_bbp_total_topic_count":0,"_bbp_total_reply_count":0,"_bbp_voice_count":0,"_bbp_anonymous_reply_count":0,"_bbp_topic_count_hidden":0,"_bbp_reply_count_hidden":0,"_bbp_forum_subforum_count":0,"footnotes":""},"categories":[31,106],"tags":[],"class_list":["post-444925","post","type-post","status-publish","format-video","has-post-thumbnail","category-estados-unidos","category-video-news","post_format-post-format-video"],"_links":{"self":[{"href":"https:\/\/primermomento.com\/index.php?rest_route=\/wp\/v2\/posts\/444925","targetHints":{"allow":["GET"]}}],"collection":[{"href":"https:\/\/primermomento.com\/index.php?rest_route=\/wp\/v2\/posts"}],"about":[{"href":"https:\/\/primermomento.com\/index.php?rest_route=\/wp\/v2\/types\/post"}],"author":[{"embeddable":true,"href":"https:\/\/primermomento.com\/index.php?rest_route=\/wp\/v2\/users\/1"}],"replies":[{"embeddable":true,"href":"https:\/\/primermomento.com\/index.php?rest_route=%2Fwp%2Fv2%2Fcomments&post=444925"}],"version-history":[{"count":1,"href":"https:\/\/primermomento.com\/index.php?rest_route=\/wp\/v2\/posts\/444925\/revisions"}],"predecessor-version":[{"id":444927,"href":"https:\/\/primermomento.com\/index.php?rest_route=\/wp\/v2\/posts\/444925\/revisions\/444927"}],"wp:featuredmedia":[{"embeddable":true,"href":"https:\/\/primermomento.com\/index.php?rest_route=\/wp\/v2\/media\/444926"}],"wp:attachment":[{"href":"https:\/\/primermomento.com\/index.php?rest_route=%2Fwp%2Fv2%2Fmedia&parent=444925"}],"wp:term":[{"taxonomy":"category","embeddable":true,"href":"https:\/\/primermomento.com\/index.php?rest_route=%2Fwp%2Fv2%2Fcategories&post=444925"},{"taxonomy":"post_tag","embeddable":true,"href":"https:\/\/primermomento.com\/index.php?rest_route=%2Fwp%2Fv2%2Ftags&post=444925"}],"curies":[{"name":"wp","href":"https:\/\/api.w.org\/{rel}","templated":true}]}}