{"id":445031,"date":"2025-06-18T10:50:20","date_gmt":"2025-06-18T14:50:20","guid":{"rendered":"https:\/\/primermomento.com\/?p=445031"},"modified":"2025-06-18T15:27:27","modified_gmt":"2025-06-18T19:27:27","slug":"diputado-luis-baez-invita-al-pueblo-dominicano-a-disfrutar-de-la-expo-mango-2025","status":"publish","type":"post","link":"https:\/\/primermomento.com\/?p=445031","title":{"rendered":"Diputado Luis B\u00e1ez invita al pueblo dominicano a disfrutar de la Expo Mango 2025"},"content":{"rendered":"<p><iframe loading=\"lazy\" title=\"Diputado Luis B\u00e1ez exhorta a la poblaci\u00f3n a participar en la Expo Mango 2025\" width=\"696\" height=\"392\" src=\"https:\/\/www.youtube.com\/embed\/yexvaSi9Bic?start=1&#038;feature=oembed\" frameborder=\"0\" allow=\"accelerometer; autoplay; clipboard-write; encrypted-media; gyroscope; picture-in-picture; web-share\" referrerpolicy=\"strict-origin-when-cross-origin\" allowfullscreen><\/iframe><\/p>\n<p><strong><em>Por <span style=\"color: #ff0000;\">Servicios de Primermomento.com<\/span><\/em><\/strong><\/p>\n<p>SANTO DOMINGO, Rep\u00fablica Dominicana.- El diputado Luis B\u00e1ez hizo un llamado a toda la poblaci\u00f3n a participar en la Expo Mango 2025, uno de los eventos agropecuarios y tur\u00edsticos m\u00e1s importantes del pa\u00eds, que se celebrar\u00e1 en Ban\u00ed, provincia Peravia.<\/p>\n<p>\u201cInvito a todo el pueblo dominicano a que se d\u00e9 cita en la Expo Mango 2025. Es una celebraci\u00f3n de nuestra producci\u00f3n nacional, de nuestra identidad, y una oportunidad para apoyar a los agricultores y emprendedores locales\u201d, expres\u00f3 el legislador.<\/p>\n<figure id=\"attachment_445032\" aria-describedby=\"caption-attachment-445032\" style=\"width: 300px\" class=\"wp-caption alignright\"><img loading=\"lazy\" decoding=\"async\" class=\"size-medium wp-image-445032\" src=\"https:\/\/primermomento.com\/wp-content\/uploads\/2025\/06\/IMG_5190-300x165.jpg\" alt=\"\" width=\"300\" height=\"165\" srcset=\"https:\/\/primermomento.com\/wp-content\/uploads\/2025\/06\/IMG_5190-300x165.jpg 300w, https:\/\/primermomento.com\/wp-content\/uploads\/2025\/06\/IMG_5190-1024x564.jpg 1024w, https:\/\/primermomento.com\/wp-content\/uploads\/2025\/06\/IMG_5190-768x423.jpg 768w, https:\/\/primermomento.com\/wp-content\/uploads\/2025\/06\/IMG_5190-696x383.jpg 696w, https:\/\/primermomento.com\/wp-content\/uploads\/2025\/06\/IMG_5190-1068x588.jpg 1068w, https:\/\/primermomento.com\/wp-content\/uploads\/2025\/06\/IMG_5190.jpg 1284w\" sizes=\"auto, (max-width: 300px) 100vw, 300px\" \/><figcaption id=\"caption-attachment-445032\" class=\"wp-caption-text\">Luis B\u00e1ez<\/figcaption><\/figure>\n<p>El evento contar\u00e1 con exhibiciones, degustaciones, actividades culturales y venta de productos derivados del mango. B\u00e1ez destac\u00f3 que esta feria impulsa el desarrollo econ\u00f3mico de la regi\u00f3n y fomenta el orgullo por lo nuestro.<\/p>\n<p>La Expo Mango 2025 reunir\u00e1 a productores, comerciantes, familias y visitantes de todo el pa\u00eds, en un ambiente de alegr\u00eda, tradici\u00f3n y sabor dominicano.<\/p>\n","protected":false},"excerpt":{"rendered":"<p>Por Servicios de Primermomento.com SANTO DOMINGO, Rep\u00fablica Dominicana.- El diputado Luis B\u00e1ez hizo un llamado a toda la poblaci\u00f3n a participar en la Expo Mango 2025, uno de los eventos agropecuarios y tur\u00edsticos m\u00e1s importantes del pa\u00eds, que se celebrar\u00e1 en Ban\u00ed, provincia Peravia. \u201cInvito a todo el pueblo dominicano a que se d\u00e9 cita [&hellip;]<\/p>\n","protected":false},"author":1,"featured_media":445032,"comment_status":"open","ping_status":"open","sticky":false,"template":"","format":"video","meta":{"_bbp_topic_count":0,"_bbp_reply_count":0,"_bbp_total_topic_count":0,"_bbp_total_reply_count":0,"_bbp_voice_count":0,"_bbp_anonymous_reply_count":0,"_bbp_topic_count_hidden":0,"_bbp_reply_count_hidden":0,"_bbp_forum_subforum_count":0,"footnotes":""},"categories":[32,106],"tags":[],"class_list":["post-445031","post","type-post","status-publish","format-video","has-post-thumbnail","category-lo-ultimo","category-video-news","post_format-post-format-video"],"_links":{"self":[{"href":"https:\/\/primermomento.com\/index.php?rest_route=\/wp\/v2\/posts\/445031","targetHints":{"allow":["GET"]}}],"collection":[{"href":"https:\/\/primermomento.com\/index.php?rest_route=\/wp\/v2\/posts"}],"about":[{"href":"https:\/\/primermomento.com\/index.php?rest_route=\/wp\/v2\/types\/post"}],"author":[{"embeddable":true,"href":"https:\/\/primermomento.com\/index.php?rest_route=\/wp\/v2\/users\/1"}],"replies":[{"embeddable":true,"href":"https:\/\/primermomento.com\/index.php?rest_route=%2Fwp%2Fv2%2Fcomments&post=445031"}],"version-history":[{"count":1,"href":"https:\/\/primermomento.com\/index.php?rest_route=\/wp\/v2\/posts\/445031\/revisions"}],"predecessor-version":[{"id":445033,"href":"https:\/\/primermomento.com\/index.php?rest_route=\/wp\/v2\/posts\/445031\/revisions\/445033"}],"wp:featuredmedia":[{"embeddable":true,"href":"https:\/\/primermomento.com\/index.php?rest_route=\/wp\/v2\/media\/445032"}],"wp:attachment":[{"href":"https:\/\/primermomento.com\/index.php?rest_route=%2Fwp%2Fv2%2Fmedia&parent=445031"}],"wp:term":[{"taxonomy":"category","embeddable":true,"href":"https:\/\/primermomento.com\/index.php?rest_route=%2Fwp%2Fv2%2Fcategories&post=445031"},{"taxonomy":"post_tag","embeddable":true,"href":"https:\/\/primermomento.com\/index.php?rest_route=%2Fwp%2Fv2%2Ftags&post=445031"}],"curies":[{"name":"wp","href":"https:\/\/api.w.org\/{rel}","templated":true}]}}