{"id":445053,"date":"2025-06-18T11:30:58","date_gmt":"2025-06-18T15:30:58","guid":{"rendered":"https:\/\/primermomento.com\/?p=445053"},"modified":"2025-06-19T06:00:21","modified_gmt":"2025-06-19T10:00:21","slug":"reserva-federal-mantiene-tasa-de-interes-en-eeuu","status":"publish","type":"post","link":"https:\/\/primermomento.com\/?p=445053","title":{"rendered":"Reserva Federal mantiene tasa de inter\u00e9s en EEUU"},"content":{"rendered":"<p><iframe loading=\"lazy\" title=\"Los tipos de inter\u00e9s en EE.UU. no bajan por los aranceles de Trump\" width=\"696\" height=\"392\" src=\"https:\/\/www.youtube.com\/embed\/XNQO44NIi2A?start=2&#038;feature=oembed\" frameborder=\"0\" allow=\"accelerometer; autoplay; clipboard-write; encrypted-media; gyroscope; picture-in-picture; web-share\" referrerpolicy=\"strict-origin-when-cross-origin\" allowfullscreen><\/iframe><\/p>\n<p><strong><em>Por <span style=\"color: #ff0000;\">Prensa Latina<\/span><\/em><\/strong><\/p>\n<p>Washington, EEUU.- Mientras eval\u00faa el impacto de las pol\u00edticas econ\u00f3micas de la administraci\u00f3n de Donald Trump, la Reserva Federal (Fed) de Estados Unidos eligi\u00f3 hoy continuar su estrategia de \u00abesperar y ver\u00bb.<\/p>\n<div class=\"elementor-element elementor-element-0aea3a0 elementor-widget elementor-widget-theme-post-content\" data-id=\"0aea3a0\" data-element_type=\"widget\" data-widget_type=\"theme-post-content.default\">\n<div class=\"elementor-widget-container\">\n<p>Al menos eso es lo que supone el anuncio este mi\u00e9rcoles de que mantendr\u00e1 estable su tasa de inter\u00e9s de referencia en su rango actual de 4,25 a 4,5 por ciento.<\/p>\n<figure id=\"attachment_425059\" aria-describedby=\"caption-attachment-425059\" style=\"width: 300px\" class=\"wp-caption alignright\"><img loading=\"lazy\" decoding=\"async\" class=\"size-medium wp-image-425059\" src=\"https:\/\/primermomento.com\/wp-content\/uploads\/2024\/09\/Presidente-Reserva-Federal-EEUU1-300x183.jpg\" alt=\"\" width=\"300\" height=\"183\" srcset=\"https:\/\/primermomento.com\/wp-content\/uploads\/2024\/09\/Presidente-Reserva-Federal-EEUU1-300x183.jpg 300w, https:\/\/primermomento.com\/wp-content\/uploads\/2024\/09\/Presidente-Reserva-Federal-EEUU1-768x467.jpg 768w, https:\/\/primermomento.com\/wp-content\/uploads\/2024\/09\/Presidente-Reserva-Federal-EEUU1-696x424.jpg 696w, https:\/\/primermomento.com\/wp-content\/uploads\/2024\/09\/Presidente-Reserva-Federal-EEUU1.jpg 1012w\" sizes=\"auto, (max-width: 300px) 100vw, 300px\" \/><figcaption id=\"caption-attachment-425059\" class=\"wp-caption-text\">Jerome Powell, presidente de la Reserva Federal de EEUU.<\/figcaption><\/figure>\n<p>La tasa persiste en ese nivel desde que Trump asumi\u00f3 el cargo el pasado 20 de enero.<\/p>\n<p>Recuerdan medios locales que la \u00faltima vez que la Fed recort\u00f3 las tasas fue en diciembre de 2024, cuando las redujo en 0,25 puntos porcentuales.<\/p>\n<p>Una tasa de referencia m\u00e1s alta puede encarecer los pr\u00e9stamos para empresas y consumidores, ya que ayuda a determinar cu\u00e1nto pagan en intereses sobre pr\u00e9stamos y deudas de tarjetas de cr\u00e9dito.<\/p>\n<p>Por lo tanto, cuando disminuyen las tasas de referencia, las de inter\u00e9s de los pr\u00e9stamos tienden a bajar, lo que abarata los pr\u00e9stamos.<\/p>\n<p>El presidente de la Fed, Jerome Powell, afirm\u00f3 que el banco central monitorea si los aranceles de la administraci\u00f3n Trump podr\u00edan impulsar una mayor inflaci\u00f3n, aunque se\u00f1al\u00f3 que el impacto a\u00fan no se hab\u00eda materializado en datos econ\u00f3micos concretos.<\/p>\n<p>Trump ha pedido repetidamente a la Fed que recorte las tasas, incluso la ma\u00f1ana de este mi\u00e9rcoles, antes de que se conociera su decision, critic\u00f3 fuertemente a Powell, quien \u00abha hecho un mal trabajo\u00bb. Coment\u00f3 a los periodistas en la Casa Blanca.<\/p>\n<p>El mandatario llam\u00f3 a Powell \u00abest\u00fapido\u00bb. Dijo: \u00abFrancamente, tenemos a un est\u00fapido en la Reserva Federal. Probablemente no recorte hoy. Europa tuvo 10 recortes y nosotros ninguno\u00bb.<\/p>\n<p>\u00abSupongo que es un pol\u00edtico, no s\u00e9, un pol\u00edtico que no es una persona inteligente\u00bb, agreg\u00f3 Trump, quien aparentemente amenaz\u00f3 con despedir a Powell. \u00ab(Joe) Biden lo volvi\u00f3 a nombrar. Yo nunca lo habr\u00eda hecho \u2026\u00bb.<\/p>\n<p>Seg\u00fan el presidente su administraci\u00f3n ha reducido la inflaci\u00f3n y \u00absolo ha tenido \u00e9xito\u00bb. \u00abTuvimos la inflaci\u00f3n m\u00e1s alta de nuestra historia y luego baj\u00f3 cuando fui elegido\u00bb, dijo al insistir que \u00abahora tenemos a un hombre que se niega a bajar la tasa de la Reserva Federal\u00bb.<\/p>\n<p>En su anuncio, el banco central mencion\u00f3 las s\u00f3lidas condiciones del mercado laboral y una econom\u00eda que contin\u00faa creciendo a un ritmo constante, aunque tambi\u00e9n se\u00f1al\u00f3 cautela.<\/p>\n<p>\u00abLa incertidumbre sobre las perspectivas econ\u00f3micas ha disminuido, pero se mantiene elevada\u00bb, advirti\u00f3 la Fed.<\/p>\n<\/div>\n<\/div>\n<div class=\"elementor-element elementor-element-4f75016 elementor-widget elementor-widget-post-info\" data-id=\"4f75016\" data-element_type=\"widget\" data-widget_type=\"post-info.default\">\n<div class=\"elementor-widget-container\">\n<ul class=\"elementor-inline-items elementor-icon-list-items elementor-post-info\">\n<li class=\"elementor-icon-list-item elementor-repeater-item-17dda3e elementor-inline-item\"><span class=\"elementor-icon-list-text elementor-post-info__item elementor-post-info__item--type-custom\">#<em><a href=\"https:\/\/primermomento.com\/?p=445053\" rel=\"tag\">Fed<\/a><\/em><\/span><\/li>\n<\/ul>\n<\/div>\n<\/div>\n","protected":false},"excerpt":{"rendered":"<p>Por Prensa Latina Washington, EEUU.- Mientras eval\u00faa el impacto de las pol\u00edticas econ\u00f3micas de la administraci\u00f3n de Donald Trump, la Reserva Federal (Fed) de Estados Unidos eligi\u00f3 hoy continuar su estrategia de \u00abesperar y ver\u00bb. Al menos eso es lo que supone el anuncio este mi\u00e9rcoles de que mantendr\u00e1 estable su tasa de inter\u00e9s de [&hellip;]<\/p>\n","protected":false},"author":1,"featured_media":425059,"comment_status":"open","ping_status":"open","sticky":false,"template":"","format":"video","meta":{"_bbp_topic_count":0,"_bbp_reply_count":0,"_bbp_total_topic_count":0,"_bbp_total_reply_count":0,"_bbp_voice_count":0,"_bbp_anonymous_reply_count":0,"_bbp_topic_count_hidden":0,"_bbp_reply_count_hidden":0,"_bbp_forum_subforum_count":0,"footnotes":""},"categories":[35,106],"tags":[],"class_list":["post-445053","post","type-post","status-publish","format-video","has-post-thumbnail","category-economia","category-video-news","post_format-post-format-video"],"_links":{"self":[{"href":"https:\/\/primermomento.com\/index.php?rest_route=\/wp\/v2\/posts\/445053","targetHints":{"allow":["GET"]}}],"collection":[{"href":"https:\/\/primermomento.com\/index.php?rest_route=\/wp\/v2\/posts"}],"about":[{"href":"https:\/\/primermomento.com\/index.php?rest_route=\/wp\/v2\/types\/post"}],"author":[{"embeddable":true,"href":"https:\/\/primermomento.com\/index.php?rest_route=\/wp\/v2\/users\/1"}],"replies":[{"embeddable":true,"href":"https:\/\/primermomento.com\/index.php?rest_route=%2Fwp%2Fv2%2Fcomments&post=445053"}],"version-history":[{"count":3,"href":"https:\/\/primermomento.com\/index.php?rest_route=\/wp\/v2\/posts\/445053\/revisions"}],"predecessor-version":[{"id":445088,"href":"https:\/\/primermomento.com\/index.php?rest_route=\/wp\/v2\/posts\/445053\/revisions\/445088"}],"wp:featuredmedia":[{"embeddable":true,"href":"https:\/\/primermomento.com\/index.php?rest_route=\/wp\/v2\/media\/425059"}],"wp:attachment":[{"href":"https:\/\/primermomento.com\/index.php?rest_route=%2Fwp%2Fv2%2Fmedia&parent=445053"}],"wp:term":[{"taxonomy":"category","embeddable":true,"href":"https:\/\/primermomento.com\/index.php?rest_route=%2Fwp%2Fv2%2Fcategories&post=445053"},{"taxonomy":"post_tag","embeddable":true,"href":"https:\/\/primermomento.com\/index.php?rest_route=%2Fwp%2Fv2%2Ftags&post=445053"}],"curies":[{"name":"wp","href":"https:\/\/api.w.org\/{rel}","templated":true}]}}