{"id":445126,"date":"2025-06-19T13:44:44","date_gmt":"2025-06-19T17:44:44","guid":{"rendered":"https:\/\/primermomento.com\/?p=445126"},"modified":"2025-06-19T19:45:27","modified_gmt":"2025-06-19T23:45:27","slug":"mexico-sin-danos-humanos-hasta-el-momento-tras-impacto-de-erick","status":"publish","type":"post","link":"https:\/\/primermomento.com\/?p=445126","title":{"rendered":"M\u00e9xico sin da\u00f1os humanos hasta el momento tras impacto de Erick"},"content":{"rendered":"<p><iframe loading=\"lazy\" title=\"El hurac\u00e1n Erick impacta entre Oaxaca y Guerrero con vientos de 200 km\/h\" width=\"696\" height=\"392\" src=\"https:\/\/www.youtube.com\/embed\/U4tC-B8BSqk?start=2&#038;feature=oembed\" frameborder=\"0\" allow=\"accelerometer; autoplay; clipboard-write; encrypted-media; gyroscope; picture-in-picture; web-share\" referrerpolicy=\"strict-origin-when-cross-origin\" allowfullscreen><\/iframe><\/p>\n<p><strong><em>Por <span style=\"color: #ff0000;\">Prensa Latina<\/span><\/em><\/strong><\/p>\n<p>Ciudad de M\u00e9xico, M\u00c9XICO.- La coordinadora nacional de Protecci\u00f3n Civil, Laura Vel\u00e1zquez, inform\u00f3 hoy que hasta el momento el hurac\u00e1n Erick, de categor\u00eda 1 en la escala Saffir-Simpson, no dej\u00f3 da\u00f1os humanos en su paso por M\u00e9xico.<\/p>\n<div class=\"elementor-element elementor-element-0aea3a0 elementor-widget elementor-widget-theme-post-content\" data-id=\"0aea3a0\" data-element_type=\"widget\" data-widget_type=\"theme-post-content.default\">\n<div class=\"elementor-widget-container\">\n<p><img loading=\"lazy\" decoding=\"async\" class=\"size-medium wp-image-445127 alignleft\" src=\"https:\/\/primermomento.com\/wp-content\/uploads\/2025\/06\/Huracan-ERick-efectos-Mexic-1-300x225.jpg\" alt=\"\" width=\"300\" height=\"225\" srcset=\"https:\/\/primermomento.com\/wp-content\/uploads\/2025\/06\/Huracan-ERick-efectos-Mexic-1-300x225.jpg 300w, https:\/\/primermomento.com\/wp-content\/uploads\/2025\/06\/Huracan-ERick-efectos-Mexic-1-768x576.jpg 768w, https:\/\/primermomento.com\/wp-content\/uploads\/2025\/06\/Huracan-ERick-efectos-Mexic-1-696x522.jpg 696w, https:\/\/primermomento.com\/wp-content\/uploads\/2025\/06\/Huracan-ERick-efectos-Mexic-1.jpg 1020w\" sizes=\"auto, (max-width: 300px) 100vw, 300px\" \/>\u201cComo un dato actualizado ya hasta el momento, sin da\u00f1os humanos\u201d, report\u00f3 la funcionaria al intervenir de manera virtual en el habitual encuentro de la presidenta Claudia Sheinbaum con medios de comunicaci\u00f3n desde Palacio Nacional.<\/p>\n<p>El sistema, actualmente en tierra con desplazamiento hacia el noroeste a 19 km\/h, ingres\u00f3 al territorio como categor\u00eda 3 a las 05:30 hora local por Santiago Pinotepa Nacional, Oaxaca, con vientos m\u00e1ximos de 205 km\/h y rachas de hasta 250, seg\u00fan el Servicio Meteorol\u00f3gico Nacional (SMN).<\/p>\n<p>De acuerdo con lo divulgado, en Oaxaca se registran 14 municipios con efectos por lluvias y vientos, un hospital con ingreso de agua y otro evacuado, crecimiento del r\u00edo en Ciudad Ixtepec, nueve derrumbes carreteros, as\u00ed como \u00e1rboles y postes ca\u00eddos, entre otras consecuencias del fen\u00f3meno.<\/p>\n<p>Tambi\u00e9n se report\u00f3 un lesionado por ca\u00edda de barda, dos pescadores localizados con vida tras haber zarpado de Puerto Paloma pese a las condiciones adversas, y personas evacuadas de zonas inundables, en tanto el aeropuerto Puerto Escondido cerr\u00f3 las operaciones.<\/p>\n<p>Como parte de las acciones realizadas en d\u00edas recientes frente al impacto del cicl\u00f3n, Vel\u00e1zquez mencion\u00f3 que en las entidades de Oaxaca y Guerrero se desplegaron 21 mil 508 elementos de la Secretar\u00eda de la Defensa Nacional y nueve mil 71 de la cartera de Marina.<\/p>\n<p>Tambi\u00e9n la Secretar\u00eda de Infraestructura, Comunicaciones y Transportes activ\u00f3 all\u00ed 757 especialistas; la Comisi\u00f3n Nacional del Agua, 37 elementos y 91 equipos especializados, y la Comisi\u00f3n Federal de Electricidad, 665 electricistas, 154 gr\u00faas, 51 torres de iluminaci\u00f3n y dos helic\u00f3pteros.<\/p>\n<p>Las autoridades llevaron a cabo perifoneos en comunidades identificadas como vulnerables para avisar sobre la cercan\u00eda del hurac\u00e1n, acciones de difusi\u00f3n sobre el nivel de peligro y alerta temprana a las comunidades establecidas en zonas de riesgo.<\/p>\n<p>Asimismo, pusieron a resguardo todas las embarcaciones y establecieron la suspensi\u00f3n de la navegaci\u00f3n mar\u00edtima, adem\u00e1s de habilitar refugios temporales y emprender evacuaciones preventivas.<\/p>\n<p>Durante las pr\u00f3ximas horas, los expertos advierten que Erick ocasionar\u00e1 lluvias torrenciales (de 150 a 250 mm) en Guerrero y Oaxaca e intensas (de 75 a 150 mm) en Chiapas, sur de Veracruz y sur de Puebla.<\/p>\n<p>Tambi\u00e9n se esperan vientos sostenidos de 100 a 120 km\/h con rachas de 140 a 160 y oleaje de tres a cinco metros de altura en la costa de Oaxaca y el oriente y sur de Guerrero, as\u00ed como oleaje de 1,5 a 2,5 metros en Chiapas.<\/p>\n<p>\u201cLos vientos se debilitar\u00e1n gradualmente, conforme se desplace por tierra\u201d, detalla el comunicado del SMN.<\/p>\n<p>El Servicio Meteorol\u00f3gico Nacional proyecta para este a\u00f1o una temporada cicl\u00f3nica cercana al promedio o ligeramente por encima, con la formaci\u00f3n de 16 a 20 sistemas en el Pac\u00edfico (Erick es el primero en llegar a hurac\u00e1n) y de 13 a 17 en el Atl\u00e1ntico.<\/p>\n<\/div>\n<\/div>\n<div class=\"elementor-element elementor-element-4f75016 elementor-widget elementor-widget-post-info\" data-id=\"4f75016\" data-element_type=\"widget\" data-widget_type=\"post-info.default\">\n<div class=\"elementor-widget-container\">\n<ul class=\"elementor-inline-items elementor-icon-list-items elementor-post-info\">\n<li class=\"elementor-icon-list-item elementor-repeater-item-17dda3e elementor-inline-item\"><em><span class=\"elementor-icon-list-text elementor-post-info__item elementor-post-info__item--type-custom\">#<a href=\"https:\/\/primermomento.com\/?p=445126\" rel=\"tag\">erick<\/a>\u00a0#<a href=\"https:\/\/primermomento.com\/?p=445126\" rel=\"tag\">hurac\u00e1n<\/a>\u00a0#<a href=\"https:\/\/primermomento.com\/?p=445126\" rel=\"tag\">M\u00e9xico<\/a><\/span><\/em><\/li>\n<\/ul>\n<\/div>\n<\/div>\n","protected":false},"excerpt":{"rendered":"<p>Por Prensa Latina Ciudad de M\u00e9xico, M\u00c9XICO.- La coordinadora nacional de Protecci\u00f3n Civil, Laura Vel\u00e1zquez, inform\u00f3 hoy que hasta el momento el hurac\u00e1n Erick, de categor\u00eda 1 en la escala Saffir-Simpson, no dej\u00f3 da\u00f1os humanos en su paso por M\u00e9xico. \u201cComo un dato actualizado ya hasta el momento, sin da\u00f1os humanos\u201d, report\u00f3 la funcionaria al [&hellip;]<\/p>\n","protected":false},"author":1,"featured_media":445127,"comment_status":"open","ping_status":"open","sticky":false,"template":"","format":"video","meta":{"_bbp_topic_count":0,"_bbp_reply_count":0,"_bbp_total_topic_count":0,"_bbp_total_reply_count":0,"_bbp_voice_count":0,"_bbp_anonymous_reply_count":0,"_bbp_topic_count_hidden":0,"_bbp_reply_count_hidden":0,"_bbp_forum_subforum_count":0,"footnotes":""},"categories":[37,106],"tags":[],"class_list":["post-445126","post","type-post","status-publish","format-video","has-post-thumbnail","category-ciencia-tecnologia","category-video-news","post_format-post-format-video"],"_links":{"self":[{"href":"https:\/\/primermomento.com\/index.php?rest_route=\/wp\/v2\/posts\/445126","targetHints":{"allow":["GET"]}}],"collection":[{"href":"https:\/\/primermomento.com\/index.php?rest_route=\/wp\/v2\/posts"}],"about":[{"href":"https:\/\/primermomento.com\/index.php?rest_route=\/wp\/v2\/types\/post"}],"author":[{"embeddable":true,"href":"https:\/\/primermomento.com\/index.php?rest_route=\/wp\/v2\/users\/1"}],"replies":[{"embeddable":true,"href":"https:\/\/primermomento.com\/index.php?rest_route=%2Fwp%2Fv2%2Fcomments&post=445126"}],"version-history":[{"count":2,"href":"https:\/\/primermomento.com\/index.php?rest_route=\/wp\/v2\/posts\/445126\/revisions"}],"predecessor-version":[{"id":445161,"href":"https:\/\/primermomento.com\/index.php?rest_route=\/wp\/v2\/posts\/445126\/revisions\/445161"}],"wp:featuredmedia":[{"embeddable":true,"href":"https:\/\/primermomento.com\/index.php?rest_route=\/wp\/v2\/media\/445127"}],"wp:attachment":[{"href":"https:\/\/primermomento.com\/index.php?rest_route=%2Fwp%2Fv2%2Fmedia&parent=445126"}],"wp:term":[{"taxonomy":"category","embeddable":true,"href":"https:\/\/primermomento.com\/index.php?rest_route=%2Fwp%2Fv2%2Fcategories&post=445126"},{"taxonomy":"post_tag","embeddable":true,"href":"https:\/\/primermomento.com\/index.php?rest_route=%2Fwp%2Fv2%2Ftags&post=445126"}],"curies":[{"name":"wp","href":"https:\/\/api.w.org\/{rel}","templated":true}]}}