{"id":445202,"date":"2025-06-20T06:31:13","date_gmt":"2025-06-20T10:31:13","guid":{"rendered":"https:\/\/primermomento.com\/?p=445202"},"modified":"2025-06-21T06:42:29","modified_gmt":"2025-06-21T10:42:29","slug":"congresista-espaillat-asegura-no-temer-tras-asesinato-de-legisladora-en-minnesota-y-ataques-a-funcionarios-en-ee-uu","status":"publish","type":"post","link":"https:\/\/primermomento.com\/?p=445202","title":{"rendered":"Congresista Espaillat asegura no temer tras asesinato de legisladora en Minnesota y ataques a funcionarios en EEUU"},"content":{"rendered":"<p><iframe loading=\"lazy\" title=\"Congresista Espaillat asegura no temer tras asesinato de legisladora en Minnesota..\" width=\"696\" height=\"392\" src=\"https:\/\/www.youtube.com\/embed\/WvBgyilbevM?start=1&#038;feature=oembed\" frameborder=\"0\" allow=\"accelerometer; autoplay; clipboard-write; encrypted-media; gyroscope; picture-in-picture; web-share\" referrerpolicy=\"strict-origin-when-cross-origin\" allowfullscreen><\/iframe><\/p>\n<p><em><b>Por <span style=\"color: #ff0000;\">Ram\u00f3n Mercedes<\/span><\/b><\/em><\/p>\n<p>Nueva York, EEUU.-\u00a0Ante el hallazgo de una lista con nombres de legisladores y funcionarios en poder de Vance Boelter, de 57 a\u00f1os -sospechoso de asesinar a tiros a la representante estatal dem\u00f3crata de Minnesota Melissa Hortman y a su esposo, as\u00ed como de herir al senador estatal John Hoffman y a su esposa-, el congresista por el distrito 13 de NY, Adriano Espaillat, asegur\u00f3 que no tiene miedo.<\/p>\n<p>\u201cSoy neoyorquino, tengo 28 a\u00f1os representando esta comunidad en el Alto Manhattan, camino por sus calles porque es mi vecindario desde que ten\u00eda 9 a\u00f1os, y el d\u00eda que me sienta con alg\u00fan temor me retirar\u00e9 de todo esto\u201d, precis\u00f3 Espaillat.<\/p>\n<p><img loading=\"lazy\" decoding=\"async\" class=\"size-medium wp-image-445203 alignleft\" src=\"https:\/\/primermomento.com\/wp-content\/uploads\/2025\/06\/zzzzzzzzzzzzzzzzzzzz-Congresista-Espaillat-asegura-no-temer-tras-asesinato-de-legisladora-en-Minnesota-y-ataques-a-funcionarios-en-EE.-UU-300x205.jpg\" alt=\"\" width=\"300\" height=\"205\" srcset=\"https:\/\/primermomento.com\/wp-content\/uploads\/2025\/06\/zzzzzzzzzzzzzzzzzzzz-Congresista-Espaillat-asegura-no-temer-tras-asesinato-de-legisladora-en-Minnesota-y-ataques-a-funcionarios-en-EE.-UU-300x205.jpg 300w, https:\/\/primermomento.com\/wp-content\/uploads\/2025\/06\/zzzzzzzzzzzzzzzzzzzz-Congresista-Espaillat-asegura-no-temer-tras-asesinato-de-legisladora-en-Minnesota-y-ataques-a-funcionarios-en-EE.-UU-218x150.jpg 218w, https:\/\/primermomento.com\/wp-content\/uploads\/2025\/06\/zzzzzzzzzzzzzzzzzzzz-Congresista-Espaillat-asegura-no-temer-tras-asesinato-de-legisladora-en-Minnesota-y-ataques-a-funcionarios-en-EE.-UU-696x476.jpg 696w, https:\/\/primermomento.com\/wp-content\/uploads\/2025\/06\/zzzzzzzzzzzzzzzzzzzz-Congresista-Espaillat-asegura-no-temer-tras-asesinato-de-legisladora-en-Minnesota-y-ataques-a-funcionarios-en-EE.-UU.jpg 755w\" sizes=\"auto, (max-width: 300px) 100vw, 300px\" \/>El violento ataque perpetrado por Boelter conmocion\u00f3 a Minnesota: Melissa Hortman y su esposo murieron a causa de los disparos, mientras que el senador estatal John Hoffman, de Champlin, y su esposa resultaron heridos.<\/p>\n<p>En medio de un clima de creciente tensi\u00f3n pol\u00edtica y ataques a funcionarios p\u00fablicos, tambi\u00e9n se han producido acciones controversiales por parte de autoridades federales de inmigraci\u00f3n.<\/p>\n<p>En California, el senador federal Alex Padilla, primer y \u00fanico latino en ocupar ese cargo en el estado, fue detenido de forma violenta por agentes de inmigraci\u00f3n cuando intentaba cuestionar a la secretaria de Seguridad Nacional, Kristi Noem, durante una conferencia de prensa sobre pol\u00edticas migratorias.<\/p>\n<p>En NYC, el contralor y candidato a la Alcald\u00eda, Brad Lander, fue esposado por agentes del ICE mientras acompa\u00f1aba a un inmigrante tras una audiencia judicial. Lander se interpuso entre los agentes y el inmigrante, exigiendo ver una orden judicial y las identificaciones oficiales. Al negarse a permitir la detenci\u00f3n sin una orden, fue empujado contra la pared, esposado y puesto bajo custodia.<\/p>\n<p>Tambi\u00e9n el alcalde de Newark, Ras Baraka, fue arrestado el mes pasado en un centro de detenci\u00f3n federal donde protestaba por su reapertura. Fue acusado de entrar sin autorizaci\u00f3n y detenido durante varias horas.<\/p>\n<p>A principios de este mes, los congresistas dem\u00f3cratas Adriano Espaillat y Nydia Vel\u00e1zquez (D-12) acudieron al edificio 26 de Federal Plaza, en Manhattan, ante denuncias sobre condiciones infrahumanas en que se encontraban detenidos varios inmigrantes.<\/p>\n<p>Las autoridades impidieron que los legisladores pudieran ver a los detenidos e inspeccionar el lugar, pese a que, como legisladores, tiene ese derecho.<\/p>\n<p>Pese a estos incidentes, el congresista Espaillat reafirma su compromiso con los inmigrantes: \u201cSeguiremos ofreci\u00e9ndoles orientaci\u00f3n legal a quienes acuden a nuestras oficinas. Es un compromiso con los m\u00e1s vulnerables y necesitados\u201d, subray\u00f3.<\/p>\n","protected":false},"excerpt":{"rendered":"<p>Por Ram\u00f3n Mercedes Nueva York, EEUU.-\u00a0Ante el hallazgo de una lista con nombres de legisladores y funcionarios en poder de Vance Boelter, de 57 a\u00f1os -sospechoso de asesinar a tiros a la representante estatal dem\u00f3crata de Minnesota Melissa Hortman y a su esposo, as\u00ed como de herir al senador estatal John Hoffman y a su [&hellip;]<\/p>\n","protected":false},"author":1,"featured_media":445203,"comment_status":"open","ping_status":"open","sticky":false,"template":"","format":"video","meta":{"_bbp_topic_count":0,"_bbp_reply_count":0,"_bbp_total_topic_count":0,"_bbp_total_reply_count":0,"_bbp_voice_count":0,"_bbp_anonymous_reply_count":0,"_bbp_topic_count_hidden":0,"_bbp_reply_count_hidden":0,"_bbp_forum_subforum_count":0,"footnotes":""},"categories":[31,106],"tags":[],"class_list":["post-445202","post","type-post","status-publish","format-video","has-post-thumbnail","category-estados-unidos","category-video-news","post_format-post-format-video"],"_links":{"self":[{"href":"https:\/\/primermomento.com\/index.php?rest_route=\/wp\/v2\/posts\/445202","targetHints":{"allow":["GET"]}}],"collection":[{"href":"https:\/\/primermomento.com\/index.php?rest_route=\/wp\/v2\/posts"}],"about":[{"href":"https:\/\/primermomento.com\/index.php?rest_route=\/wp\/v2\/types\/post"}],"author":[{"embeddable":true,"href":"https:\/\/primermomento.com\/index.php?rest_route=\/wp\/v2\/users\/1"}],"replies":[{"embeddable":true,"href":"https:\/\/primermomento.com\/index.php?rest_route=%2Fwp%2Fv2%2Fcomments&post=445202"}],"version-history":[{"count":2,"href":"https:\/\/primermomento.com\/index.php?rest_route=\/wp\/v2\/posts\/445202\/revisions"}],"predecessor-version":[{"id":445206,"href":"https:\/\/primermomento.com\/index.php?rest_route=\/wp\/v2\/posts\/445202\/revisions\/445206"}],"wp:featuredmedia":[{"embeddable":true,"href":"https:\/\/primermomento.com\/index.php?rest_route=\/wp\/v2\/media\/445203"}],"wp:attachment":[{"href":"https:\/\/primermomento.com\/index.php?rest_route=%2Fwp%2Fv2%2Fmedia&parent=445202"}],"wp:term":[{"taxonomy":"category","embeddable":true,"href":"https:\/\/primermomento.com\/index.php?rest_route=%2Fwp%2Fv2%2Fcategories&post=445202"},{"taxonomy":"post_tag","embeddable":true,"href":"https:\/\/primermomento.com\/index.php?rest_route=%2Fwp%2Fv2%2Ftags&post=445202"}],"curies":[{"name":"wp","href":"https:\/\/api.w.org\/{rel}","templated":true}]}}