{"id":445273,"date":"2025-06-20T13:05:28","date_gmt":"2025-06-20T17:05:28","guid":{"rendered":"https:\/\/primermomento.com\/?p=445273"},"modified":"2025-07-10T20:55:57","modified_gmt":"2025-07-11T00:55:57","slug":"oceanos-se-tornan-mas-verdes-en-los-polos-y-azules-hacia-el-ecuador","status":"publish","type":"post","link":"https:\/\/primermomento.com\/?p=445273","title":{"rendered":"Oc\u00e9anos se tornan m\u00e1s verdes en los polos y azules hacia el ecuador"},"content":{"rendered":"<p><em><strong>Por <span style=\"color: #ff0000;\">Prensa Latina<\/span><\/strong><\/em><\/p>\n<p>Washington, EEUU.- Datos satelitales muestran que las aguas oce\u00e1nicas se est\u00e1n volviendo m\u00e1s verdes en los polos y m\u00e1s azules hacia el ecuador, y de continuar esta tendencia podr\u00eda repercutir en la pesca mundial, seg\u00fan public\u00f3 Science.<\/p>\n<div class=\"elementor-element elementor-element-0aea3a0 elementor-widget elementor-widget-theme-post-content\" data-id=\"0aea3a0\" data-element_type=\"widget\" data-widget_type=\"theme-post-content.default\">\n<div class=\"elementor-widget-container\">\n<p>Este cambio refleja la variaci\u00f3n en las concentraciones de un pigmento verde llamado clorofila, producido por el fitoplancton, organismos marinos fotosint\u00e9ticos en la base de la cadena alimentaria oce\u00e1nica.<\/p>\n<p>En el oc\u00e9ano, lo que observamos con base en mediciones satelitales es que las zonas tropicales y subtropicales generalmente est\u00e1n perdiendo clorofila, mientras que las regiones polares se est\u00e1n reverdeciendo, explicaron los investigadores.<\/p>\n<p>Desde la d\u00e9cada de 1990, numerosos estudios documentaron un mayor reverdecimiento terrestre, donde la cobertura foliar media global est\u00e1 aumentando debido al ascenso de las temperaturas y otros factores, sin embargo documentar la fotos\u00edntesis en el oc\u00e9ano ha sido m\u00e1s dif\u00edcil, afirmaron.<\/p>\n<p>El estudio analiz\u00f3 datos satelitales recopilados entre 2003 y 2022 por un instrumento de la NASA que recorre toda la Tierra cada dos d\u00edas, midiendo la longitud de onda de la luz.<\/p>\n<p>Los investigadores buscaban cambios en la concentraci\u00f3n de clorofila, un indicador de la biomasa del fitoplancton.<\/p>\n<p>Advirtieron que si los desplazamientos del fitoplancton hacia los polos contin\u00faan, podr\u00edan afectar el ciclo global del carbono.<\/p>\n<p>Durante la fotos\u00edntesis, el fitoplancton act\u00faa como una esponja, absorbiendo di\u00f3xido de carbono de la atm\u00f3sfera; cuando estos organismos mueren y se hunden al fondo del oc\u00e9ano, el carbono se hunde con ellos.<\/p>\n<p>La ubicaci\u00f3n y la profundidad de ese carbono almacenado pueden influir en el calentamiento clim\u00e1tico.<\/p>\n<p>Adem\u00e1s, una disminuci\u00f3n persistente del fitoplancton en las regiones ecuatoriales podr\u00eda alterar la pesca, de la que dependen muchos pa\u00edses de ingresos bajos y medios, como los de las islas del Pac\u00edfico, para su alimentaci\u00f3n y desarrollo econ\u00f3mico, especialmente si dicha disminuci\u00f3n se extiende a las zonas costeras, alertaron los expertos.<\/p>\n<\/div>\n<\/div>\n<div class=\"elementor-element elementor-element-4f75016 elementor-widget elementor-widget-post-info\" data-id=\"4f75016\" data-element_type=\"widget\" data-widget_type=\"post-info.default\">\n<div class=\"elementor-widget-container\">\n<ul class=\"elementor-inline-items elementor-icon-list-items elementor-post-info\">\n<li class=\"elementor-icon-list-item elementor-repeater-item-17dda3e elementor-inline-item\"><em><span class=\"elementor-icon-list-text elementor-post-info__item elementor-post-info__item--type-custom\">#<a href=\"https:\/\/primermomento.com\/?p=445273\" rel=\"tag\">clorofila<\/a>\u00a0#<a href=\"https:\/\/primermomento.com\/?p=445273\" rel=\"tag\">color<\/a>\u00a0#<a href=\"https:\/\/primermomento.com\/?p=445273\" rel=\"tag\">oc\u00e9anos<\/a><\/span><\/em><\/li>\n<\/ul>\n<\/div>\n<\/div>\n","protected":false},"excerpt":{"rendered":"<p>Por Prensa Latina Washington, EEUU.- Datos satelitales muestran que las aguas oce\u00e1nicas se est\u00e1n volviendo m\u00e1s verdes en los polos y m\u00e1s azules hacia el ecuador, y de continuar esta tendencia podr\u00eda repercutir en la pesca mundial, seg\u00fan public\u00f3 Science. Este cambio refleja la variaci\u00f3n en las concentraciones de un pigmento verde llamado clorofila, producido [&hellip;]<\/p>\n","protected":false},"author":1,"featured_media":445274,"comment_status":"open","ping_status":"open","sticky":false,"template":"","format":"standard","meta":{"_bbp_topic_count":0,"_bbp_reply_count":0,"_bbp_total_topic_count":0,"_bbp_total_reply_count":0,"_bbp_voice_count":0,"_bbp_anonymous_reply_count":0,"_bbp_topic_count_hidden":0,"_bbp_reply_count_hidden":0,"_bbp_forum_subforum_count":0,"footnotes":""},"categories":[37,109],"tags":[],"class_list":{"0":"post-445273","1":"post","2":"type-post","3":"status-publish","4":"format-standard","5":"has-post-thumbnail","7":"category-ciencia-tecnologia","8":"category-eleccion"},"_links":{"self":[{"href":"https:\/\/primermomento.com\/index.php?rest_route=\/wp\/v2\/posts\/445273","targetHints":{"allow":["GET"]}}],"collection":[{"href":"https:\/\/primermomento.com\/index.php?rest_route=\/wp\/v2\/posts"}],"about":[{"href":"https:\/\/primermomento.com\/index.php?rest_route=\/wp\/v2\/types\/post"}],"author":[{"embeddable":true,"href":"https:\/\/primermomento.com\/index.php?rest_route=\/wp\/v2\/users\/1"}],"replies":[{"embeddable":true,"href":"https:\/\/primermomento.com\/index.php?rest_route=%2Fwp%2Fv2%2Fcomments&post=445273"}],"version-history":[{"count":1,"href":"https:\/\/primermomento.com\/index.php?rest_route=\/wp\/v2\/posts\/445273\/revisions"}],"predecessor-version":[{"id":445275,"href":"https:\/\/primermomento.com\/index.php?rest_route=\/wp\/v2\/posts\/445273\/revisions\/445275"}],"wp:featuredmedia":[{"embeddable":true,"href":"https:\/\/primermomento.com\/index.php?rest_route=\/wp\/v2\/media\/445274"}],"wp:attachment":[{"href":"https:\/\/primermomento.com\/index.php?rest_route=%2Fwp%2Fv2%2Fmedia&parent=445273"}],"wp:term":[{"taxonomy":"category","embeddable":true,"href":"https:\/\/primermomento.com\/index.php?rest_route=%2Fwp%2Fv2%2Fcategories&post=445273"},{"taxonomy":"post_tag","embeddable":true,"href":"https:\/\/primermomento.com\/index.php?rest_route=%2Fwp%2Fv2%2Ftags&post=445273"}],"curies":[{"name":"wp","href":"https:\/\/api.w.org\/{rel}","templated":true}]}}