{"id":445733,"date":"2025-06-26T07:08:52","date_gmt":"2025-06-26T11:08:52","guid":{"rendered":"https:\/\/primermomento.com\/?p=445733"},"modified":"2025-07-10T20:54:26","modified_gmt":"2025-07-11T00:54:26","slug":"explican-consecuencia-de-disminucion-de-nubes-para-el-planeta","status":"publish","type":"post","link":"https:\/\/primermomento.com\/?p=445733","title":{"rendered":"Explican consecuencia de disminuci\u00f3n de nubes para el planeta"},"content":{"rendered":"<p><em><strong>Por <span style=\"color: #ff0000;\">Prensa Latina<\/span><\/strong><\/em><\/p>\n<p>Washington, EEUU.- Investigaciones revelan que el cambio constatado en el patr\u00f3n nuboso del planeta podr\u00eda hoy estar contribuyendo al calentamiento global.<\/p>\n<div class=\"elementor-element elementor-element-0aea3a0 elementor-widget elementor-widget-theme-post-content\" data-id=\"0aea3a0\" data-element_type=\"widget\" data-widget_type=\"theme-post-content.default\">\n<div class=\"elementor-widget-container\">\n<p>Seg\u00fan explica la agencia espacial estadounidense NASA, la contracci\u00f3n de las zonas de nubes de tormenta del mundo es el principal contribuyente al aumento de la absorci\u00f3n de luz solar de la Tierra en el siglo XXI, lo cual amplifica los efectos del cambio clim\u00e1tico.<\/p>\n<p>Entre los puntos clave planteados por el estudio de este fen\u00f3meno, las observaciones satelitales muestran que en los \u00faltimos 24 a\u00f1os las zonas de nubes de tormenta del mundo se han estado contrayendo a un ritmo del 1,5 al tres por ciento por d\u00e9cada.<\/p>\n<p>Actualmente esta reducci\u00f3n es preocupante, pues de acuerdo con los datos, menos nubes significa m\u00e1s calor retenido, y los cient\u00edficos advierten que tal manifestaci\u00f3n podr\u00eda ser clave para entender las olas de calor extremo que baten r\u00e9cords en el planeta cada a\u00f1o.<\/p>\n<p>Los autores se\u00f1alan que este estudio proporciona una pieza crucial que falta en el rompecabezas del calentamiento radiactivo del siglo XXI y contribuye a explicar la gran anomal\u00eda de calor ocurrida en a\u00f1os anteriores.<\/p>\n<\/div>\n<\/div>\n<div class=\"elementor-element elementor-element-4f75016 elementor-widget elementor-widget-post-info\" data-id=\"4f75016\" data-element_type=\"widget\" data-widget_type=\"post-info.default\">\n<div class=\"elementor-widget-container\">\n<ul class=\"elementor-inline-items elementor-icon-list-items elementor-post-info\">\n<li class=\"elementor-icon-list-item elementor-repeater-item-17dda3e elementor-inline-item\"><span class=\"elementor-icon-list-text elementor-post-info__item elementor-post-info__item--type-custom\">#<a href=\"https:\/\/primermomento.com\/?p=445733\" rel=\"tag\">nubes<\/a><\/span><\/li>\n<\/ul>\n<\/div>\n<\/div>\n","protected":false},"excerpt":{"rendered":"<p>Por Prensa Latina Washington, EEUU.- Investigaciones revelan que el cambio constatado en el patr\u00f3n nuboso del planeta podr\u00eda hoy estar contribuyendo al calentamiento global. Seg\u00fan explica la agencia espacial estadounidense NASA, la contracci\u00f3n de las zonas de nubes de tormenta del mundo es el principal contribuyente al aumento de la absorci\u00f3n de luz solar de [&hellip;]<\/p>\n","protected":false},"author":1,"featured_media":445734,"comment_status":"open","ping_status":"open","sticky":false,"template":"","format":"standard","meta":{"_bbp_topic_count":0,"_bbp_reply_count":0,"_bbp_total_topic_count":0,"_bbp_total_reply_count":0,"_bbp_voice_count":0,"_bbp_anonymous_reply_count":0,"_bbp_topic_count_hidden":0,"_bbp_reply_count_hidden":0,"_bbp_forum_subforum_count":0,"footnotes":""},"categories":[37,109],"tags":[],"class_list":{"0":"post-445733","1":"post","2":"type-post","3":"status-publish","4":"format-standard","5":"has-post-thumbnail","7":"category-ciencia-tecnologia","8":"category-eleccion"},"_links":{"self":[{"href":"https:\/\/primermomento.com\/index.php?rest_route=\/wp\/v2\/posts\/445733","targetHints":{"allow":["GET"]}}],"collection":[{"href":"https:\/\/primermomento.com\/index.php?rest_route=\/wp\/v2\/posts"}],"about":[{"href":"https:\/\/primermomento.com\/index.php?rest_route=\/wp\/v2\/types\/post"}],"author":[{"embeddable":true,"href":"https:\/\/primermomento.com\/index.php?rest_route=\/wp\/v2\/users\/1"}],"replies":[{"embeddable":true,"href":"https:\/\/primermomento.com\/index.php?rest_route=%2Fwp%2Fv2%2Fcomments&post=445733"}],"version-history":[{"count":1,"href":"https:\/\/primermomento.com\/index.php?rest_route=\/wp\/v2\/posts\/445733\/revisions"}],"predecessor-version":[{"id":445735,"href":"https:\/\/primermomento.com\/index.php?rest_route=\/wp\/v2\/posts\/445733\/revisions\/445735"}],"wp:featuredmedia":[{"embeddable":true,"href":"https:\/\/primermomento.com\/index.php?rest_route=\/wp\/v2\/media\/445734"}],"wp:attachment":[{"href":"https:\/\/primermomento.com\/index.php?rest_route=%2Fwp%2Fv2%2Fmedia&parent=445733"}],"wp:term":[{"taxonomy":"category","embeddable":true,"href":"https:\/\/primermomento.com\/index.php?rest_route=%2Fwp%2Fv2%2Fcategories&post=445733"},{"taxonomy":"post_tag","embeddable":true,"href":"https:\/\/primermomento.com\/index.php?rest_route=%2Fwp%2Fv2%2Ftags&post=445733"}],"curies":[{"name":"wp","href":"https:\/\/api.w.org\/{rel}","templated":true}]}}