{"id":445832,"date":"2025-06-28T09:00:31","date_gmt":"2025-06-28T13:00:31","guid":{"rendered":"https:\/\/primermomento.com\/?p=445832"},"modified":"2025-06-28T09:46:11","modified_gmt":"2025-06-28T13:46:11","slug":"este-sabado-se-apertura-dominican-taste-festival-2025-en-el-alto-manhattan-dedicado-a-sajoma","status":"publish","type":"post","link":"https:\/\/primermomento.com\/?p=445832","title":{"rendered":"Este s\u00e1bado se apertura Dominican Taste Festival 2025 en el Alto Manhattan dedicado a Sajoma"},"content":{"rendered":"<p><iframe loading=\"lazy\" title=\"Dominican taste rumbo al Festival Gastron\u00f3mico en NY. Data Informativa Cornelio Olivo\" width=\"696\" height=\"392\" src=\"https:\/\/www.youtube.com\/embed\/Ap405GWUsqQ?feature=oembed\" frameborder=\"0\" allow=\"accelerometer; autoplay; clipboard-write; encrypted-media; gyroscope; picture-in-picture; web-share\" referrerpolicy=\"strict-origin-when-cross-origin\" allowfullscreen><\/iframe><\/p>\n<p><em><b>Por<span style=\"color: #ff0000;\"> Ram\u00f3n Mercedes<\/span><\/b><\/em><\/p>\n<p>Nueva York, EEUU.- Este s\u00e1bado se apertura al aire libre el quinto aniversario de Dominican Taste Festival 2025, que dirige la empresaria Elida Almonte, dedicado a San Jos\u00e9 de las Matas (Sajoma) perteneciente a Santiago de los Caballeros, por la gran cantidad de sanjosematense residentes en esta ciudad.<\/p>\n<p>Ser\u00e1 en Plaza Quisqueya, en la calle Dyckman con Broadway, en el Alto Manhattan, desde las 10:00 a.m. hasta las 8:00 p.m.<\/p>\n<p><img loading=\"lazy\" decoding=\"async\" class=\"size-medium wp-image-445833 alignleft\" src=\"https:\/\/primermomento.com\/wp-content\/uploads\/2025\/06\/zzzzzzzzzzzzzzzzzzzzzz-Este-sabado-se-apertura-Dominican-Taste-Festival-2025-en-el-Alto-Manhattan-300x182.jpg\" alt=\"\" width=\"300\" height=\"182\" srcset=\"https:\/\/primermomento.com\/wp-content\/uploads\/2025\/06\/zzzzzzzzzzzzzzzzzzzzzz-Este-sabado-se-apertura-Dominican-Taste-Festival-2025-en-el-Alto-Manhattan-300x182.jpg 300w, https:\/\/primermomento.com\/wp-content\/uploads\/2025\/06\/zzzzzzzzzzzzzzzzzzzzzz-Este-sabado-se-apertura-Dominican-Taste-Festival-2025-en-el-Alto-Manhattan.jpg 528w\" sizes=\"auto, (max-width: 300px) 100vw, 300px\" \/>Habr\u00e1 degustaciones gastron\u00f3micas tradicionales y modernas, exposici\u00f3n de m\u00faltiples productos agr\u00edcolas, de turismo, alimentos, artesan\u00eda, moda y servicios; zona infantil y familiar, paneles de emprendimiento, exhibiciones de arte y cultura; reconocimiento al orgullo dominicano y m\u00fasica en vivo, entre otras actividades.<\/p>\n<p>Dentro de la semana del \u00abFestival\u00bb en NYC, se celebraron este mi\u00e9rcoles, jueves y viernes, entre empresarios, profesionales, pol\u00edticos y comerciantes, entre otros, la \u00abMesa de Negociaci\u00f3n Tur\u00edstica y de Inversi\u00f3n\u00bb, en The Hudson Restaurant, en el 348 de la calle Dyckman, en el Alto Manhattan.<\/p>\n<p>La \u00abCena de Gala Empresarial\u00bb en Maestros Catering, ubicado en el 1703 de la avenida Bronxdale, en El Bronx, reuni\u00f3 a l\u00edderes clave del sector p\u00fablico y privado, representantes del gobierno dominicano y autoridades de NY.<\/p>\n<p>Entre ellos al congresista Adriano Espaillat; la presidenta de El Bronx, Vanessa Gibson; los c\u00f3nsules dominicanos en NY y Nueva Jersey, Jes\u00fas -Chu- V\u00e1squez y Bertico Santana, y representantes municipales y diplom\u00e1ticos, que valoraron el impacto de la di\u00e1spora dominicana.<\/p>\n<p>Adem\u00e1s, el viceministro de Agricultura del pa\u00eds caribe\u00f1o, Eulalio Ram\u00edrez, y del director regional norte, Pedro Trinidad Ledesma, quienes presentaron importantes avances en materia de exportaci\u00f3n y oportunidades de inversi\u00f3n agr\u00edcola entre el pa\u00eds caribe\u00f1o y Estados Unidos.<\/p>\n<p>Por \u00faltimo, realiz\u00f3 la \u00abMesa de Negocios Agropecuarios y Municipales\u00bb, en el Patio Restaurante Caridad, en el 135 Kingsbridge Road, en El Bronx.<\/p>\n<p>El Dominican Taste Festival es una plataforma para impulsar el turismo, la exportaci\u00f3n y la inversi\u00f3n en la RD, adem\u00e1s de promover la cultura dominicana en el exterior, que busca resaltar su identidad a trav\u00e9s de sus sabores, tradiciones y la energ\u00eda vibrante de su gente, con el objetivo de fortalecer lazos y construir oportunidades.<\/p>\n<p>Fue fundado por la licenciada Almonte, tambi\u00e9n presidenta de la C\u00e1mara de Comercio Dominicana-estadounidense, una destacada l\u00edder comunitaria y pol\u00edtica que ha dedicado su carrera a generar un impacto duradero en la comunidad dominicana en EEUU.<\/p>\n<p>&nbsp;<\/p>\n","protected":false},"excerpt":{"rendered":"<p>Por Ram\u00f3n Mercedes Nueva York, EEUU.- Este s\u00e1bado se apertura al aire libre el quinto aniversario de Dominican Taste Festival 2025, que dirige la empresaria Elida Almonte, dedicado a San Jos\u00e9 de las Matas (Sajoma) perteneciente a Santiago de los Caballeros, por la gran cantidad de sanjosematense residentes en esta ciudad. Ser\u00e1 en Plaza Quisqueya, [&hellip;]<\/p>\n","protected":false},"author":1,"featured_media":445833,"comment_status":"open","ping_status":"open","sticky":false,"template":"","format":"video","meta":{"_bbp_topic_count":0,"_bbp_reply_count":0,"_bbp_total_topic_count":0,"_bbp_total_reply_count":0,"_bbp_voice_count":0,"_bbp_anonymous_reply_count":0,"_bbp_topic_count_hidden":0,"_bbp_reply_count_hidden":0,"_bbp_forum_subforum_count":0,"footnotes":""},"categories":[40,106],"tags":[],"class_list":{"0":"post-445832","1":"post","2":"type-post","3":"status-publish","4":"format-video","5":"has-post-thumbnail","7":"category-comunidad","8":"category-video-news","9":"post_format-post-format-video"},"_links":{"self":[{"href":"https:\/\/primermomento.com\/index.php?rest_route=\/wp\/v2\/posts\/445832","targetHints":{"allow":["GET"]}}],"collection":[{"href":"https:\/\/primermomento.com\/index.php?rest_route=\/wp\/v2\/posts"}],"about":[{"href":"https:\/\/primermomento.com\/index.php?rest_route=\/wp\/v2\/types\/post"}],"author":[{"embeddable":true,"href":"https:\/\/primermomento.com\/index.php?rest_route=\/wp\/v2\/users\/1"}],"replies":[{"embeddable":true,"href":"https:\/\/primermomento.com\/index.php?rest_route=%2Fwp%2Fv2%2Fcomments&post=445832"}],"version-history":[{"count":1,"href":"https:\/\/primermomento.com\/index.php?rest_route=\/wp\/v2\/posts\/445832\/revisions"}],"predecessor-version":[{"id":445834,"href":"https:\/\/primermomento.com\/index.php?rest_route=\/wp\/v2\/posts\/445832\/revisions\/445834"}],"wp:featuredmedia":[{"embeddable":true,"href":"https:\/\/primermomento.com\/index.php?rest_route=\/wp\/v2\/media\/445833"}],"wp:attachment":[{"href":"https:\/\/primermomento.com\/index.php?rest_route=%2Fwp%2Fv2%2Fmedia&parent=445832"}],"wp:term":[{"taxonomy":"category","embeddable":true,"href":"https:\/\/primermomento.com\/index.php?rest_route=%2Fwp%2Fv2%2Fcategories&post=445832"},{"taxonomy":"post_tag","embeddable":true,"href":"https:\/\/primermomento.com\/index.php?rest_route=%2Fwp%2Fv2%2Ftags&post=445832"}],"curies":[{"name":"wp","href":"https:\/\/api.w.org\/{rel}","templated":true}]}}