{"id":445882,"date":"2025-06-29T11:14:13","date_gmt":"2025-06-29T15:14:13","guid":{"rendered":"https:\/\/primermomento.com\/?p=445882"},"modified":"2025-06-30T07:58:46","modified_gmt":"2025-06-30T11:58:46","slug":"expertos-analizan-desafios-y-perspectivas-de-la-inteligencia-artificial-en-la-educacion-superior-de-america-latina","status":"publish","type":"post","link":"https:\/\/primermomento.com\/?p=445882","title":{"rendered":"Expertos analizan desaf\u00edos y perspectivas de la Inteligencia Artificial en la Educaci\u00f3n Superior de Am\u00e9rica Latina"},"content":{"rendered":"<p><em><strong>Por <span style=\"color: #ff0000;\">Servicios de Primermomento.com<\/span><\/strong><\/em><\/p>\n<p style=\"font-weight: 400;\">SANTO DOMINGO, Rep\u00fablica Dominicana.- Con el objetivo de fortalecer las capacidades de actores clave del sector p\u00fablico, el Ministerio de Educaci\u00f3n Superior, Ciencia y Tecnolog\u00eda (MESCyT), celebr\u00f3 el Congreso sobre el Desarrollo de Estrategias Nacionales de Inteligencia Artificial (IA) para la Educaci\u00f3n Superior, los d\u00edas 26 y 27 de junio, en el Hotel Sheraton de Santo Domingo.<\/p>\n<p style=\"font-weight: 400;\">El evento, fue coordinado a trav\u00e9s de su Viceministerio de Relaciones Internacionales, y organizada en conjunto con la Escuela de Pol\u00edticas P\u00fablicas y Gesti\u00f3n de Corea del Sur (KDI) y la Escuela Regional de Pol\u00edticas para el Desarrollo (ERPPD), adscrita a la Universidad de San Carlos de Guatemala.<\/p>\n<p style=\"font-weight: 400;\">Es la primera vez que la Rep\u00fablica Dominicana es incluida como sede de este evento regional.<\/p>\n<p style=\"font-weight: 400;\">Durante la inauguraci\u00f3n, el ministro Franklin Garc\u00eda Ferm\u00edn destac\u00f3 que el MESCyT ha venido impulsando la adopci\u00f3n de modelos de inteligencia artificial como parte de las estrategias de desarrollo institucional y pol\u00edticas p\u00fablicas en el pa\u00eds.<\/p>\n<p style=\"font-weight: 400;\">\u00a0Afirm\u00f3 que se trabaja en colaboraci\u00f3n con las universidades y entidades estatales para integrar la IA en la docencia, la investigaci\u00f3n y la innovaci\u00f3n.<\/p>\n<p style=\"font-weight: 400;\">El congreso reuni\u00f3 a destacados investigadores y expertos de Am\u00e9rica Central, Rep\u00fablica Dominicana y Corea del Sur, quienes presentaron experiencias y perspectivas sobre la implementaci\u00f3n de la IA en la educaci\u00f3n superior.<\/p>\n<p style=\"font-weight: 400;\">Las exposiciones incluyeron avances en pol\u00edticas p\u00fablicas, herramientas digitales para docentes, programas de formaci\u00f3n y cooperaci\u00f3n internacional.<\/p>\n<p style=\"font-weight: 400;\">Uno de los temas centrales fue la aplicaci\u00f3n de la Estrategia Nacional de Inteligencia Artificial del MESCyT, como referencia en la regi\u00f3n.<\/p>\n<p style=\"font-weight: 400;\">Durante los paneles se presentaron casos de \u00e9xito y metodolog\u00edas participativas, con un enfoque colaborativo que permiti\u00f3 el intercambio de conocimientos entre los exponentes y los asistentes.<\/p>\n<p style=\"font-weight: 400;\">Participaron representantes de instituciones acad\u00e9micas y gubernamentales, como Edian Franco (IIBI), Radham\u00e9s Silverio (UASD), Andr\u00e9s Merejo (MESCyT), y Edgar Batista (OGTIC).<\/p>\n<p style=\"font-weight: 400;\">Desde el \u00e1mbito internacional asistieron Carlos Guillermo Alvarado Cerezo (CSUCA), Mauren Guevara (Costa Rica), y Ana Silvia (ERPPD).<\/p>\n<p style=\"font-weight: 400;\">Entre los temas abordados estuvieron: El papel de la educaci\u00f3n superior en Am\u00e9rica Central, IA y herramientas digitales para educadores, Estrategia de IA en Rep\u00fablica Dominicana, IA para un aprendizaje transformador, Formaci\u00f3n en docencia e investigaci\u00f3n, y Cooperaci\u00f3n internacional de Corea del Sur.<\/p>\n<p style=\"font-weight: 400;\">La clausura estuvo encabezada por la viceministra Paula Disla, quien destac\u00f3 la importancia de la cooperaci\u00f3n internacional y el fortalecimiento de capacidades como eje clave para el desarrollo tecnol\u00f3gico. Los asistentes recibieron certificados de participaci\u00f3n.<\/p>\n","protected":false},"excerpt":{"rendered":"<p>Por Servicios de Primermomento.com SANTO DOMINGO, Rep\u00fablica Dominicana.- Con el objetivo de fortalecer las capacidades de actores clave del sector p\u00fablico, el Ministerio de Educaci\u00f3n Superior, Ciencia y Tecnolog\u00eda (MESCyT), celebr\u00f3 el Congreso sobre el Desarrollo de Estrategias Nacionales de Inteligencia Artificial (IA) para la Educaci\u00f3n Superior, los d\u00edas 26 y 27 de junio, en [&hellip;]<\/p>\n","protected":false},"author":1,"featured_media":445883,"comment_status":"open","ping_status":"open","sticky":false,"template":"","format":"standard","meta":{"_bbp_topic_count":0,"_bbp_reply_count":0,"_bbp_total_topic_count":0,"_bbp_total_reply_count":0,"_bbp_voice_count":0,"_bbp_anonymous_reply_count":0,"_bbp_topic_count_hidden":0,"_bbp_reply_count_hidden":0,"_bbp_forum_subforum_count":0,"footnotes":""},"categories":[37],"tags":[],"class_list":{"0":"post-445882","1":"post","2":"type-post","3":"status-publish","4":"format-standard","5":"has-post-thumbnail","7":"category-ciencia-tecnologia"},"_links":{"self":[{"href":"https:\/\/primermomento.com\/index.php?rest_route=\/wp\/v2\/posts\/445882","targetHints":{"allow":["GET"]}}],"collection":[{"href":"https:\/\/primermomento.com\/index.php?rest_route=\/wp\/v2\/posts"}],"about":[{"href":"https:\/\/primermomento.com\/index.php?rest_route=\/wp\/v2\/types\/post"}],"author":[{"embeddable":true,"href":"https:\/\/primermomento.com\/index.php?rest_route=\/wp\/v2\/users\/1"}],"replies":[{"embeddable":true,"href":"https:\/\/primermomento.com\/index.php?rest_route=%2Fwp%2Fv2%2Fcomments&post=445882"}],"version-history":[{"count":1,"href":"https:\/\/primermomento.com\/index.php?rest_route=\/wp\/v2\/posts\/445882\/revisions"}],"predecessor-version":[{"id":445884,"href":"https:\/\/primermomento.com\/index.php?rest_route=\/wp\/v2\/posts\/445882\/revisions\/445884"}],"wp:featuredmedia":[{"embeddable":true,"href":"https:\/\/primermomento.com\/index.php?rest_route=\/wp\/v2\/media\/445883"}],"wp:attachment":[{"href":"https:\/\/primermomento.com\/index.php?rest_route=%2Fwp%2Fv2%2Fmedia&parent=445882"}],"wp:term":[{"taxonomy":"category","embeddable":true,"href":"https:\/\/primermomento.com\/index.php?rest_route=%2Fwp%2Fv2%2Fcategories&post=445882"},{"taxonomy":"post_tag","embeddable":true,"href":"https:\/\/primermomento.com\/index.php?rest_route=%2Fwp%2Fv2%2Ftags&post=445882"}],"curies":[{"name":"wp","href":"https:\/\/api.w.org\/{rel}","templated":true}]}}