{"id":446016,"date":"2025-07-01T12:31:29","date_gmt":"2025-07-01T16:31:29","guid":{"rendered":"https:\/\/primermomento.com\/?p=446016"},"modified":"2025-07-02T20:37:50","modified_gmt":"2025-07-03T00:37:50","slug":"trump-visita-controversial-centro-de-detencion-de-inmigrantes-en-florida-lo-recibieron-con-protestas","status":"publish","type":"post","link":"https:\/\/primermomento.com\/?p=446016","title":{"rendered":"Trump visita controversial centro de detenci\u00f3n de inmigrantes en Florida; lo recibieron con protestas"},"content":{"rendered":"<p><iframe loading=\"lazy\" title=\"Trump inaugura &#039;Alligator Alcatraz&#039;, una c\u00e1rcel para 5.000 inmigrantes indocumentados\" width=\"696\" height=\"392\" src=\"https:\/\/www.youtube.com\/embed\/Fn1q7NUm4DY?start=1&#038;feature=oembed\" frameborder=\"0\" allow=\"accelerometer; autoplay; clipboard-write; encrypted-media; gyroscope; picture-in-picture; web-share\" referrerpolicy=\"strict-origin-when-cross-origin\" allowfullscreen><\/iframe><\/p>\n<p><strong><em>Por <span style=\"color: #ff0000;\">Prensa Latina<\/span><\/em><\/strong><\/p>\n<p>Miami, EEUU.- Con protestas recibieron hoy al presidente de Estados Unidos, Donald Trump, quien aterriz\u00f3 en el sur de Florida para visitar Alcatraz Caim\u00e1n, el nuevo centro de detenci\u00f3n de inmigrantes construido en tiempo r\u00e9cord.<\/p>\n<div class=\"elementor-element elementor-element-0aea3a0 elementor-widget elementor-widget-theme-post-content\" data-id=\"0aea3a0\" data-element_type=\"widget\" data-widget_type=\"theme-post-content.default\">\n<div class=\"elementor-widget-container\">\n<p>Im\u00e1genes en medios locales mostraron a manifestantes a las puertas del pol\u00e9mico centro en espera del mandatario, quien a su llegada al estado se le vio junto a la secretaria se Seguridad Nacional, Kristi Noem, y el gobernador de Florida, Ron DeSantis.<\/p>\n<p><img loading=\"lazy\" decoding=\"async\" class=\"size-medium wp-image-446017 alignright\" src=\"https:\/\/primermomento.com\/wp-content\/uploads\/2025\/07\/Protestas-contra-Trump-en-Everglades-florida-300x200.webp\" alt=\"\" width=\"300\" height=\"200\" srcset=\"https:\/\/primermomento.com\/wp-content\/uploads\/2025\/07\/Protestas-contra-Trump-en-Everglades-florida-300x200.webp 300w, https:\/\/primermomento.com\/wp-content\/uploads\/2025\/07\/Protestas-contra-Trump-en-Everglades-florida-1024x683.webp 1024w, https:\/\/primermomento.com\/wp-content\/uploads\/2025\/07\/Protestas-contra-Trump-en-Everglades-florida-768x512.webp 768w, https:\/\/primermomento.com\/wp-content\/uploads\/2025\/07\/Protestas-contra-Trump-en-Everglades-florida-696x464.webp 696w, https:\/\/primermomento.com\/wp-content\/uploads\/2025\/07\/Protestas-contra-Trump-en-Everglades-florida-1068x712.webp 1068w, https:\/\/primermomento.com\/wp-content\/uploads\/2025\/07\/Protestas-contra-Trump-en-Everglades-florida.webp 1080w\" sizes=\"auto, (max-width: 300px) 100vw, 300px\" \/>La administraci\u00f3n Trump est\u00e1 convirtiendo el remoto Aeropuerto de Entrenamiento en los Everglades en una instalaci\u00f3n que eventualmente albergar\u00e1 hasta cinco mil personas.<\/p>\n<p>\u00abVamos a Alligator Alcatraz (Alcatraz Caim\u00e1n). Es la versi\u00f3n de la Costa Este, y promete ser muy emocionante, muy bueno\u00bb, dijo Trump previo a su salida de la mansi\u00f3n ejecutiva. \u00abHemos trabajado mucho en ello con Ron (DeSantis) y todos, y creo que ser\u00e1 fant\u00e1stico\u00bb, subray\u00f3.<\/p>\n<p>En un comunicado la v\u00edspera, Noem declar\u00f3: \u201cAlligator Alcatraz, y otras instalaciones similares, nos dar\u00e1n la capacidad de encerrar a algunos de los peores criminales que ingresaron a nuestro pa\u00eds durante la administraci\u00f3n anterior\u201d.<\/p>\n<p>La funcionaria a\u00f1adi\u00f3 que ampliar\u00e1n \u201clas instalaciones y el espacio para camas en tan solo unos d\u00edas, gracias a nuestra colaboraci\u00f3n con Florida. Hagamos que Estados Unidos vuelva a ser seguro\u201d.<\/p>\n<p>Seg\u00fan la secretaria de Prensa de la Casa Blanca, Karoline Leavitt, la visita de Trump ser\u00e1 una oportunidad para que el mandatario promocione la financiaci\u00f3n para m\u00e1s instalaciones de ese tipo y los esfuerzos para implementar la pol\u00edtica de deportaci\u00f3n masiva de Trump.<\/p>\n<p>Leavitt describi\u00f3 la ubicaci\u00f3n remota de la instalaci\u00f3n en su sesi\u00f3n informativa de ayer: \u00abSolo hay un camino para entrar, y la \u00fanica salida es un vuelo de ida (\u2026) Est\u00e1 aislada y rodeada de fauna silvestre peligrosa y un terreno implacable\u201d.<\/p>\n<p>Para la portavoz, Alcatraz Caim\u00e1n \u00abes una manera eficiente y econ\u00f3mica de ayudar a llevar a cabo la mayor campa\u00f1a de deportaci\u00f3n masiva en la historia de Estados Unidos\u00bb.<\/p>\n<p>Justo el fiscal general de Florida, James Uthmeier, un aliado de Trump que ha impulsado el proyecto, confirm\u00f3 que en realidad no se necesitaba mucho en seguridad por una cuesti\u00f3n simple: la zona est\u00e1 rodeada de caimanes y pitones.<\/p>\n<p>Grupos ambientalistas est\u00e1n demandando detener la construcci\u00f3n, alegando que el gobierno viol\u00f3 la Ley de Especies en Peligro de Extinci\u00f3n al construir en terrenos protegidos. El s\u00e1bado se congregaron a lo largo de la carretera que atraviesa los Everglades.<\/p>\n<p>La administraci\u00f3n Trump mantiene bajo custodia a unos 55 mil migrantes en sus centros de detenci\u00f3n, lo que implica un aumento respecto al final del Gobierno de Joe Biden (2021-20225), cuando el Servicio de Inmigraci\u00f3n y Control de Aduanas reten\u00eda a unas 40 mil personas.<\/p>\n<\/div>\n<\/div>\n<div class=\"elementor-element elementor-element-4f75016 elementor-widget elementor-widget-post-info\" data-id=\"4f75016\" data-element_type=\"widget\" data-widget_type=\"post-info.default\">\n<div class=\"elementor-widget-container\">\n<ul class=\"elementor-inline-items elementor-icon-list-items elementor-post-info\">\n<li class=\"elementor-icon-list-item elementor-repeater-item-17dda3e elementor-inline-item\"><em><span class=\"elementor-icon-list-text elementor-post-info__item elementor-post-info__item--type-custom\">#<a href=\"https:\/\/primermomento.com\/?p=446016\" rel=\"tag\">Alcatraz<\/a>\u00a0#<a href=\"https:\/\/primermomento.com\/?p=446016\" rel=\"tag\">Everglades<\/a>\u00a0#<a href=\"https:\/\/primermomento.com\/?p=446016\" rel=\"tag\">florida<\/a><\/span><\/em><\/li>\n<\/ul>\n<\/div>\n<\/div>\n","protected":false},"excerpt":{"rendered":"<p>Por Prensa Latina Miami, EEUU.- Con protestas recibieron hoy al presidente de Estados Unidos, Donald Trump, quien aterriz\u00f3 en el sur de Florida para visitar Alcatraz Caim\u00e1n, el nuevo centro de detenci\u00f3n de inmigrantes construido en tiempo r\u00e9cord. Im\u00e1genes en medios locales mostraron a manifestantes a las puertas del pol\u00e9mico centro en espera del mandatario, [&hellip;]<\/p>\n","protected":false},"author":1,"featured_media":446017,"comment_status":"open","ping_status":"open","sticky":false,"template":"","format":"video","meta":{"_bbp_topic_count":0,"_bbp_reply_count":0,"_bbp_total_topic_count":0,"_bbp_total_reply_count":0,"_bbp_voice_count":0,"_bbp_anonymous_reply_count":0,"_bbp_topic_count_hidden":0,"_bbp_reply_count_hidden":0,"_bbp_forum_subforum_count":0,"footnotes":""},"categories":[61,106],"tags":[],"class_list":{"0":"post-446016","1":"post","2":"type-post","3":"status-publish","4":"format-video","5":"has-post-thumbnail","7":"category-mundo","8":"category-video-news","9":"post_format-post-format-video"},"_links":{"self":[{"href":"https:\/\/primermomento.com\/index.php?rest_route=\/wp\/v2\/posts\/446016","targetHints":{"allow":["GET"]}}],"collection":[{"href":"https:\/\/primermomento.com\/index.php?rest_route=\/wp\/v2\/posts"}],"about":[{"href":"https:\/\/primermomento.com\/index.php?rest_route=\/wp\/v2\/types\/post"}],"author":[{"embeddable":true,"href":"https:\/\/primermomento.com\/index.php?rest_route=\/wp\/v2\/users\/1"}],"replies":[{"embeddable":true,"href":"https:\/\/primermomento.com\/index.php?rest_route=%2Fwp%2Fv2%2Fcomments&post=446016"}],"version-history":[{"count":2,"href":"https:\/\/primermomento.com\/index.php?rest_route=\/wp\/v2\/posts\/446016\/revisions"}],"predecessor-version":[{"id":446130,"href":"https:\/\/primermomento.com\/index.php?rest_route=\/wp\/v2\/posts\/446016\/revisions\/446130"}],"wp:featuredmedia":[{"embeddable":true,"href":"https:\/\/primermomento.com\/index.php?rest_route=\/wp\/v2\/media\/446017"}],"wp:attachment":[{"href":"https:\/\/primermomento.com\/index.php?rest_route=%2Fwp%2Fv2%2Fmedia&parent=446016"}],"wp:term":[{"taxonomy":"category","embeddable":true,"href":"https:\/\/primermomento.com\/index.php?rest_route=%2Fwp%2Fv2%2Fcategories&post=446016"},{"taxonomy":"post_tag","embeddable":true,"href":"https:\/\/primermomento.com\/index.php?rest_route=%2Fwp%2Fv2%2Ftags&post=446016"}],"curies":[{"name":"wp","href":"https:\/\/api.w.org\/{rel}","templated":true}]}}