{"id":446074,"date":"2025-07-02T07:00:31","date_gmt":"2025-07-02T11:00:31","guid":{"rendered":"https:\/\/primermomento.com\/?p=446074"},"modified":"2025-07-02T10:52:02","modified_gmt":"2025-07-02T14:52:02","slug":"huracan-flossie-evoluciona-a-categoria-3-frente-a-costas-de-mexico","status":"publish","type":"post","link":"https:\/\/primermomento.com\/?p=446074","title":{"rendered":"Hurac\u00e1n Flossie evoluciona a categor\u00eda 3 frente a costas de M\u00e9xico"},"content":{"rendered":"<p><strong><em>Por <span style=\"color: #ff0000;\">Prensa Latina<\/span><\/em><\/strong><\/p>\n<p>Ciudad de M\u00e9xico, M\u00c9XICO.- El hurac\u00e1n Flossie avanza hoy como hurac\u00e1n categor\u00eda 3 en la escala Saffir-Simpson por aguas del Pac\u00edfico de M\u00e9xico y su amplia circulaci\u00f3n mantendr\u00e1 el pron\u00f3stico de lluvias en varios estados, inform\u00f3 el Servicio Meteorol\u00f3gico Nacional.<\/p>\n<div class=\"elementor-element elementor-element-0aea3a0 elementor-widget elementor-widget-theme-post-content\" data-id=\"0aea3a0\" data-element_type=\"widget\" data-widget_type=\"theme-post-content.default\">\n<div class=\"elementor-widget-container\">\n<p>Un comunicado de la instituci\u00f3n refiere que a las 21:00 hora local de ayer el sistema se localiz\u00f3 a 285 km al suroeste de Playa P\u00e9rula, Jalisco, y a 585 al sur-sureste de Cabo San Lucas, Baja California Sur, con vientos m\u00e1ximos sostenidos de 185 km\/h y rachas de hasta 220.<\/p>\n<p>Debido a la circulaci\u00f3n del fen\u00f3meno \u2013con desplazamiento hacia el oeste-noroeste a 15 km\/h- y sus desprendimientos nubosos, los expertos prev\u00e9n en las pr\u00f3ximas horas lluvias torrenciales (de 150 a 250 mm) en las entidades de Colima y Michoac\u00e1n.<\/p>\n<p>Asimismo, esperan precipitaciones intensas (de 75 a 150 mm) en Sinaloa (sierra y sur), Nayarit (norte, sierra y sur), Jalisco (oeste, costa y sur) y Guerrero (suroeste).<\/p>\n<p>A su vez, habr\u00e1 vientos sostenidos de 70 a 90 km\/h con rachas de 100 a 120 en costas de Jalisco, Colima y Michoac\u00e1n, as\u00ed como rachas de 60 a 70 km\/h en el litoral de Guerrero, adem\u00e1s de oleaje de cinco a seis metros en Jalisco, Colima y Michoac\u00e1n y de 3,5 a 4,5 en el occidente de Guerrero.<\/p>\n<p>El Servicio Meteorol\u00f3gico Nacional (SMN), en coordinaci\u00f3n con el Centro Nacional de Huracanes de Estados Unidos, mantiene una zona de prevenci\u00f3n por efectos de tormenta tropical desde Punta San Telmo, Michoac\u00e1n, hasta Playa P\u00e9rula, Jalisco.<\/p>\n<p>Los especialistas advirtieron que las precipitaciones podr\u00edan generar deslaves, incremento en niveles de r\u00edos y arroyos e inundaciones en zonas bajas de los estados mencionados, y exhortaron a la poblaci\u00f3n a atender los avisos del SMN y seguir las recomendaciones de Protecci\u00f3n Civil.<\/p>\n<p>Seg\u00fan lo divulgado oficialmente, para este a\u00f1o se espera una temporada cicl\u00f3nica cercana al promedio o ligeramente por encima, con la formaci\u00f3n de 13 a 17 sistemas en el Atl\u00e1ntico y de 16 a 20 en el Pac\u00edfico.<\/p>\n<\/div>\n<\/div>\n<div class=\"elementor-element elementor-element-4f75016 elementor-widget elementor-widget-post-info\" data-id=\"4f75016\" data-element_type=\"widget\" data-widget_type=\"post-info.default\">\n<div class=\"elementor-widget-container\">\n<ul class=\"elementor-inline-items elementor-icon-list-items elementor-post-info\">\n<li class=\"elementor-icon-list-item elementor-repeater-item-17dda3e elementor-inline-item\"><em><span class=\"elementor-icon-list-text elementor-post-info__item elementor-post-info__item--type-custom\">#<a href=\"https:\/\/primermomento.com\/?p=446074\" rel=\"tag\">flossie<\/a>\u00a0#<a href=\"https:\/\/primermomento.com\/?p=446074\" rel=\"tag\">hurac\u00e1n<\/a>\u00a0#<a href=\"https:\/\/primermomento.com\/?p=446074\" rel=\"tag\">M\u00e9xico<\/a><\/span><\/em><\/li>\n<\/ul>\n<\/div>\n<\/div>\n","protected":false},"excerpt":{"rendered":"<p>Por Prensa Latina Ciudad de M\u00e9xico, M\u00c9XICO.- El hurac\u00e1n Flossie avanza hoy como hurac\u00e1n categor\u00eda 3 en la escala Saffir-Simpson por aguas del Pac\u00edfico de M\u00e9xico y su amplia circulaci\u00f3n mantendr\u00e1 el pron\u00f3stico de lluvias en varios estados, inform\u00f3 el Servicio Meteorol\u00f3gico Nacional. Un comunicado de la instituci\u00f3n refiere que a las 21:00 hora local [&hellip;]<\/p>\n","protected":false},"author":1,"featured_media":446075,"comment_status":"open","ping_status":"open","sticky":false,"template":"","format":"standard","meta":{"_bbp_topic_count":0,"_bbp_reply_count":0,"_bbp_total_topic_count":0,"_bbp_total_reply_count":0,"_bbp_voice_count":0,"_bbp_anonymous_reply_count":0,"_bbp_topic_count_hidden":0,"_bbp_reply_count_hidden":0,"_bbp_forum_subforum_count":0,"footnotes":""},"categories":[37],"tags":[],"class_list":{"0":"post-446074","1":"post","2":"type-post","3":"status-publish","4":"format-standard","5":"has-post-thumbnail","7":"category-ciencia-tecnologia"},"_links":{"self":[{"href":"https:\/\/primermomento.com\/index.php?rest_route=\/wp\/v2\/posts\/446074","targetHints":{"allow":["GET"]}}],"collection":[{"href":"https:\/\/primermomento.com\/index.php?rest_route=\/wp\/v2\/posts"}],"about":[{"href":"https:\/\/primermomento.com\/index.php?rest_route=\/wp\/v2\/types\/post"}],"author":[{"embeddable":true,"href":"https:\/\/primermomento.com\/index.php?rest_route=\/wp\/v2\/users\/1"}],"replies":[{"embeddable":true,"href":"https:\/\/primermomento.com\/index.php?rest_route=%2Fwp%2Fv2%2Fcomments&post=446074"}],"version-history":[{"count":1,"href":"https:\/\/primermomento.com\/index.php?rest_route=\/wp\/v2\/posts\/446074\/revisions"}],"predecessor-version":[{"id":446076,"href":"https:\/\/primermomento.com\/index.php?rest_route=\/wp\/v2\/posts\/446074\/revisions\/446076"}],"wp:featuredmedia":[{"embeddable":true,"href":"https:\/\/primermomento.com\/index.php?rest_route=\/wp\/v2\/media\/446075"}],"wp:attachment":[{"href":"https:\/\/primermomento.com\/index.php?rest_route=%2Fwp%2Fv2%2Fmedia&parent=446074"}],"wp:term":[{"taxonomy":"category","embeddable":true,"href":"https:\/\/primermomento.com\/index.php?rest_route=%2Fwp%2Fv2%2Fcategories&post=446074"},{"taxonomy":"post_tag","embeddable":true,"href":"https:\/\/primermomento.com\/index.php?rest_route=%2Fwp%2Fv2%2Ftags&post=446074"}],"curies":[{"name":"wp","href":"https:\/\/api.w.org\/{rel}","templated":true}]}}