{"id":446093,"date":"2025-07-02T06:30:02","date_gmt":"2025-07-02T10:30:02","guid":{"rendered":"https:\/\/primermomento.com\/?p=446093"},"modified":"2025-07-02T11:12:14","modified_gmt":"2025-07-02T15:12:14","slug":"testigo-del-tiempo-reeleccion-por-necesidad-nacional","status":"publish","type":"post","link":"https:\/\/primermomento.com\/?p=446093","title":{"rendered":"Testigo del tiempo | Reelecci\u00f3n \u201cpor necesidad nacional\u201d"},"content":{"rendered":"<div dir=\"ltr\">\n<div>\n<p><strong><em>Por<span style=\"color: #ff0000;\"> J.C. Malone<\/span><\/em><\/strong><\/p>\n<p>Esto lo hemos vivido antes, desde Joaqu\u00edn Balaguer hasta Danilo Medina, y ahora con el presidente Luis Abinader.\u00a0 Alguien \u201cpegado a la teta\u201d, pide la reelecci\u00f3n, otros promueven la \u201cobra de gobierno\u201d, conducen al mismo lugar.<\/p>\n<p>Lo m\u00e1s curioso, \u00a1azares de la pol\u00edtica!, lo apoya el expresidente Danilo Medina, Abinader encabez\u00f3 marchas impidiendo que Medina modificara la Constituci\u00f3n para un tercer per\u00edodo.<\/p>\n<figure id=\"attachment_442110\" aria-describedby=\"caption-attachment-442110\" style=\"width: 196px\" class=\"wp-caption alignleft\"><img loading=\"lazy\" decoding=\"async\" class=\"size-full wp-image-442110\" src=\"https:\/\/primermomento.com\/wp-content\/uploads\/2025\/05\/J.C.-Malone_Testigo-del-Tiempo.jpg\" alt=\"\" width=\"196\" height=\"244\" \/><figcaption id=\"caption-attachment-442110\" class=\"wp-caption-text\">J.C. Malone<br \/>Analista pol\u00edtico<\/figcaption><\/figure>\n<p>Cuando el presidente Luis Abinader \u201cle puso candado\u201d a la Constituci\u00f3n, guard\u00f3 las llaves.<\/p>\n<p>El exministro de Obras P\u00fablicas, Deligne Ascensi\u00f3n promueve \u201cla gran obra de gobierno\u201d de Abinader. El c\u00f3nsul en Nueva York, Jes\u00fas -Ch\u00fa-Vazquez dice que Abinader debe seguir gobernando. Ram\u00f3n Alburquerque, exaspirante presidencial, \u201clament\u00f3\u201d que la Constituci\u00f3n tenga un \u201ccandado\u201d porque cree que Abinader debe seguir gobernando.<\/p>\n<p>Tras la cortina de humo de Hait\u00ed y la Seguridad Nacional, el presidente Abinader invit\u00f3 al expresidente Medina al Palacio Nacional. Medina no quiso ir cuando Abinader lo convoc\u00f3 hace unas semanas, ahora fue encantado, visiblemente contento, satisfecho.<\/p>\n<p>Esto impone una pregunta: \u00bfQu\u00e9 comparten Abinader y Medina?\u00a0 Ambos est\u00e1n constitucionalmente impedidos para repostularse. En la foto del encuentro, Medina luc\u00eda tan Feliz, como si le hubiesen quitado cadenas que lo limitaban.<\/p>\n<p>Abinader podr\u00eda usar una llave, abrir el \u201ccandado\u201d convocando a la Asamblea Nacional, \u00e9l controla el Congreso. Pero \u201cse ver\u00eda feo\u201d que convoque a la Asamblea Nacional para deshacer algo que \u00e9l mismo pidi\u00f3 hacer. Como cada candado tiene dos llaves, Abinader usar\u00e1 la otra.<\/p>\n<p>Alguien pedir\u00e1 que el Tribunal Constitucional anule el \u201ccandado\u201d porque est\u00e1 contra la Carta Magna, impide ejercer el derecho ciudadano de elegir y ser elegido. As\u00ed es \u201cm\u00e1s elegante\u201d, y \u201cno es solo para Abinader\u201d, tambi\u00e9n le quitar\u00eda el impedimento a Medina, explicando su sonrisa de satisfacci\u00f3n.<\/p>\n<p>Las estructuras que ahora promueven candidaturas dentro del Partido Revolucionario Moderno (PRM), trabajar\u00e1n promoviendo la \u201cnecesaria\u201d repostulaci\u00f3n presidencial. Igual de entusiasmados, todos apoyar\u00e1n la \u201cjusta causa\u201d, ante la \u201cdif\u00edcil situaci\u00f3n mundial\u201d y \u201cel gran gobierno\u201d que ha hecho Abinader, su reelecci\u00f3n ser\u00e1 por \u201cnecesidad nacional\u201d.<\/p>\n<\/div>\n<\/div>\n<div><\/div>\n<div>\n<p>Sigueme en Youtube&#8230;<\/p>\n<div>\n<p><a href=\"https:\/\/www.youtube.com\/channel\/UCC_JSYrYV93iklTEhAjiBqQ?view_as=subscriber\" target=\"_blank\" rel=\"noopener\" data-saferedirecturl=\"https:\/\/www.google.com\/url?q=https:\/\/www.youtube.com\/channel\/UCC_JSYrYV93iklTEhAjiBqQ?view_as%3Dsubscriber&amp;source=gmail&amp;ust=1751555288344000&amp;usg=AOvVaw0OEmZXqGDOqLMdXXEMtkv8\">https:\/\/www.youtube.com\/<wbr \/>channel\/UCC_<wbr \/>JSYrYV93iklTEhAjiBqQ?view_as=<wbr \/>subscriber<\/a><\/p>\n<div class=\"yj6qo\"><\/div>\n<div class=\"adL\"><\/div>\n<\/div>\n<\/div>\n","protected":false},"excerpt":{"rendered":"<p>Por J.C. Malone Esto lo hemos vivido antes, desde Joaqu\u00edn Balaguer hasta Danilo Medina, y ahora con el presidente Luis Abinader.\u00a0 Alguien \u201cpegado a la teta\u201d, pide la reelecci\u00f3n, otros promueven la \u201cobra de gobierno\u201d, conducen al mismo lugar. Lo m\u00e1s curioso, \u00a1azares de la pol\u00edtica!, lo apoya el expresidente Danilo Medina, Abinader encabez\u00f3 marchas [&hellip;]<\/p>\n","protected":false},"author":1,"featured_media":416357,"comment_status":"open","ping_status":"open","sticky":false,"template":"","format":"standard","meta":{"_bbp_topic_count":0,"_bbp_reply_count":0,"_bbp_total_topic_count":0,"_bbp_total_reply_count":0,"_bbp_voice_count":0,"_bbp_anonymous_reply_count":0,"_bbp_topic_count_hidden":0,"_bbp_reply_count_hidden":0,"_bbp_forum_subforum_count":0,"footnotes":""},"categories":[33],"tags":[],"class_list":{"0":"post-446093","1":"post","2":"type-post","3":"status-publish","4":"format-standard","5":"has-post-thumbnail","7":"category-opinion"},"_links":{"self":[{"href":"https:\/\/primermomento.com\/index.php?rest_route=\/wp\/v2\/posts\/446093","targetHints":{"allow":["GET"]}}],"collection":[{"href":"https:\/\/primermomento.com\/index.php?rest_route=\/wp\/v2\/posts"}],"about":[{"href":"https:\/\/primermomento.com\/index.php?rest_route=\/wp\/v2\/types\/post"}],"author":[{"embeddable":true,"href":"https:\/\/primermomento.com\/index.php?rest_route=\/wp\/v2\/users\/1"}],"replies":[{"embeddable":true,"href":"https:\/\/primermomento.com\/index.php?rest_route=%2Fwp%2Fv2%2Fcomments&post=446093"}],"version-history":[{"count":2,"href":"https:\/\/primermomento.com\/index.php?rest_route=\/wp\/v2\/posts\/446093\/revisions"}],"predecessor-version":[{"id":446096,"href":"https:\/\/primermomento.com\/index.php?rest_route=\/wp\/v2\/posts\/446093\/revisions\/446096"}],"wp:featuredmedia":[{"embeddable":true,"href":"https:\/\/primermomento.com\/index.php?rest_route=\/wp\/v2\/media\/416357"}],"wp:attachment":[{"href":"https:\/\/primermomento.com\/index.php?rest_route=%2Fwp%2Fv2%2Fmedia&parent=446093"}],"wp:term":[{"taxonomy":"category","embeddable":true,"href":"https:\/\/primermomento.com\/index.php?rest_route=%2Fwp%2Fv2%2Fcategories&post=446093"},{"taxonomy":"post_tag","embeddable":true,"href":"https:\/\/primermomento.com\/index.php?rest_route=%2Fwp%2Fv2%2Ftags&post=446093"}],"curies":[{"name":"wp","href":"https:\/\/api.w.org\/{rel}","templated":true}]}}