{"id":446097,"date":"2025-07-02T06:32:18","date_gmt":"2025-07-02T10:32:18","guid":{"rendered":"https:\/\/primermomento.com\/?p=446097"},"modified":"2025-07-02T11:17:16","modified_gmt":"2025-07-02T15:17:16","slug":"premiere-triunfo-de-la-democracia-recordo-sangre-martires-y-campanas-racistas-de-los-70s","status":"publish","type":"post","link":"https:\/\/primermomento.com\/?p=446097","title":{"rendered":"Premiere Triunfo de la democracia record\u00f3 sangre, m\u00e1rtires y campa\u00f1as racistas de los 70\u2019s"},"content":{"rendered":"<p><iframe loading=\"lazy\" title=\"TRIUNFO DE LA DEMOCRACIA. PROMO TV\" width=\"696\" height=\"392\" src=\"https:\/\/www.youtube.com\/embed\/AFJKzBRSpBo?start=1&#038;feature=oembed\" frameborder=\"0\" allow=\"accelerometer; autoplay; clipboard-write; encrypted-media; gyroscope; picture-in-picture; web-share\" referrerpolicy=\"strict-origin-when-cross-origin\" allowfullscreen><\/iframe><\/p>\n<hr \/>\n<p style=\"font-weight: 400;\"><strong>\u2022 El documental fue estrenado en un ceremonial emotivo, ante una audiencia de militantes y dirigentes de generaciones y partidos pol\u00edticos, que estallaba en aplausos ante im\u00e1genes de personajes y acontecimientos. Ren\u00e9 Fortunato evidenci\u00f3 resiliencia y voluntad.<\/strong><\/p>\n<hr \/>\n<p style=\"font-weight: 400;\"><em><strong>Por <span style=\"color: #ff0000;\">Jos\u00e9 Rafael Sosa<\/span><\/strong><\/em><\/p>\n<p style=\"font-weight: 400;\">SANTO DOMINGO, Rep\u00faublica Dominicana.- \u00abTriunfo de la democracia\u00bb, d\u00e9cimo documental de Ren\u00e9 Fortunato, completa el recorrido por los cuatro a\u00f1os entre 1974-1978 de los gobiernos del doctor Joaqu\u00edn Balaguer, per\u00edodo pol\u00edtico de agitaci\u00f3n pol\u00edtica, represi\u00f3n sangrienta, acciones violentas de la izquierda, estrategias del gobernante reformista, respuestas de la oposici\u00f3n que lideraba el doctor Jos\u00e9 Francisco Pe\u00f1a G\u00f3mez.<\/p>\n<p style=\"font-weight: 400;\">La premiere del documental, colmada de gente proveniente de las militancias y dirigencias pol\u00edticas de casi todo el espectro pol\u00edtico opositor a Balaguer de esos a\u00f1os, provoc\u00f3 emociones del m\u00e1s diverso tipo: aplausos al aparecer figuras estelares de lado y lado, dirigentes de un amplio espectro pol\u00edtico. No faltaron algunos oficiales militares uniformados.<\/p>\n<figure id=\"attachment_446098\" aria-describedby=\"caption-attachment-446098\" style=\"width: 300px\" class=\"wp-caption alignright\"><img loading=\"lazy\" decoding=\"async\" class=\"size-medium wp-image-446098\" src=\"https:\/\/primermomento.com\/wp-content\/uploads\/2025\/07\/Platea-del-TN-en-Premiere-de-Fortunato-300x193.png\" alt=\"\" width=\"300\" height=\"193\" srcset=\"https:\/\/primermomento.com\/wp-content\/uploads\/2025\/07\/Platea-del-TN-en-Premiere-de-Fortunato-300x193.png 300w, https:\/\/primermomento.com\/wp-content\/uploads\/2025\/07\/Platea-del-TN-en-Premiere-de-Fortunato-768x494.png 768w, https:\/\/primermomento.com\/wp-content\/uploads\/2025\/07\/Platea-del-TN-en-Premiere-de-Fortunato-696x447.png 696w, https:\/\/primermomento.com\/wp-content\/uploads\/2025\/07\/Platea-del-TN-en-Premiere-de-Fortunato.png 1002w\" sizes=\"auto, (max-width: 300px) 100vw, 300px\" \/><figcaption id=\"caption-attachment-446098\" class=\"wp-caption-text\">El p\u00fablico llen\u00f3 la platea del Teatro Nacional para presenciar la primera exhibici\u00f3n de Triunfo de la democracia. FOTO VIDEO CINE PALAU<\/figcaption><\/figure>\n<p style=\"font-weight: 400;\">No estuvieron, lastimeramente, los balagueristas que debieron haber estado. El documental, aun cuando lo critica, reconoce muchas de sus acciones y actitudes, correctas y acertadas, como las Leyes Agrarias, su habilidad para enfrentar serias crisis militares y su singular temperamento.<\/p>\n<p style=\"font-weight: 400;\">El documental tiene noventa minutos y est\u00e1 realizado con im\u00e1genes y sonidos de la \u00e9poca, implic\u00f3 la revisi\u00f3n de m\u00e1s de cien horas de material f\u00edlmico, se digitalizaron numerosas grabaciones magnetof\u00f3nicas y se procesaron miles de fotograf\u00edas del periodo que abarca esta nueva producci\u00f3n del cine dominicano.<\/p>\n<p style=\"font-weight: 400;\">Triunfo de la democracia es un retorno al pasado reciente y permite ver una amplia muestra de personajes y personas: Orlando Mart\u00ednez y su inolvidable \u00faltimo art\u00edculo a Balaguer (\u00ab\u00bfPor qu\u00e9 no, doctor Balaguer?\u00bb) y sus ejecutores intelectuales y operativos, Maximiliano G\u00f3mez (El Moreno), Juan Bosch, Amaury Germ\u00e1n, Francisco Alberto Caama\u00f1o, Vincho Castillo, Florinda Soriano, Johnny Ventura, general Enrique P\u00e9rez y P\u00e9rez, Neit Rafael Nivar Seijas, Comodoro Ram\u00f3n Emilio Jim\u00e9nez Reyes, Rivera Caminero, La Banda, Rafael Guillermo Guzm\u00e1n Acosta, Juan Ren\u00e9 Beauchamps Javier, Monse\u00f1or Polanco Brito, y Rafael Herrera, Lajara Burgos, entre otros nombres que la historia ya se apresta a archivar.<br \/>\nEl trabajo es un amplio compendio de circunstancias y personajes sobre la historia dominicana reciente. El documental est\u00e1 dotado de una garra emotiva en las alas de la nostalgia. Cuando se proyectaban determinados acontecimientos y\/o personajes, el p\u00fablico irrump\u00eda en aplausos y exclamaciones.<\/p>\n<p style=\"font-weight: 400;\">Se estrena el pr\u00f3ximo jueves 10 de julio, cuando tambi\u00e9n llega a pantallas la nueva versi\u00f3n de Superman, uno de los\u00a0<em>blockbusters<\/em>\u00a0del verano 2025, lo cual podr\u00eda suponer el enfrentamiento del l\u00edder pol\u00edtico dominicano de amplias masas frente al superh\u00e9roe nacido en Kript\u00f3n; quien va a ver el documental dif\u00edcilmente prefiera ver primero al h\u00e9roe de la capa roja, y viceversa. Son productos f\u00edlmicos para p\u00fablicos claramente diferenciados.<\/p>\n<p style=\"font-weight: 400;\">Triunfo de la democracia es una lecci\u00f3n cr\u00edtica de historia, documentaci\u00f3n de 21 fuentes (desde el Archivo General de la Naci\u00f3n hasta los de universidades e instituciones norteamericanas, los textos de Moya Pons, Jos\u00e9 B\u00e1ez Guerrero, Miguel Guerrero, Fernando Infante, Sandino Grull\u00f3n y Jos\u00e9 Luis S\u00e1ez), parte de una bibliograf\u00eda que da cuerpo y\u00a0los\u00a0datos al d\u00e9cimo documental de Ren\u00e9 Fortunato, quien lleg\u00f3 hora y media antes del inicio fijado (8 y 30 pm), junto a sus hijos Diego y Ren\u00e9 Fortunato V\u00e1squez y su esposa Matty, periodista y productora.<\/p>\n<p style=\"font-weight: 400;\">La Sala Eduardo Brito estuvo colmada. Cada asistente con un programa de mano de amplia informaci\u00f3n sobre la obra del director.<\/p>\n<p style=\"font-weight: 400;\">Tras el mensaje de Fortunato, \u00e9ste present\u00f3 el trabajo en el cual se enfocan la corrupci\u00f3n y la represi\u00f3n imperantes durante el r\u00e9gimen balaguerista, la violencia en la campa\u00f1a de 1978 y el intento de golpe de Estado perpetrado la noche del 17 de mayo de ese a\u00f1o.<\/p>\n<p style=\"font-weight: 400;\">Se presenta la feroz campa\u00f1a racista como arma pol\u00edtica contra Pe\u00f1a G\u00f3mez y la elocuente defensa que hizo \u00e9l de su color y su dominicanidad, que tuvo como principales voceros al doctor Mario Vinicio Castillo (Vincho) y al contralmirante Luis Homero Lajara Burgos. Este \u00faltimo lleg\u00f3 a presentar una petici\u00f3n al Tribunal Superior Electoral para que le fuera retirada la nacionalidad.<\/p>\n<p style=\"font-weight: 400;\">Pena G\u00f3mez respondi\u00f3: \u201cYo soy dominicano por la tierra, por derecho y por sentimiento. Tengo negra la piel, pero tengo luz en la conciencia para desentra\u00f1ar la verdad que me ocultan las sombras\u201d.<\/p>\n<p style=\"font-weight: 400;\">Para Ren\u00e9 Fortunato, Pe\u00f1a G\u00f3mez aceler\u00f3 la historia de nuestro pa\u00eds en pro de una democracia verdadera al dise\u00f1ar y ejecutar una estrategia pol\u00edtico-electoral de 1978, que llev\u00f3 al poder al PRD y su candidato Antonio Guzm\u00e1n Fern\u00e1ndez.<br \/>\nLa cr\u00edtica del documental como producto f\u00edlmico, la haremos ya cerca de su fecha de estreno.<\/p>\n<p style=\"font-weight: 400;\">La promoci\u00f3n de este nuevo documental puede verse en este enlace:\u00a0<a href=\"https:\/\/youtu.be\/AFJKzBRSpBo?si=HiTQNntWcPobvx3T\" data-saferedirecturl=\"https:\/\/www.google.com\/url?q=https:\/\/youtu.be\/AFJKzBRSpBo?si%3DHiTQNntWcPobvx3T&amp;source=gmail&amp;ust=1751555288351000&amp;usg=AOvVaw3FNLuW0y0MmA2WHWc-EwUD\">https:\/\/youtu.be\/AFJKzBRSpBo?si=HiTQNntWcPobvx3T<\/a><\/p>\n<p style=\"font-weight: 400;\"><strong>Ficha T\u00e9cnica<\/strong><\/p>\n<p style=\"font-weight: 400;\">T\u00edtulo: \u201cTriunfo de la democracia\u201d<\/p>\n<p style=\"font-weight: 400;\">Gui\u00f3n, investigaci\u00f3n y direcci\u00f3n: Ren\u00e9 Fortunato<\/p>\n<p style=\"font-weight: 400;\">Producci\u00f3n ejecutiva de\u00a0Matty\u00a0V\u00e1squez.<\/p>\n<p style=\"font-weight: 400;\">Productora: Ave F\u00e9nix Films<\/p>\n<p style=\"font-weight: 400;\">Pa\u00eds: Rep\u00fablica Dominicana<\/p>\n<p style=\"font-weight: 400;\">A\u00f1o: 2025<\/p>\n<p style=\"font-weight: 400;\">G\u00e9nero: Documental<\/p>\n<p style=\"font-weight: 400;\">Idioma: Espa\u00f1ol dominicano<\/p>\n<p style=\"font-weight: 400;\">Productores asociados: Ren\u00e9 y Diego Fortunato V\u00e1squez<br \/>\nNarraci\u00f3n: Gustavo Olivo<\/p>\n<p style=\"font-weight: 400;\">Voces invitadas: Ren\u00e9 Alfonso Osvaldo Cepeda y Cepeda, Gustavo S\u00e1nchez, Miguel Susana y Eugenio Garc\u00eda.<\/p>\n<p style=\"font-weight: 400;\">M\u00fasica original: Misael Ma\u00f1\u00f3n,<\/p>\n<p style=\"font-weight: 400;\">Edici\u00f3n y postproducci\u00f3n: Cristian Valerio<\/p>\n<p style=\"font-weight: 400;\">Realizado en los estudios de Video Cine Palau<\/p>\n<p style=\"font-weight: 400;\">Patrocinio: Direcci\u00f3n General de Aduanas, Banreservas,<\/p>\n<p style=\"font-weight: 400;\">Respaldo institucional: Comisi\u00f3n Permanente de Efem\u00e9rides Patrias, Instituto Duartiano.<\/p>\n","protected":false},"excerpt":{"rendered":"<p>\u2022 El documental fue estrenado en un ceremonial emotivo, ante una audiencia de militantes y dirigentes de generaciones y partidos pol\u00edticos, que estallaba en aplausos ante im\u00e1genes de personajes y acontecimientos. Ren\u00e9 Fortunato evidenci\u00f3 resiliencia y voluntad. Por Jos\u00e9 Rafael Sosa SANTO DOMINGO, Rep\u00faublica Dominicana.- \u00abTriunfo de la democracia\u00bb, d\u00e9cimo documental de Ren\u00e9 Fortunato, completa [&hellip;]<\/p>\n","protected":false},"author":1,"featured_media":446098,"comment_status":"open","ping_status":"open","sticky":false,"template":"","format":"video","meta":{"_bbp_topic_count":0,"_bbp_reply_count":0,"_bbp_total_topic_count":0,"_bbp_total_reply_count":0,"_bbp_voice_count":0,"_bbp_anonymous_reply_count":0,"_bbp_topic_count_hidden":0,"_bbp_reply_count_hidden":0,"_bbp_forum_subforum_count":0,"footnotes":""},"categories":[39,106],"tags":[],"class_list":{"0":"post-446097","1":"post","2":"type-post","3":"status-publish","4":"format-video","5":"has-post-thumbnail","7":"category-entretenimiento","8":"category-video-news","9":"post_format-post-format-video"},"_links":{"self":[{"href":"https:\/\/primermomento.com\/index.php?rest_route=\/wp\/v2\/posts\/446097","targetHints":{"allow":["GET"]}}],"collection":[{"href":"https:\/\/primermomento.com\/index.php?rest_route=\/wp\/v2\/posts"}],"about":[{"href":"https:\/\/primermomento.com\/index.php?rest_route=\/wp\/v2\/types\/post"}],"author":[{"embeddable":true,"href":"https:\/\/primermomento.com\/index.php?rest_route=\/wp\/v2\/users\/1"}],"replies":[{"embeddable":true,"href":"https:\/\/primermomento.com\/index.php?rest_route=%2Fwp%2Fv2%2Fcomments&post=446097"}],"version-history":[{"count":1,"href":"https:\/\/primermomento.com\/index.php?rest_route=\/wp\/v2\/posts\/446097\/revisions"}],"predecessor-version":[{"id":446099,"href":"https:\/\/primermomento.com\/index.php?rest_route=\/wp\/v2\/posts\/446097\/revisions\/446099"}],"wp:featuredmedia":[{"embeddable":true,"href":"https:\/\/primermomento.com\/index.php?rest_route=\/wp\/v2\/media\/446098"}],"wp:attachment":[{"href":"https:\/\/primermomento.com\/index.php?rest_route=%2Fwp%2Fv2%2Fmedia&parent=446097"}],"wp:term":[{"taxonomy":"category","embeddable":true,"href":"https:\/\/primermomento.com\/index.php?rest_route=%2Fwp%2Fv2%2Fcategories&post=446097"},{"taxonomy":"post_tag","embeddable":true,"href":"https:\/\/primermomento.com\/index.php?rest_route=%2Fwp%2Fv2%2Ftags&post=446097"}],"curies":[{"name":"wp","href":"https:\/\/api.w.org\/{rel}","templated":true}]}}