{"id":446269,"date":"2025-07-05T09:26:11","date_gmt":"2025-07-05T13:26:11","guid":{"rendered":"https:\/\/primermomento.com\/?p=446269"},"modified":"2025-07-05T17:21:02","modified_gmt":"2025-07-05T21:21:02","slug":"trece-muertos-y-20-desaparecidos-por-fuertes-inundaciones-en-texas","status":"publish","type":"post","link":"https:\/\/primermomento.com\/?p=446269","title":{"rendered":"24 muertos y 20 desaparecidos por fuertes inundaciones en Texas"},"content":{"rendered":"<p><iframe loading=\"lazy\" title=\"Al menos 24 muertos en las inundaciones de Texas y m\u00e1s de 20 ni\u00f1as desaparecidas de un campamento\" width=\"696\" height=\"392\" src=\"https:\/\/www.youtube.com\/embed\/hgY6hgjzpZw?start=1&#038;feature=oembed\" frameborder=\"0\" allow=\"accelerometer; autoplay; clipboard-write; encrypted-media; gyroscope; picture-in-picture; web-share\" referrerpolicy=\"strict-origin-when-cross-origin\" allowfullscreen><\/iframe><\/p>\n<p><em><strong>Por <span style=\"color: #ff0000;\">Prensa Latina<\/span><\/strong><\/em><\/p>\n<p>Washington, EEUU.- A 24 muertos y 20 menores desaparecidos ascendi\u00f3 el n\u00famero de v\u00edctimas a causa de las graves inundaciones provocadas por las fuertes lluvias en Texas, sur de Estados Unidos.<\/p>\n<p>El vicegobernador de Texas, Dan Patrick, dijo en una conferencia de prensa este viernes que los menores se encontraban en Camp Mystic, un campamento cristiano privado para ni\u00f1as con capacidad para unas 750 en total. \u00abEso no significa que se hayan perdido, podr\u00edan estar en un \u00e1rbol, podr\u00edan estar incomunicados\u00bb, se\u00f1al\u00f3.<\/p>\n<p><img loading=\"lazy\" decoding=\"async\" class=\"size-medium wp-image-446271 alignleft\" src=\"https:\/\/primermomento.com\/wp-content\/uploads\/2025\/07\/inundaciones-y-muertos-en-Texas-300x151.jpg\" alt=\"\" width=\"300\" height=\"151\" srcset=\"https:\/\/primermomento.com\/wp-content\/uploads\/2025\/07\/inundaciones-y-muertos-en-Texas-300x151.jpg 300w, https:\/\/primermomento.com\/wp-content\/uploads\/2025\/07\/inundaciones-y-muertos-en-Texas-1024x516.jpg 1024w, https:\/\/primermomento.com\/wp-content\/uploads\/2025\/07\/inundaciones-y-muertos-en-Texas-768x387.jpg 768w, https:\/\/primermomento.com\/wp-content\/uploads\/2025\/07\/inundaciones-y-muertos-en-Texas-696x351.jpg 696w, https:\/\/primermomento.com\/wp-content\/uploads\/2025\/07\/inundaciones-y-muertos-en-Texas-1068x538.jpg 1068w, https:\/\/primermomento.com\/wp-content\/uploads\/2025\/07\/inundaciones-y-muertos-en-Texas.jpg 1300w\" sizes=\"auto, (max-width: 300px) 100vw, 300px\" \/>\u00abA\u00fan hay varias personas desaparecidas en este momento, pero estamos trabajando muy duro. Y vamos a continuar. Probablemente este proceso tomar\u00e1 un par de d\u00edas\u00bb, coment\u00f3 a los periodistas el sheriff del condado de Kerr, Larry L. Leitha.<\/p>\n<p>El gobernador del estado, Greg Abbott, public\u00f3 m\u00e1s temprano en X que el estado est\u00e1 enviando todos los recursos disponibles a la zona. \u00abEso incluye equipos de rescate acu\u00e1tico, centros de refugio, la Guardia Nacional y el Departamento de Seguridad P\u00fablica de Texas. La prioridad inmediata es salvar vidas\u00bb, escribi\u00f3.<\/p>\n<p>Desde anoche las intensas precipitaciones desde San Angelo hasta Kerrville provocaron m\u00faltiples emergencias por inundaciones repentinas al comenzar el fin de semana festivo del 4 de julio.<\/p>\n<p>Las autoridades alentaron a los residentes a resguardarse y no intentar viajar, especialmente recomendaron a aquellos cerca de arroyos, r\u00edos como el Guadalupe a trasladarse inmediatamente a un lugar elevado.<\/p>\n<p>El r\u00edo Guadalupe, a la altura de la localidad de Hunt, pas\u00f3 de tener un caudal de unos dos metros de altura a casi nueve metros en apenas dos horas la madrugada del viernes debido a las lluvias torrenciales.<\/p>\n","protected":false},"excerpt":{"rendered":"<p>Por Prensa Latina Washington, EEUU.- A 24 muertos y 20 menores desaparecidos ascendi\u00f3 el n\u00famero de v\u00edctimas a causa de las graves inundaciones provocadas por las fuertes lluvias en Texas, sur de Estados Unidos. El vicegobernador de Texas, Dan Patrick, dijo en una conferencia de prensa este viernes que los menores se encontraban en Camp [&hellip;]<\/p>\n","protected":false},"author":1,"featured_media":446271,"comment_status":"open","ping_status":"open","sticky":false,"template":"","format":"video","meta":{"_bbp_topic_count":0,"_bbp_reply_count":0,"_bbp_total_topic_count":0,"_bbp_total_reply_count":0,"_bbp_voice_count":0,"_bbp_anonymous_reply_count":0,"_bbp_topic_count_hidden":0,"_bbp_reply_count_hidden":0,"_bbp_forum_subforum_count":0,"footnotes":""},"categories":[37,106],"tags":[],"class_list":["post-446269","post","type-post","status-publish","format-video","has-post-thumbnail","category-ciencia-tecnologia","category-video-news","post_format-post-format-video"],"_links":{"self":[{"href":"https:\/\/primermomento.com\/index.php?rest_route=\/wp\/v2\/posts\/446269","targetHints":{"allow":["GET"]}}],"collection":[{"href":"https:\/\/primermomento.com\/index.php?rest_route=\/wp\/v2\/posts"}],"about":[{"href":"https:\/\/primermomento.com\/index.php?rest_route=\/wp\/v2\/types\/post"}],"author":[{"embeddable":true,"href":"https:\/\/primermomento.com\/index.php?rest_route=\/wp\/v2\/users\/1"}],"replies":[{"embeddable":true,"href":"https:\/\/primermomento.com\/index.php?rest_route=%2Fwp%2Fv2%2Fcomments&post=446269"}],"version-history":[{"count":4,"href":"https:\/\/primermomento.com\/index.php?rest_route=\/wp\/v2\/posts\/446269\/revisions"}],"predecessor-version":[{"id":446279,"href":"https:\/\/primermomento.com\/index.php?rest_route=\/wp\/v2\/posts\/446269\/revisions\/446279"}],"wp:featuredmedia":[{"embeddable":true,"href":"https:\/\/primermomento.com\/index.php?rest_route=\/wp\/v2\/media\/446271"}],"wp:attachment":[{"href":"https:\/\/primermomento.com\/index.php?rest_route=%2Fwp%2Fv2%2Fmedia&parent=446269"}],"wp:term":[{"taxonomy":"category","embeddable":true,"href":"https:\/\/primermomento.com\/index.php?rest_route=%2Fwp%2Fv2%2Fcategories&post=446269"},{"taxonomy":"post_tag","embeddable":true,"href":"https:\/\/primermomento.com\/index.php?rest_route=%2Fwp%2Fv2%2Ftags&post=446269"}],"curies":[{"name":"wp","href":"https:\/\/api.w.org\/{rel}","templated":true}]}}