{"id":446734,"date":"2025-07-10T11:45:18","date_gmt":"2025-07-10T15:45:18","guid":{"rendered":"https:\/\/primermomento.com\/?p=446734"},"modified":"2025-07-11T13:02:09","modified_gmt":"2025-07-11T17:02:09","slug":"lula-confirma-que-si-trump-concreta-50-por-ciento-de-aranceles-ellos-cobraran-lo-mismo","status":"publish","type":"post","link":"https:\/\/primermomento.com\/?p=446734","title":{"rendered":"Lula confirma que si Trump concreta 50 por ciento de aranceles, ellos tambi\u00e9n cobrar\u00e1n lo mismo"},"content":{"rendered":"<p><iframe loading=\"lazy\" title=\"Brasil desaf\u00eda a Trump con aranceles de represalia del 50%\" width=\"696\" height=\"392\" src=\"https:\/\/www.youtube.com\/embed\/f6G7JF9mkqc?start=1&#038;feature=oembed\" frameborder=\"0\" allow=\"accelerometer; autoplay; clipboard-write; encrypted-media; gyroscope; picture-in-picture; web-share\" referrerpolicy=\"strict-origin-when-cross-origin\" allowfullscreen><\/iframe><\/p>\n<p><strong><em>Por <span style=\"color: #ff0000;\">Prensa Latina<\/span><\/em><\/strong><\/p>\n<p>Brasilia, BRASIL.- El presidente brasile\u00f1o, Luiz In\u00e1cio Lula da Silva, confirm\u00f3 hoy que aplicar\u00e1 aranceles de represalia si su hom\u00f3logo estadounidense, Donald Trump, concreta el aumento del 50 por ciento a las importaciones nacionales.<\/p>\n<p>\u00abSi \u00e9l nos cobra un 50 por ciento, nosotros les cobraremos un 50 por ciento\u00bb, declar\u00f3 Lula en una entrevista televisiva.<\/p>\n<p><img loading=\"lazy\" decoding=\"async\" class=\"size-medium wp-image-446735 alignleft\" src=\"https:\/\/primermomento.com\/wp-content\/uploads\/2025\/07\/lula-trump-sanciones-1-300x178.jpg\" alt=\"\" width=\"300\" height=\"178\" srcset=\"https:\/\/primermomento.com\/wp-content\/uploads\/2025\/07\/lula-trump-sanciones-1-300x178.jpg 300w, https:\/\/primermomento.com\/wp-content\/uploads\/2025\/07\/lula-trump-sanciones-1-768x455.jpg 768w, https:\/\/primermomento.com\/wp-content\/uploads\/2025\/07\/lula-trump-sanciones-1-696x413.jpg 696w, https:\/\/primermomento.com\/wp-content\/uploads\/2025\/07\/lula-trump-sanciones-1.jpg 1024w\" sizes=\"auto, (max-width: 300px) 100vw, 300px\" \/>Asegur\u00f3 que, de fracasar las negociaciones, entrar\u00e1 en vigor la Ley de Reciprocidad aprobada este a\u00f1o por el Congreso Nacional.<\/p>\n<p>Las declaraciones reactivan el riesgo de una guerra comercial entre ambas potencias, en un escenario que recuerda las tensiones previas entre Washington y Beijing.<\/p>\n<p>En Brasil, incluso l\u00edderes pol\u00edticos tradicionalmente moderados como Davi Alcolumbre (Senado) y Hugo Motta (C\u00e1mara de Diputados) respaldaron la postura del Ejecutivo.<\/p>\n<p>\u00abDefenderemos nuestra econom\u00eda y nuestros empleos\u00bb, afirmaron en un comunicado conjunto.<\/p>\n<p>El detonante fue una carta firmada por Trump, publicada en redes sociales, en la que el republicano califica de \u00abcacer\u00eda de brujas\u00bb el juicio contra el exmandatario Jair Bolsonaro, acusado de golpista, e incluye duras cr\u00edticas al Poder Judicial brasile\u00f1o.<\/p>\n<p>Seg\u00fan Lula, el documento representa una injerencia intolerable y orden\u00f3 a sus diplom\u00e1ticos que la devuelvan si llega formalmente al Palacio de Planalto, sede del Poder Ejecutivo en Brasilia.<\/p>\n<p>Analistas consideran que esta tensi\u00f3n beneficia pol\u00edticamente a Lula.<\/p>\n<p>\u00abTrump le regal\u00f3 una narrativa electoral\u00bb, observ\u00f3 Thomas Traumann, consultor pol\u00edtico.<\/p>\n<p>Por su parte, el diario O Estado de Sao Paulo, generalmente cr\u00edtico al Gobierno, calific\u00f3 el movimiento de Trump de \u00abcosa de la mafia\u00bb y apoy\u00f3 la respuesta de Lula.<\/p>\n<p>La Confederaci\u00f3n Nacional de la Industria advirti\u00f3 que un aumento del 50 por ciento en los aranceles afectar\u00eda especialmente a sectores como el acero, la agroindustria y la tecnolog\u00eda, pilares clave de las exportaciones brasile\u00f1as hacia Estados Unidos.<\/p>\n<p>Mientras tanto, sectores vinculados al exgobernente ultraderechista, como su hijo, el diputado licenciado Eduardo Bolsonaro, actualmente residiendo en el pa\u00eds norte\u00f1o, expresaron su respaldo p\u00fablico a Trump, intensificando la percepci\u00f3n de una crisis binacional motivada por intereses personales.<\/p>\n<p>El caso plantea interrogantes no solo sobre la soberan\u00eda brasile\u00f1a, sino tambi\u00e9n sobre los l\u00edmites del poder presidencial estadounidense en pol\u00edtica comercial.<\/p>\n<p>La situaci\u00f3n eleva la incertidumbre pol\u00edtica en Brasil. El juicio contra Bolsonaro contin\u00faa, mientras se especula que Trump podr\u00eda ofrecerle alg\u00fan tipo de asilo si es condenado.<\/p>\n<p>Para Lula, la respuesta es clara: \u00abBrasil no se arrodilla ante presiones externas\u00bb.<\/p>\n<p><em><a href=\"https:\/\/primermomento.com\/?p=446734\">#50porciento #arancel #brasil #eeuu #lula #medida #productos #respuesta #trump<\/a><\/em><\/p>\n","protected":false},"excerpt":{"rendered":"<p>Por Prensa Latina Brasilia, BRASIL.- El presidente brasile\u00f1o, Luiz In\u00e1cio Lula da Silva, confirm\u00f3 hoy que aplicar\u00e1 aranceles de represalia si su hom\u00f3logo estadounidense, Donald Trump, concreta el aumento del 50 por ciento a las importaciones nacionales. \u00abSi \u00e9l nos cobra un 50 por ciento, nosotros les cobraremos un 50 por ciento\u00bb, declar\u00f3 Lula en [&hellip;]<\/p>\n","protected":false},"author":1,"featured_media":446735,"comment_status":"open","ping_status":"open","sticky":false,"template":"","format":"video","meta":{"_bbp_topic_count":0,"_bbp_reply_count":0,"_bbp_total_topic_count":0,"_bbp_total_reply_count":0,"_bbp_voice_count":0,"_bbp_anonymous_reply_count":0,"_bbp_topic_count_hidden":0,"_bbp_reply_count_hidden":0,"_bbp_forum_subforum_count":0,"footnotes":""},"categories":[61,106],"tags":[],"class_list":{"0":"post-446734","1":"post","2":"type-post","3":"status-publish","4":"format-video","5":"has-post-thumbnail","7":"category-mundo","8":"category-video-news","9":"post_format-post-format-video"},"_links":{"self":[{"href":"https:\/\/primermomento.com\/index.php?rest_route=\/wp\/v2\/posts\/446734","targetHints":{"allow":["GET"]}}],"collection":[{"href":"https:\/\/primermomento.com\/index.php?rest_route=\/wp\/v2\/posts"}],"about":[{"href":"https:\/\/primermomento.com\/index.php?rest_route=\/wp\/v2\/types\/post"}],"author":[{"embeddable":true,"href":"https:\/\/primermomento.com\/index.php?rest_route=\/wp\/v2\/users\/1"}],"replies":[{"embeddable":true,"href":"https:\/\/primermomento.com\/index.php?rest_route=%2Fwp%2Fv2%2Fcomments&post=446734"}],"version-history":[{"count":3,"href":"https:\/\/primermomento.com\/index.php?rest_route=\/wp\/v2\/posts\/446734\/revisions"}],"predecessor-version":[{"id":446794,"href":"https:\/\/primermomento.com\/index.php?rest_route=\/wp\/v2\/posts\/446734\/revisions\/446794"}],"wp:featuredmedia":[{"embeddable":true,"href":"https:\/\/primermomento.com\/index.php?rest_route=\/wp\/v2\/media\/446735"}],"wp:attachment":[{"href":"https:\/\/primermomento.com\/index.php?rest_route=%2Fwp%2Fv2%2Fmedia&parent=446734"}],"wp:term":[{"taxonomy":"category","embeddable":true,"href":"https:\/\/primermomento.com\/index.php?rest_route=%2Fwp%2Fv2%2Fcategories&post=446734"},{"taxonomy":"post_tag","embeddable":true,"href":"https:\/\/primermomento.com\/index.php?rest_route=%2Fwp%2Fv2%2Ftags&post=446734"}],"curies":[{"name":"wp","href":"https:\/\/api.w.org\/{rel}","templated":true}]}}