{"id":447176,"date":"2025-07-17T07:00:52","date_gmt":"2025-07-17T11:00:52","guid":{"rendered":"https:\/\/primermomento.com\/?p=447176"},"modified":"2025-07-17T08:47:03","modified_gmt":"2025-07-17T12:47:03","slug":"magin-no-juegues-llego-tu-hora-magin-javier-diaz-domingo","status":"publish","type":"post","link":"https:\/\/primermomento.com\/?p=447176","title":{"rendered":"Mag\u00edn, no juegues; lleg\u00f3 tu hora Mag\u00edn Javier D\u00edaz Domingo"},"content":{"rendered":"<p><em><strong>Por <span style=\"color: #ff0000;\">Juan Manuel Garc\u00eda<\/span><\/strong><\/em><\/p>\n<p>Desde el Congreso Nacional son\u00f3 la alerta de que ya los diputados convirtieron en Ley la fusi\u00f3n de los ministerios de Hacienda y de Econom\u00eda, tras dos meses de estudio. Y como la pieza agot\u00f3 los tr\u00e1mites en el Senado, ya el presidente Luis Abinader la tiene en sus<br \/>\nmanos, lista para promulgaci\u00f3n.<\/p>\n<figure id=\"attachment_374894\" aria-describedby=\"caption-attachment-374894\" style=\"width: 253px\" class=\"wp-caption alignright\"><img loading=\"lazy\" decoding=\"async\" class=\"size-full wp-image-374894\" src=\"https:\/\/primermomento.com\/wp-content\/uploads\/2022\/12\/Juan-Manuel-Garcia2.jpg\" alt=\"\" width=\"253\" height=\"253\" srcset=\"https:\/\/primermomento.com\/wp-content\/uploads\/2022\/12\/Juan-Manuel-Garcia2.jpg 253w, https:\/\/primermomento.com\/wp-content\/uploads\/2022\/12\/Juan-Manuel-Garcia2-150x150.jpg 150w, https:\/\/primermomento.com\/wp-content\/uploads\/2022\/12\/Juan-Manuel-Garcia2-50x50.jpg 50w, https:\/\/primermomento.com\/wp-content\/uploads\/2022\/12\/Juan-Manuel-Garcia2-220x220.jpg 220w, https:\/\/primermomento.com\/wp-content\/uploads\/2022\/12\/Juan-Manuel-Garcia2-118x118.jpg 118w, https:\/\/primermomento.com\/wp-content\/uploads\/2022\/12\/Juan-Manuel-Garcia2-30x30.jpg 30w\" sizes=\"auto, (max-width: 253px) 100vw, 253px\" \/><figcaption id=\"caption-attachment-374894\" class=\"wp-caption-text\">Juan Manuel Garc\u00eda<br \/>Periodista<\/figcaption><\/figure>\n<p>Ese mismo Abinader, y antes que nada, se adelant\u00f3 a designar un experto, muy juicioso a juzgar por sus antecedentes te\u00f3ricos y pr\u00e1cticos, para que sea el regente de esa nueva Ley de fusi\u00f3n de ministerios.<\/p>\n<p>Por all\u00e1, por el a\u00f1o 2017, dijo para el p\u00fablico, que la situaci\u00f3n de lo fiscal y presupuestario con su d\u00e9ficit, s\u00f3lo se resolv\u00eda siendo ministro del \u00e1rea. Pero mucho antes, en el 2012 ya hab\u00eda sido viceministro de Pol\u00edtica Fiscal del Ministerio de Hacienda, y en 2013, fue viceministro de Cr\u00e9dito P\u00fablico.<\/p>\n<p>Mag\u00edn D\u00edaz ha sido de todo en el \u00e1rea fiscal y administrativa, siempre agarrado del Ministerio de Hacienda. El hombre es capaz de agotar horas, hablando<br \/>\ncon periodistas que le lancen preguntas a granel. A todo responde. No evade respuesta. Porque Mag\u00edn D\u00edaz sabe de todo. \u00a1Vaya con el curr\u00edculum! Mas que maestros,<br \/>\nlleg\u00f3 al rango de pitonisa. Ha hablado de todo: sobre el gasto, d\u00e9ficit el\u00e9ctrico y reforma fiscal, sobre fraudes fiscales y en las recaudaciones. Desde una tribuna que es el mejor thinking tank nacional: la Pontificia Universidad Cat\u00f3lica Madre y Maestra, donde ha ocupado la Direcci\u00f3n del Departamento de Econom\u00eda de ese centro acad\u00e9mico plus ultra, inyectando teor\u00edas sobre finanzas p\u00fablicas, macroeconom\u00eda y econom\u00eda internacional. fue<br \/>\nsubsecretario de Estado de Finanzas; asesor del ministro de Econom\u00eda, Planificaci\u00f3n y Desarrollo (MEPyD); y de la Corporaci\u00f3n Dominicana de Empresas El\u00e9ctricas Estatales.<\/p>\n<p>Tambi\u00e9n, asesor del Superintendente de Bancos y del director general de Aduanas (DGA).<br \/>\nUn verdadero \u201cdiablo a caballo\u201d, dec\u00eda un ebanista de barrio agarrado de una cervecita bien fr\u00eda, sentado en el colmado, mientras se dejaba escuchar de media docena de \u201cdel\u00edberes\u201d motorizados a quienes est\u00e1n a punto de clavarles un nuevo impuesto.<\/p>\n<p>Allende los mares, Mag\u00edn D\u00edaz ha sido miembro de las misiones de negociaci\u00f3n con el Fondo Monetario Internacional; contraparte de organismos multilaterales como el Banco Interamericano de Desarrollo, del Banco Mundial y de la Organizaci\u00f3n Mundial de Comercio; y ha trabajado para los Gobiernos de El Salvador, Honduras y<br \/>\nUruguay, en materia de pol\u00edtica tributaria, fiscal y macroecon\u00f3mica.<\/p>\n<p>Ahora, lo complace el presidente Abinader con el rango de ponerlo a la cabeza de la fusi\u00f3n de los ministerios de Hacienda y de Econom\u00eda, con el decreto 386-25.<\/p>\n<p>Y viene con el respaldo p\u00fablico del pleno del empresariado del pa\u00eds, como Ministro de Hacienda y Econom\u00eda, fusionados.<\/p>\n","protected":false},"excerpt":{"rendered":"<p>Por Juan Manuel Garc\u00eda Desde el Congreso Nacional son\u00f3 la alerta de que ya los diputados convirtieron en Ley la fusi\u00f3n de los ministerios de Hacienda y de Econom\u00eda, tras dos meses de estudio. Y como la pieza agot\u00f3 los tr\u00e1mites en el Senado, ya el presidente Luis Abinader la tiene en sus manos, lista [&hellip;]<\/p>\n","protected":false},"author":1,"featured_media":447177,"comment_status":"open","ping_status":"open","sticky":false,"template":"","format":"standard","meta":{"_bbp_topic_count":0,"_bbp_reply_count":0,"_bbp_total_topic_count":0,"_bbp_total_reply_count":0,"_bbp_voice_count":0,"_bbp_anonymous_reply_count":0,"_bbp_topic_count_hidden":0,"_bbp_reply_count_hidden":0,"_bbp_forum_subforum_count":0,"footnotes":""},"categories":[33],"tags":[],"class_list":{"0":"post-447176","1":"post","2":"type-post","3":"status-publish","4":"format-standard","5":"has-post-thumbnail","7":"category-opinion"},"_links":{"self":[{"href":"https:\/\/primermomento.com\/index.php?rest_route=\/wp\/v2\/posts\/447176","targetHints":{"allow":["GET"]}}],"collection":[{"href":"https:\/\/primermomento.com\/index.php?rest_route=\/wp\/v2\/posts"}],"about":[{"href":"https:\/\/primermomento.com\/index.php?rest_route=\/wp\/v2\/types\/post"}],"author":[{"embeddable":true,"href":"https:\/\/primermomento.com\/index.php?rest_route=\/wp\/v2\/users\/1"}],"replies":[{"embeddable":true,"href":"https:\/\/primermomento.com\/index.php?rest_route=%2Fwp%2Fv2%2Fcomments&post=447176"}],"version-history":[{"count":1,"href":"https:\/\/primermomento.com\/index.php?rest_route=\/wp\/v2\/posts\/447176\/revisions"}],"predecessor-version":[{"id":447178,"href":"https:\/\/primermomento.com\/index.php?rest_route=\/wp\/v2\/posts\/447176\/revisions\/447178"}],"wp:featuredmedia":[{"embeddable":true,"href":"https:\/\/primermomento.com\/index.php?rest_route=\/wp\/v2\/media\/447177"}],"wp:attachment":[{"href":"https:\/\/primermomento.com\/index.php?rest_route=%2Fwp%2Fv2%2Fmedia&parent=447176"}],"wp:term":[{"taxonomy":"category","embeddable":true,"href":"https:\/\/primermomento.com\/index.php?rest_route=%2Fwp%2Fv2%2Fcategories&post=447176"},{"taxonomy":"post_tag","embeddable":true,"href":"https:\/\/primermomento.com\/index.php?rest_route=%2Fwp%2Fv2%2Ftags&post=447176"}],"curies":[{"name":"wp","href":"https:\/\/api.w.org\/{rel}","templated":true}]}}