{"id":447727,"date":"2025-07-24T05:45:25","date_gmt":"2025-07-24T09:45:25","guid":{"rendered":"https:\/\/primermomento.com\/?p=447727"},"modified":"2025-07-24T18:19:48","modified_gmt":"2025-07-24T22:19:48","slug":"lula-afirma-en-brasil-que-trump-no-quiere-hablar-sobre-aranceles","status":"publish","type":"post","link":"https:\/\/primermomento.com\/?p=447727","title":{"rendered":"Lula afirma en Brasil que Trump no quiere hablar sobre aranceles"},"content":{"rendered":"<p><strong><em>Por <span style=\"color: #ff0000;\">Prensa Latina<\/span><\/em><\/strong><\/p>\n<p>Brasilia, BRASIL.- El presidente brasile\u00f1o, Luiz In\u00e1cio Lula da Silva, afirm\u00f3 hoy que su hom\u00f3logo estadounidense, Donald Trump, elude discutir el impuesto del 50 por ciento a los productos nacionales a partir del 1 de agosto.<\/p>\n<div class=\"elementor-element elementor-element-0aea3a0 elementor-widget elementor-widget-theme-post-content\" data-id=\"0aea3a0\" data-element_type=\"widget\" data-widget_type=\"theme-post-content.default\">\n<div class=\"elementor-widget-container\">\n<p>Durante una ceremonia de anuncio de gobierno en el Valle de Jequitinhonha, estado de Minas Gerais (sudeste), Lula afirm\u00f3, sin embargo, que, si Trump quiere negociar, Brasil est\u00e1 dispuesto a hacerlo.<\/p>\n<p>El mandatario critic\u00f3 la declaraci\u00f3n del republicano de que la justicia brasile\u00f1a cumple una cacer\u00eda de brujas en los tribunales por el golpe de Estado del que se acusa al exgobernante Jair Bolsonaro.<\/p>\n<p>\u00ab\u00bfCreen en brujas? \u00bfAlguien aqu\u00ed cree en brujas como para llevar a cabo una cacer\u00eda de brujas? Me enviaron una carta pidi\u00e9ndome que deje de perseguir a Bolsonaro. Es un insulto irresponsable a Brasil y a la justicia brasile\u00f1a\u00bb, coment\u00f3.<\/p>\n<p>Lula tambi\u00e9n se burl\u00f3 de la estrategia de Trump de atacar y, en ocasiones, revertir o pausar sus decisiones.<\/p>\n<p>\u00abPero no quer\u00eda hablar. Nos dicen que hasta el 1 de agosto. Si no respondemos el 1 de agosto, impondremos un impuesto del 50 por ciento a nuestro comercio. Dir\u00e1n algo: \u00abNo soy de Minas Gerais, pero se me dan bien las bromas\u00bb, ironiz\u00f3.<\/p>\n<p>En varias ocasiones, el l\u00edder progresista ha comunicado que su pa\u00eds adoptar\u00eda la Ley de Reciprocidad en caso de un aumento de tarifas, pero el tema genera controversia.<\/p>\n<p>Funcionarios gubernamentales y l\u00edderes empresariales creen que la medida en solitario deber\u00eda adoptarse como \u00faltimo recurso.<\/p>\n<p>Asimismo, Lula destac\u00f3 sus relaciones con anteriores presidentes estadounidenses, como Bill Clinton y George W. Bush, y critic\u00f3 al republicano por creerse el \u00abemperador del mundo\u00bb.<\/p>\n<p>\u00abHablo con todos, pero especialmente con quienes quieren hablar. Si Estados Unidos quiere negociar, Lula estar\u00e1 dispuesto\u00bb, remarc\u00f3.<\/p>\n<p>Insisti\u00f3 en que \u00absi queremos negociar, negociaremos. Tenemos los mejores negociadores del mundo\u00bb, reiter\u00f3.<\/p>\n<p>No es la primera vez que Lula critica p\u00fablicamente a Trump. Ambos tienen posturas opuestas.<\/p>\n<p>En otro momento, el exsindicalista, incluso, aclar\u00f3 que Brasil \u00abtiene sus propios asuntos\u00bb, y enfatiz\u00f3 una vez m\u00e1s en la soberan\u00eda del pa\u00eds.<\/p>\n<p>Bajo este escenario, el gigante sudamericano plante\u00f3 el tema en la reuni\u00f3n de la Organizaci\u00f3n Mundial del Comercio, en Ginebra (Suiza).<\/p>\n<p>En un discurso, el embajador Philip Fox-Drummond Gough, representante brasile\u00f1o, afirm\u00f3 que los aranceles son arbitrarios y se impusieron ca\u00f3ticamente, y podr\u00edan agravar el impacto en el comercio internacional.<\/p>\n<p>Tales tributos \u00abest\u00e1n perturbando las cadenas globales de valor y corren el riesgo de hundir la econom\u00eda mundial en una espiral de precios altos y estancamiento\u00bb, alert\u00f3.<\/p>\n<\/div>\n<\/div>\n<div class=\"elementor-element elementor-element-4f75016 elementor-widget elementor-widget-post-info\" data-id=\"4f75016\" data-element_type=\"widget\" data-widget_type=\"post-info.default\">\n<div class=\"elementor-widget-container\">\n<ul class=\"elementor-inline-items elementor-icon-list-items elementor-post-info\">\n<li class=\"elementor-icon-list-item elementor-repeater-item-17dda3e elementor-inline-item\"><em><span class=\"elementor-icon-list-text elementor-post-info__item elementor-post-info__item--type-custom\">#<a href=\"https:\/\/primermomento.com\/?p=447727\" rel=\"tag\">aranceles<\/a>\u00a0#<a href=\"https:\/\/primermomento.com\/?p=447727\" rel=\"tag\">brasil<\/a>\u00a0#<a href=\"https:\/\/primermomento.com\/?p=447727\" rel=\"tag\">eeuu<\/a>\u00a0#<a href=\"https:\/\/primermomento.com\/?p=447727\" rel=\"tag\">impuestos<\/a>\u00a0#<a href=\"https:\/\/primermomento.com\/?p=447727\" rel=\"tag\">lula<\/a>\u00a0#<a href=\"https:\/\/primermomento.com\/?p=447727\" rel=\"tag\">medidas<\/a>\u00a0#<a href=\"https:\/\/primermomento.com\/?p=447727\" rel=\"tag\">productos<\/a>\u00a0#<a href=\"https:\/\/primermomento.com\/?p=447727\" rel=\"tag\">trump<\/a><\/span><\/em><\/li>\n<\/ul>\n<\/div>\n<\/div>\n","protected":false},"excerpt":{"rendered":"<p>Por Prensa Latina Brasilia, BRASIL.- El presidente brasile\u00f1o, Luiz In\u00e1cio Lula da Silva, afirm\u00f3 hoy que su hom\u00f3logo estadounidense, Donald Trump, elude discutir el impuesto del 50 por ciento a los productos nacionales a partir del 1 de agosto. Durante una ceremonia de anuncio de gobierno en el Valle de Jequitinhonha, estado de Minas Gerais [&hellip;]<\/p>\n","protected":false},"author":1,"featured_media":447728,"comment_status":"open","ping_status":"open","sticky":false,"template":"","format":"standard","meta":{"_bbp_topic_count":0,"_bbp_reply_count":0,"_bbp_total_topic_count":0,"_bbp_total_reply_count":0,"_bbp_voice_count":0,"_bbp_anonymous_reply_count":0,"_bbp_topic_count_hidden":0,"_bbp_reply_count_hidden":0,"_bbp_forum_subforum_count":0,"footnotes":""},"categories":[35],"tags":[],"class_list":{"0":"post-447727","1":"post","2":"type-post","3":"status-publish","4":"format-standard","5":"has-post-thumbnail","7":"category-economia"},"_links":{"self":[{"href":"https:\/\/primermomento.com\/index.php?rest_route=\/wp\/v2\/posts\/447727","targetHints":{"allow":["GET"]}}],"collection":[{"href":"https:\/\/primermomento.com\/index.php?rest_route=\/wp\/v2\/posts"}],"about":[{"href":"https:\/\/primermomento.com\/index.php?rest_route=\/wp\/v2\/types\/post"}],"author":[{"embeddable":true,"href":"https:\/\/primermomento.com\/index.php?rest_route=\/wp\/v2\/users\/1"}],"replies":[{"embeddable":true,"href":"https:\/\/primermomento.com\/index.php?rest_route=%2Fwp%2Fv2%2Fcomments&post=447727"}],"version-history":[{"count":1,"href":"https:\/\/primermomento.com\/index.php?rest_route=\/wp\/v2\/posts\/447727\/revisions"}],"predecessor-version":[{"id":447729,"href":"https:\/\/primermomento.com\/index.php?rest_route=\/wp\/v2\/posts\/447727\/revisions\/447729"}],"wp:featuredmedia":[{"embeddable":true,"href":"https:\/\/primermomento.com\/index.php?rest_route=\/wp\/v2\/media\/447728"}],"wp:attachment":[{"href":"https:\/\/primermomento.com\/index.php?rest_route=%2Fwp%2Fv2%2Fmedia&parent=447727"}],"wp:term":[{"taxonomy":"category","embeddable":true,"href":"https:\/\/primermomento.com\/index.php?rest_route=%2Fwp%2Fv2%2Fcategories&post=447727"},{"taxonomy":"post_tag","embeddable":true,"href":"https:\/\/primermomento.com\/index.php?rest_route=%2Fwp%2Fv2%2Ftags&post=447727"}],"curies":[{"name":"wp","href":"https:\/\/api.w.org\/{rel}","templated":true}]}}