{"id":447794,"date":"2025-07-25T06:58:47","date_gmt":"2025-07-25T10:58:47","guid":{"rendered":"https:\/\/primermomento.com\/?p=447794"},"modified":"2025-07-25T15:17:58","modified_gmt":"2025-07-25T19:17:58","slug":"concurso-busca-ideas-innovadoras-para-el-desarrollo-de-dominicana","status":"publish","type":"post","link":"https:\/\/primermomento.com\/?p=447794","title":{"rendered":"Concurso busca ideas innovadoras para el desarrollo de Dominicana"},"content":{"rendered":"<p><strong><em>Por <span style=\"color: #ff0000;\">Prensa Latina<\/span><\/em><\/strong><\/p>\n<p>SANTO DOMINGO, Rep\u00fablica Dominicana.- El Gobierno dominicano present\u00f3 \u00abRep\u00fablica de ideas\u00bb, un concurso que invita a proponer soluciones innovadoras para impulsar el desarrollo nacional rumbo al a\u00f1o 2036, enfocadas en educaci\u00f3n, MiPymes y agroindustria, trascendi\u00f3 hoy.<\/p>\n<div class=\"elementor-element elementor-element-0aea3a0 elementor-widget elementor-widget-theme-post-content\" data-id=\"0aea3a0\" data-element_type=\"widget\" data-widget_type=\"theme-post-content.default\">\n<div class=\"elementor-widget-container\">\n<p>El presidente Luis Abinader destac\u00f3 que esta plataforma abre la puerta a las ideas de todos los dominicanos y de extranjeros con residencia legal en el pa\u00eds.<\/p>\n<p>El concurso forma parte del plan estrat\u00e9gico Meta RD 2036, hoja de ruta para convertir a la Rep\u00fablica Dominicana en un pa\u00eds con alto nivel de desarrollo en los pr\u00f3ximos 10 a\u00f1os.<\/p>\n<p>Para ello, el gobierno busca duplicar el Producto Interno Bruto (PIB) y avanzar en reformas estructurales que promuevan una mayor equidad, calidad de vida y oportunidades.<\/p>\n<p>\u201c\u2026 No hay mayor s\u00edmbolo de patriotismo que una buena idea puesta al servicio de todos y todas\u201d, expres\u00f3 el jefe de Estado durante el lanzamiento de la iniciativa.<\/p>\n<p>El concurso es impulsado por el Gobierno, a trav\u00e9s de la Presidencia y el Consejo Nacional de Competitividad (CNC), en colaboraci\u00f3n con instituciones nacionales e internacionales.<\/p>\n<p>Peter A. Prazmowski, director ejecutivo del CNC, indic\u00f3 que \u201cun pa\u00eds competitivo necesita creatividad y soluciones aplicadas, ideas que combinen innovaci\u00f3n con impacto local\u201d.<\/p>\n<p>Las propuestas deben enfocarse en educaci\u00f3n, con proyectos para prevenir la deserci\u00f3n escolar, transformar la experiencia de aprendizaje y preparar mejor a la juventud; MiPymes, con soluciones que fortalezcan la competitividad y sostenibilidad de los negocios locales, y Agroindustria, con sugerencias encaminadas a modernizar la producci\u00f3n agr\u00edcola.<\/p>\n<\/div>\n<\/div>\n<div class=\"elementor-element elementor-element-4f75016 elementor-widget elementor-widget-post-info\" data-id=\"4f75016\" data-element_type=\"widget\" data-widget_type=\"post-info.default\">\n<div class=\"elementor-widget-container\">\n<ul class=\"elementor-inline-items elementor-icon-list-items elementor-post-info\">\n<li class=\"elementor-icon-list-item elementor-repeater-item-17dda3e elementor-inline-item\"><em><span class=\"elementor-icon-list-text elementor-post-info__item elementor-post-info__item--type-custom\">#<a href=\"https:\/\/primermomento.com\/?p=447794\" rel=\"tag\">concurso Rep\u00fablica de Ideas<\/a>\u00a0#<a href=\"https:\/\/primermomento.com\/?p=447794\" rel=\"tag\">desarrollo<\/a><\/span><\/em><\/li>\n<\/ul>\n<\/div>\n<\/div>\n","protected":false},"excerpt":{"rendered":"<p>Por Prensa Latina SANTO DOMINGO, Rep\u00fablica Dominicana.- El Gobierno dominicano present\u00f3 \u00abRep\u00fablica de ideas\u00bb, un concurso que invita a proponer soluciones innovadoras para impulsar el desarrollo nacional rumbo al a\u00f1o 2036, enfocadas en educaci\u00f3n, MiPymes y agroindustria, trascendi\u00f3 hoy. El presidente Luis Abinader destac\u00f3 que esta plataforma abre la puerta a las ideas de todos [&hellip;]<\/p>\n","protected":false},"author":1,"featured_media":447795,"comment_status":"open","ping_status":"open","sticky":false,"template":"","format":"standard","meta":{"_bbp_topic_count":0,"_bbp_reply_count":0,"_bbp_total_topic_count":0,"_bbp_total_reply_count":0,"_bbp_voice_count":0,"_bbp_anonymous_reply_count":0,"_bbp_topic_count_hidden":0,"_bbp_reply_count_hidden":0,"_bbp_forum_subforum_count":0,"footnotes":""},"categories":[35],"tags":[],"class_list":{"0":"post-447794","1":"post","2":"type-post","3":"status-publish","4":"format-standard","5":"has-post-thumbnail","7":"category-economia"},"_links":{"self":[{"href":"https:\/\/primermomento.com\/index.php?rest_route=\/wp\/v2\/posts\/447794","targetHints":{"allow":["GET"]}}],"collection":[{"href":"https:\/\/primermomento.com\/index.php?rest_route=\/wp\/v2\/posts"}],"about":[{"href":"https:\/\/primermomento.com\/index.php?rest_route=\/wp\/v2\/types\/post"}],"author":[{"embeddable":true,"href":"https:\/\/primermomento.com\/index.php?rest_route=\/wp\/v2\/users\/1"}],"replies":[{"embeddable":true,"href":"https:\/\/primermomento.com\/index.php?rest_route=%2Fwp%2Fv2%2Fcomments&post=447794"}],"version-history":[{"count":1,"href":"https:\/\/primermomento.com\/index.php?rest_route=\/wp\/v2\/posts\/447794\/revisions"}],"predecessor-version":[{"id":447796,"href":"https:\/\/primermomento.com\/index.php?rest_route=\/wp\/v2\/posts\/447794\/revisions\/447796"}],"wp:featuredmedia":[{"embeddable":true,"href":"https:\/\/primermomento.com\/index.php?rest_route=\/wp\/v2\/media\/447795"}],"wp:attachment":[{"href":"https:\/\/primermomento.com\/index.php?rest_route=%2Fwp%2Fv2%2Fmedia&parent=447794"}],"wp:term":[{"taxonomy":"category","embeddable":true,"href":"https:\/\/primermomento.com\/index.php?rest_route=%2Fwp%2Fv2%2Fcategories&post=447794"},{"taxonomy":"post_tag","embeddable":true,"href":"https:\/\/primermomento.com\/index.php?rest_route=%2Fwp%2Fv2%2Ftags&post=447794"}],"curies":[{"name":"wp","href":"https:\/\/api.w.org\/{rel}","templated":true}]}}