{"id":447913,"date":"2025-07-27T06:33:12","date_gmt":"2025-07-27T10:33:12","guid":{"rendered":"https:\/\/primermomento.com\/?p=447913"},"modified":"2025-07-28T07:10:12","modified_gmt":"2025-07-28T11:10:12","slug":"eeuu-y-union-europea-alcanzan-acuerdo-comercial","status":"publish","type":"post","link":"https:\/\/primermomento.com\/?p=447913","title":{"rendered":"EEUU y Uni\u00f3n Europea alcanzan acuerdo comercial"},"content":{"rendered":"<p><iframe loading=\"lazy\" title=\"Von der Leyen y Trump alcanzan un acuerdo comercial UE-EE.UU. con aranceles del 15%\" width=\"696\" height=\"392\" src=\"https:\/\/www.youtube.com\/embed\/lfXwrY-Qqi4?start=2&#038;feature=oembed\" frameborder=\"0\" allow=\"accelerometer; autoplay; clipboard-write; encrypted-media; gyroscope; picture-in-picture; web-share\" referrerpolicy=\"strict-origin-when-cross-origin\" allowfullscreen><\/iframe><\/p>\n<p><strong><em>Por <span style=\"color: #ff0000;\">Prensa Latina<\/span><\/em><\/strong><\/p>\n<p>Washington, EEUU.- Estados Unidos y la Uni\u00f3n Europea (UE) anunciaron hoy un marco comercial tras una reuni\u00f3n en Escocia entre el presidente Donald Trump y la jefa de la Comisi\u00f3n Europea, Ursula von der Leyen, destacan aqu\u00ed medios de prensa.<\/p>\n<div class=\"elementor-element elementor-element-0aea3a0 elementor-widget elementor-widget-theme-post-content\" data-id=\"0aea3a0\" data-element_type=\"widget\" data-widget_type=\"theme-post-content.default\">\n<div class=\"elementor-widget-container\">\n<p>Trump y von der Leyen informaron, desde el campo de golf del mandatario en Turnberry, sobre un acuerdo comercial que establece aranceles del 15 por ciento para los productos del bloque, incluidos los autom\u00f3viles.<\/p>\n<p><img loading=\"lazy\" decoding=\"async\" class=\"size-medium wp-image-447951 alignleft\" src=\"https:\/\/primermomento.com\/wp-content\/uploads\/2025\/07\/Von-der-Leyen-y-Trump-acuerdo-comercial-300x169.webp\" alt=\"\" width=\"300\" height=\"169\" srcset=\"https:\/\/primermomento.com\/wp-content\/uploads\/2025\/07\/Von-der-Leyen-y-Trump-acuerdo-comercial-300x169.webp 300w, https:\/\/primermomento.com\/wp-content\/uploads\/2025\/07\/Von-der-Leyen-y-Trump-acuerdo-comercial-1024x576.webp 1024w, https:\/\/primermomento.com\/wp-content\/uploads\/2025\/07\/Von-der-Leyen-y-Trump-acuerdo-comercial-768x432.webp 768w, https:\/\/primermomento.com\/wp-content\/uploads\/2025\/07\/Von-der-Leyen-y-Trump-acuerdo-comercial-696x392.webp 696w, https:\/\/primermomento.com\/wp-content\/uploads\/2025\/07\/Von-der-Leyen-y-Trump-acuerdo-comercial-1068x601.webp 1068w, https:\/\/primermomento.com\/wp-content\/uploads\/2025\/07\/Von-der-Leyen-y-Trump-acuerdo-comercial.webp 1536w\" sizes=\"auto, (max-width: 300px) 100vw, 300px\" \/>La UE comprar\u00e1 energ\u00eda estadounidense por valor de 750 mil millones de d\u00f3lares como parte del acuerdo, dijo Trump, y convino en invertir en Estados Unidos 600 mil millones de d\u00f3lares m\u00e1s que los fondos actuales en otros productos.<\/p>\n<p>El acuerdo es inferior al arancel del 30 por ciento que Trump hab\u00eda amenazado con imponer a la UE, el cual deb\u00eda entrar en vigor el pr\u00f3ximo 1 de agosto.<\/p>\n<p>Este paso aleja de momento el peligro de una guerra comercial con el principal socio comercial de Estados Unidos.<\/p>\n<p>Trump y von der Leyen resaltaron la importancia del pacto comercial durante su encuentro. \u00abCreo que es el acuerdo m\u00e1s grande jam\u00e1s alcanzado\u00bb, declar\u00f3 Trump.<\/p>\n<p>Por su parte, von der Leyen enfatiz\u00f3 que tienen \u201cun acuerdo comercial entre las dos econom\u00edas m\u00e1s grandes del mundo. Es un acuerdo importante, un acuerdo crucial, que traer\u00e1 estabilidad y previsibilidad\u201d. \u201cEs un buen acuerdo, pero tambi\u00e9n un acuerdo dif\u00edcil\u201d, subray\u00f3.<\/p>\n<p>La visita de Trump, descrita por la Casa Blanca como \u201cde trabajo\u201d, concluye el martes 29 de julio. Durante cinco d\u00edas el gobernante ha estado en sus propiedades en Turnberry y Aberdeen, lo que dar\u00e1 un impulso publicitario a sus campos de golf personales y a la marca de su familia.<\/p>\n<p>Ma\u00f1ana el presidente estadounidense sostendr\u00e1 un encuentro con el primer ministro brit\u00e1nico, Keir Starmer.<\/p>\n<\/div>\n<\/div>\n<div class=\"elementor-element elementor-element-4f75016 elementor-widget elementor-widget-post-info\" data-id=\"4f75016\" data-element_type=\"widget\" data-widget_type=\"post-info.default\">\n<div class=\"elementor-widget-container\">\n<ul class=\"elementor-inline-items elementor-icon-list-items elementor-post-info\">\n<li class=\"elementor-icon-list-item elementor-repeater-item-17dda3e elementor-inline-item\"><span class=\"elementor-icon-list-text elementor-post-info__item elementor-post-info__item--type-custom\">#<em><a href=\"https:\/\/primermomento.com\/?p=447913\" rel=\"tag\">Escocia<\/a><\/em><\/span><\/li>\n<\/ul>\n<\/div>\n<\/div>\n","protected":false},"excerpt":{"rendered":"<p>Por Prensa Latina Washington, EEUU.- Estados Unidos y la Uni\u00f3n Europea (UE) anunciaron hoy un marco comercial tras una reuni\u00f3n en Escocia entre el presidente Donald Trump y la jefa de la Comisi\u00f3n Europea, Ursula von der Leyen, destacan aqu\u00ed medios de prensa. Trump y von der Leyen informaron, desde el campo de golf del [&hellip;]<\/p>\n","protected":false},"author":1,"featured_media":447951,"comment_status":"open","ping_status":"open","sticky":false,"template":"","format":"video","meta":{"_bbp_topic_count":0,"_bbp_reply_count":0,"_bbp_total_topic_count":0,"_bbp_total_reply_count":0,"_bbp_voice_count":0,"_bbp_anonymous_reply_count":0,"_bbp_topic_count_hidden":0,"_bbp_reply_count_hidden":0,"_bbp_forum_subforum_count":0,"footnotes":""},"categories":[35,106],"tags":[],"class_list":{"0":"post-447913","1":"post","2":"type-post","3":"status-publish","4":"format-video","5":"has-post-thumbnail","7":"category-economia","8":"category-video-news","9":"post_format-post-format-video"},"_links":{"self":[{"href":"https:\/\/primermomento.com\/index.php?rest_route=\/wp\/v2\/posts\/447913","targetHints":{"allow":["GET"]}}],"collection":[{"href":"https:\/\/primermomento.com\/index.php?rest_route=\/wp\/v2\/posts"}],"about":[{"href":"https:\/\/primermomento.com\/index.php?rest_route=\/wp\/v2\/types\/post"}],"author":[{"embeddable":true,"href":"https:\/\/primermomento.com\/index.php?rest_route=\/wp\/v2\/users\/1"}],"replies":[{"embeddable":true,"href":"https:\/\/primermomento.com\/index.php?rest_route=%2Fwp%2Fv2%2Fcomments&post=447913"}],"version-history":[{"count":3,"href":"https:\/\/primermomento.com\/index.php?rest_route=\/wp\/v2\/posts\/447913\/revisions"}],"predecessor-version":[{"id":447952,"href":"https:\/\/primermomento.com\/index.php?rest_route=\/wp\/v2\/posts\/447913\/revisions\/447952"}],"wp:featuredmedia":[{"embeddable":true,"href":"https:\/\/primermomento.com\/index.php?rest_route=\/wp\/v2\/media\/447951"}],"wp:attachment":[{"href":"https:\/\/primermomento.com\/index.php?rest_route=%2Fwp%2Fv2%2Fmedia&parent=447913"}],"wp:term":[{"taxonomy":"category","embeddable":true,"href":"https:\/\/primermomento.com\/index.php?rest_route=%2Fwp%2Fv2%2Fcategories&post=447913"},{"taxonomy":"post_tag","embeddable":true,"href":"https:\/\/primermomento.com\/index.php?rest_route=%2Fwp%2Fv2%2Ftags&post=447913"}],"curies":[{"name":"wp","href":"https:\/\/api.w.org\/{rel}","templated":true}]}}