{"id":448269,"date":"2025-07-31T11:42:36","date_gmt":"2025-07-31T15:42:36","guid":{"rendered":"https:\/\/primermomento.com\/?p=448269"},"modified":"2025-07-31T12:53:49","modified_gmt":"2025-07-31T16:53:49","slug":"presidenta-de-mexico-anuncia-pausa-en-aranceles-de-eeuu","status":"publish","type":"post","link":"https:\/\/primermomento.com\/?p=448269","title":{"rendered":"Presidenta de M\u00e9xico anuncia pausa en aranceles de EEUU"},"content":{"rendered":"<p><em><strong>Por <span style=\"color: #ff0000;\">Prensa Latina<\/span><\/strong><\/em><\/p>\n<p>Ciudad de M\u00e9xico, M\u00c9XICO.- La presidenta de M\u00e9xico, Claudia Sheinbaum, inform\u00f3 hoy que su pa\u00eds evit\u00f3 el aumento de aranceles anunciado para ma\u00f1ana por Estados Unidos y logr\u00f3 90 d\u00edas para construir un acuerdo de largo plazo a partir del di\u00e1logo.<\/p>\n<div class=\"elementor-element elementor-element-0aea3a0 elementor-widget elementor-widget-theme-post-content\" data-id=\"0aea3a0\" data-element_type=\"widget\" data-widget_type=\"theme-post-content.default\">\n<div class=\"elementor-widget-container\">\n<p>\u201cTuvimos una muy buena llamada con el presidente de Estados Unidos, Donald Trump. Evitamos el aumento de aranceles anunciado para ma\u00f1ana y logramos 90 d\u00edas para construir un acuerdo de largo plazo a partir del di\u00e1logo\u201d, dijo la mandataria en X.<\/p>\n<p>A trav\u00e9s del mensaje en la red social, la jefa del Ejecutivo precis\u00f3 que estuvo acompa\u00f1ada durante las conversaciones por el canciller, Juan Ram\u00f3n de la Fuente; el secretario de Econom\u00eda, Marcelo Ebrard, y el subsecretario de Relaciones Exteriores para Am\u00e9rica del Norte, Roberto Velasco.<\/p>\n<p>Trump public\u00f3 el 12 de julio en la plataforma Truth Social una carta en la que anunci\u00f3 la aplicaci\u00f3n de aranceles del 30 por ciento a los productos de este pa\u00eds a partir de ma\u00f1ana, en respuesta a la \u201ccrisis del fentanilo\u201d, pese al reconocimiento por agencias norteamericanas de la ca\u00edda en ese flujo.<\/p>\n<p>Luego de negociaciones entre equipos de ambos pa\u00edses, Sheinbaum reiter\u00f3 el martes que esperaba llegar a un buen acuerdo con el vecino territorio del Norte, antes de la entrada en vigencia de las nuevas tarifas.<\/p>\n<\/div>\n<\/div>\n<div class=\"elementor-element elementor-element-4f75016 elementor-widget elementor-widget-post-info\" data-id=\"4f75016\" data-element_type=\"widget\" data-widget_type=\"post-info.default\">\n<div class=\"elementor-widget-container\">\n<ul class=\"elementor-inline-items elementor-icon-list-items elementor-post-info\">\n<li class=\"elementor-icon-list-item elementor-repeater-item-17dda3e elementor-inline-item\"><em><span class=\"elementor-icon-list-text elementor-post-info__item elementor-post-info__item--type-custom\">#<a href=\"https:\/\/primermomento.com\/?p=448269\" rel=\"tag\">aranceles<\/a>\u00a0#<a href=\"https:\/\/primermomento.com\/?p=448269\" rel=\"tag\">eeuu<\/a>\u00a0#<a href=\"https:\/\/primermomento.com\/?p=448269\" rel=\"tag\">M\u00e9xico<\/a>\u00a0#<a href=\"https:\/\/primermomento.com\/?p=448269\" rel=\"tag\">sheinbaum<\/a>\u00a0#<a href=\"https:\/\/primermomento.com\/?p=448269\" rel=\"tag\">trump<\/a><\/span><\/em><\/li>\n<\/ul>\n<\/div>\n<\/div>\n","protected":false},"excerpt":{"rendered":"<p>Por Prensa Latina Ciudad de M\u00e9xico, M\u00c9XICO.- La presidenta de M\u00e9xico, Claudia Sheinbaum, inform\u00f3 hoy que su pa\u00eds evit\u00f3 el aumento de aranceles anunciado para ma\u00f1ana por Estados Unidos y logr\u00f3 90 d\u00edas para construir un acuerdo de largo plazo a partir del di\u00e1logo. \u201cTuvimos una muy buena llamada con el presidente de Estados Unidos, [&hellip;]<\/p>\n","protected":false},"author":1,"featured_media":427491,"comment_status":"open","ping_status":"open","sticky":false,"template":"","format":"standard","meta":{"_bbp_topic_count":0,"_bbp_reply_count":0,"_bbp_total_topic_count":0,"_bbp_total_reply_count":0,"_bbp_voice_count":0,"_bbp_anonymous_reply_count":0,"_bbp_topic_count_hidden":0,"_bbp_reply_count_hidden":0,"_bbp_forum_subforum_count":0,"footnotes":""},"categories":[35],"tags":[],"class_list":{"0":"post-448269","1":"post","2":"type-post","3":"status-publish","4":"format-standard","5":"has-post-thumbnail","7":"category-economia"},"_links":{"self":[{"href":"https:\/\/primermomento.com\/index.php?rest_route=\/wp\/v2\/posts\/448269","targetHints":{"allow":["GET"]}}],"collection":[{"href":"https:\/\/primermomento.com\/index.php?rest_route=\/wp\/v2\/posts"}],"about":[{"href":"https:\/\/primermomento.com\/index.php?rest_route=\/wp\/v2\/types\/post"}],"author":[{"embeddable":true,"href":"https:\/\/primermomento.com\/index.php?rest_route=\/wp\/v2\/users\/1"}],"replies":[{"embeddable":true,"href":"https:\/\/primermomento.com\/index.php?rest_route=%2Fwp%2Fv2%2Fcomments&post=448269"}],"version-history":[{"count":1,"href":"https:\/\/primermomento.com\/index.php?rest_route=\/wp\/v2\/posts\/448269\/revisions"}],"predecessor-version":[{"id":448270,"href":"https:\/\/primermomento.com\/index.php?rest_route=\/wp\/v2\/posts\/448269\/revisions\/448270"}],"wp:featuredmedia":[{"embeddable":true,"href":"https:\/\/primermomento.com\/index.php?rest_route=\/wp\/v2\/media\/427491"}],"wp:attachment":[{"href":"https:\/\/primermomento.com\/index.php?rest_route=%2Fwp%2Fv2%2Fmedia&parent=448269"}],"wp:term":[{"taxonomy":"category","embeddable":true,"href":"https:\/\/primermomento.com\/index.php?rest_route=%2Fwp%2Fv2%2Fcategories&post=448269"},{"taxonomy":"post_tag","embeddable":true,"href":"https:\/\/primermomento.com\/index.php?rest_route=%2Fwp%2Fv2%2Ftags&post=448269"}],"curies":[{"name":"wp","href":"https:\/\/api.w.org\/{rel}","templated":true}]}}